{"id":9999,"date":"2012-09-10T10:37:37","date_gmt":"2012-09-10T10:37:37","guid":{"rendered":"https:\/\/archivioturi.lavocedelpaese.info\/index.php\/2012\/09\/10\/rapinato-un-giovane-turese\/"},"modified":"2012-09-10T10:37:37","modified_gmt":"2012-09-10T10:37:37","slug":"rapinato-un-giovane-turese","status":"publish","type":"post","link":"https:\/\/archivioturi.lavocedelpaese.info\/index.php\/2012\/09\/10\/rapinato-un-giovane-turese\/","title":{"rendered":"Rapinato un giovane turese"},"content":{"rendered":"<p style=\"text-align: justify;\"><img loading=\"lazy\" decoding=\"async\" class=\" size-full wp-image-9998\" src=\"https:\/\/archivioturi.lavocedelpaese.info\/wp-content\/uploads\/2012\/09\/Audi-A4.jpg\" width=\"320\" height=\"151\" alt=\"Audi-A4\" style=\"margin: 0px 3px;\" srcset=\"https:\/\/archivioturi.lavocedelpaese.info\/wp-content\/uploads\/2012\/09\/Audi-A4.jpg 640w, https:\/\/archivioturi.lavocedelpaese.info\/wp-content\/uploads\/2012\/09\/Audi-A4-300x142.jpg 300w\" sizes=\"auto, (max-width: 320px) 100vw, 320px\" \/><\/p>\n<p style=\"text-align: justify;\">Nella notte tra domenica e luned\u00ec scorso si \u00e8 consumata una rapina ai danni di un ragazzo turese. Il fatto \u00e8 accaduto in pieno centro a Turi intorno alle ore 4. Il ragazzo, dopo aver accompagnato un amico presso la sua abitazione, si era fermato presso una tabaccheria vicina per prelevare delle sigarette, quando due malviventi con il passamontagna si sono avvicinati alle sue spalle per rubargli l\u2019automobile, una Audi A4. Sembra che uno dei due delinquenti abbia afferrato la vittima alle spalle che sotto minaccia ha dovuto consegnare le chiavi dell\u2019automobile. In pochi secondi i due ladri sono saliti sull\u2019auto e sono fuggiti via in direzione Rutigliano. Il giovane subito dopo ha iniziato ad inveire ad alta voce contro i delinquenti. L\u2019amico che non abita molto distante, allarmato dalle urla, \u00e8 accorso subito sul posto per accertarsi della situazione. Insieme hanno tentato di rintracciare l\u2019automobile rubata in direzione Rutigliano ma \u00e8 stato inutile. Nel frattempo la vittima ha tentato di chiamare due volte il 112 quando al terzo tentativo \u00e8 riuscito a denunciare il fatto ai militari. Sono in corso indagini per risalire agli autori della rapina.&nbsp;<\/p>\n","protected":false},"excerpt":{"rendered":"<p style=\"text-align: justify;\"><img loading=\"lazy\" decoding=\"async\" class=\" size-full wp-image-9998\" src=\"https:\/\/archivioturi.lavocedelpaese.info\/wp-content\/uploads\/2012\/09\/Audi-A4.jpg\" width=\"320\" height=\"151\" alt=\"Audi-A4\" style=\"margin: 0px 3px;\" srcset=\"https:\/\/archivioturi.lavocedelpaese.info\/wp-content\/uploads\/2012\/09\/Audi-A4.jpg 640w, https:\/\/archivioturi.lavocedelpaese.info\/wp-content\/uploads\/2012\/09\/Audi-A4-300x142.jpg 300w\" sizes=\"auto, (max-width: 320px) 100vw, 320px\" \/><\/p>\n","protected":false},"author":1,"featured_media":9998,"comment_status":"open","ping_status":"closed","sticky":false,"template":"","format":"standard","meta":{"colormag_page_container_layout":"default_layout","colormag_page_sidebar_layout":"default_layout","footnotes":""},"categories":[8],"tags":[],"class_list":["post-9999","post","type-post","status-publish","format-standard","has-post-thumbnail","hentry","category-cronaca"],"_links":{"self":[{"href":"https:\/\/archivioturi.lavocedelpaese.info\/index.php\/wp-json\/wp\/v2\/posts\/9999","targetHints":{"allow":["GET"]}}],"collection":[{"href":"https:\/\/archivioturi.lavocedelpaese.info\/index.php\/wp-json\/wp\/v2\/posts"}],"about":[{"href":"https:\/\/archivioturi.lavocedelpaese.info\/index.php\/wp-json\/wp\/v2\/types\/post"}],"author":[{"embeddable":true,"href":"https:\/\/archivioturi.lavocedelpaese.info\/index.php\/wp-json\/wp\/v2\/users\/1"}],"replies":[{"embeddable":true,"href":"https:\/\/archivioturi.lavocedelpaese.info\/index.php\/wp-json\/wp\/v2\/comments?post=9999"}],"version-history":[{"count":0,"href":"https:\/\/archivioturi.lavocedelpaese.info\/index.php\/wp-json\/wp\/v2\/posts\/9999\/revisions"}],"wp:featuredmedia":[{"embeddable":true,"href":"https:\/\/archivioturi.lavocedelpaese.info\/index.php\/wp-json\/wp\/v2\/media\/9998"}],"wp:attachment":[{"href":"https:\/\/archivioturi.lavocedelpaese.info\/index.php\/wp-json\/wp\/v2\/media?parent=9999"}],"wp:term":[{"taxonomy":"category","embeddable":true,"href":"https:\/\/archivioturi.lavocedelpaese.info\/index.php\/wp-json\/wp\/v2\/categories?post=9999"},{"taxonomy":"post_tag","embeddable":true,"href":"https:\/\/archivioturi.lavocedelpaese.info\/index.php\/wp-json\/wp\/v2\/tags?post=9999"}],"curies":[{"name":"wp","href":"https:\/\/api.w.org\/{rel}","templated":true}]}}