{"id":9964,"date":"2012-09-01T06:29:53","date_gmt":"2012-09-01T06:29:53","guid":{"rendered":"https:\/\/archivioturi.lavocedelpaese.info\/index.php\/2012\/09\/01\/grande-affluenza-per-la-giornata-dei-migranti-e-dellintercultura\/"},"modified":"2012-09-01T06:29:53","modified_gmt":"2012-09-01T06:29:53","slug":"grande-affluenza-per-la-giornata-dei-migranti-e-dellintercultura","status":"publish","type":"post","link":"https:\/\/archivioturi.lavocedelpaese.info\/index.php\/2012\/09\/01\/grande-affluenza-per-la-giornata-dei-migranti-e-dellintercultura\/","title":{"rendered":"Grande affluenza per \u201cla Giornata dei migranti e dell\u2019intercultura\u201d"},"content":{"rendered":"<p style=\"text-align: justify;\"><img loading=\"lazy\" decoding=\"async\" class=\" size-full wp-image-9961\" style=\"margin: 0px 3px;\" src=\"https:\/\/archivioturi.lavocedelpaese.info\/wp-content\/uploads\/2012\/09\/migr1.JPG\" alt=\"migr1\" width=\"320\" height=\"150\" srcset=\"https:\/\/archivioturi.lavocedelpaese.info\/wp-content\/uploads\/2012\/09\/migr1.JPG 640w, https:\/\/archivioturi.lavocedelpaese.info\/wp-content\/uploads\/2012\/09\/migr1-300x141.jpg 300w\" sizes=\"auto, (max-width: 320px) 100vw, 320px\" \/><\/p>\n<p style=\"text-align: justify;\">Gioved\u00ec sera le strade del centro storico si sono affollate di gente che ha preso parte ai vari eventi in programmazione. Un incontro di grande spessore e interesse si \u00e8 svolto in piazza Gonnelli in occasione della \u201c<em>giornata dei migranti e dell\u2019interculturalit\u00e0<\/em>\u201d, che ha visto presenti le autorit\u00e0 locali, tra cui il Sindaco, Prof. <strong>Onofrio Resta<\/strong> , il Consigliere alla Cultura, <strong>Antonio Tateo<\/strong> e l\u2019Assessore ai Servizi Sociali, Dott.ssa <strong>Mariangela Volpicella<\/strong>.<\/p>\n<p style=\"text-align: justify;\"><img loading=\"lazy\" decoding=\"async\" class=\" alignright size-full wp-image-9962\" style=\"margin-top: 10px; margin-bottom: 10px; margin-left: 10px; float: right;\" src=\"https:\/\/archivioturi.lavocedelpaese.info\/wp-content\/uploads\/2012\/09\/migr2.JPG\" alt=\"migr2\" width=\"328\" height=\"246\" srcset=\"https:\/\/archivioturi.lavocedelpaese.info\/wp-content\/uploads\/2012\/09\/migr2.JPG 448w, https:\/\/archivioturi.lavocedelpaese.info\/wp-content\/uploads\/2012\/09\/migr2-300x225.jpg 300w\" sizes=\"auto, (max-width: 328px) 100vw, 328px\" \/>Sono intervenuti alla conversazione <strong>Domenico Coppi<\/strong>, presidente dell\u2019Associazione Turesi nel Mondo e <strong>Antonio Coletta<\/strong> dell\u2019Associazione Umanit\u00e0 Solidale Glocal, i quali hanno posto in evidenza i dati delle emigrazioni dei turesi nel mondo ed &nbsp;in particolar modo in Lussemburgo. Il dato pi\u00f9 interessante \u00e8 stato quello relativo al numero di persone che hanno deciso di mantenere la doppia cittadinanza, segno inconfutabile di un legame fortissimo con la propria terra.<\/p>\n<p style=\"text-align: justify;\">Ospiti dell\u2019incontro, immigrati ed emigrati che hanno presentato le loro \u201cstorie incrociate\u201d, evidenziando i problemi e le difficolt\u00e0 che hanno affrontato, ma le soddisfazioni e il successo che con tanti impegni e sacrifici sono arrivati ad ottenere. Tra i turesi che hanno deciso di intraprendere la propria carriera lavorativa all\u2019estero e che hanno riportato la propria testimonianza ci sono stati: Pietro Schettini, Francesco Maselli e Vito Lotito; tra gli stranieri che invece &nbsp;si sino affermati a Turi invece, \u00e8 stato presente Adem Shahini.<\/p>\n<p style=\"text-align: justify;\"><img loading=\"lazy\" decoding=\"async\" class=\" alignleft size-full wp-image-9963\" style=\"margin: 10px 10px 10px 0px; float: left;\" src=\"https:\/\/archivioturi.lavocedelpaese.info\/wp-content\/uploads\/2012\/09\/migr3.JPG\" alt=\"migr3\" width=\"328\" height=\"246\" srcset=\"https:\/\/archivioturi.lavocedelpaese.info\/wp-content\/uploads\/2012\/09\/migr3.JPG 448w, https:\/\/archivioturi.lavocedelpaese.info\/wp-content\/uploads\/2012\/09\/migr3-300x225.jpg 300w\" sizes=\"auto, (max-width: 328px) 100vw, 328px\" \/>Il percorso da via Gonnelli a Piazza Colapietro \u00e8 stato tracciato da una mostra di quadri, fotografie e cartelloni concernenti i diritti fondamentali che oggi in molte parti del mondo vengono ignorati. Questa mostra si \u00e8 svolta sotto la cura attenta del Centro <em>\u201cIncontrarsi a .. Sud\u201d<\/em> &nbsp;in collaborazione con i Padri Comboniani di Bari.<\/p>\n<p style=\"text-align: justify;\">Piazza Colapietro ha ospitato prima un Concerto di musica berbro-tuareg, dal nome \u201c<em>I profumi del deserto\u201d <\/em>e in seguito ha fatto da cornice al divertente spettacolo svoltosi rigorosamente in dialetto turese, a cura della compagnia teatrale amatoriale turese \u201cI discjad\u00ecs\u201d dal nome \u201c\u00d9 ferm\u00e0gge p\u00f9nde\u201d.<\/p>\n<p style=\"text-align: justify;\">La serata si \u00e8 conclusa con una poesia recitata da <strong>Domenico Borrelli<\/strong> il quale \u00e8 riuscito a raccontare in rima le storie delle persone che hanno vissuto nelle strade turesi, in particolar modo dall\u2019Arco Marchesale sino in Piazza S. Orlandi. Rilevante \u00e8 stata la frase conclusiva della poesia di Borrelli \u201cDo so n\u00e9t, e do voggj mr\u00ec\u201d.<\/p>\n","protected":false},"excerpt":{"rendered":"<p style=\"text-align: justify;\"><img loading=\"lazy\" decoding=\"async\" class=\" size-full wp-image-9961\" style=\"margin: 0px 3px;\" src=\"https:\/\/archivioturi.lavocedelpaese.info\/wp-content\/uploads\/2012\/09\/migr1.JPG\" alt=\"migr1\" width=\"320\" height=\"150\" srcset=\"https:\/\/archivioturi.lavocedelpaese.info\/wp-content\/uploads\/2012\/09\/migr1.JPG 640w, https:\/\/archivioturi.lavocedelpaese.info\/wp-content\/uploads\/2012\/09\/migr1-300x141.jpg 300w\" sizes=\"auto, (max-width: 320px) 100vw, 320px\" \/><\/p>\n","protected":false},"author":1,"featured_media":9961,"comment_status":"open","ping_status":"closed","sticky":false,"template":"","format":"standard","meta":{"colormag_page_container_layout":"default_layout","colormag_page_sidebar_layout":"default_layout","footnotes":""},"categories":[6],"tags":[],"class_list":["post-9964","post","type-post","status-publish","format-standard","has-post-thumbnail","hentry","category-cultura"],"_links":{"self":[{"href":"https:\/\/archivioturi.lavocedelpaese.info\/index.php\/wp-json\/wp\/v2\/posts\/9964","targetHints":{"allow":["GET"]}}],"collection":[{"href":"https:\/\/archivioturi.lavocedelpaese.info\/index.php\/wp-json\/wp\/v2\/posts"}],"about":[{"href":"https:\/\/archivioturi.lavocedelpaese.info\/index.php\/wp-json\/wp\/v2\/types\/post"}],"author":[{"embeddable":true,"href":"https:\/\/archivioturi.lavocedelpaese.info\/index.php\/wp-json\/wp\/v2\/users\/1"}],"replies":[{"embeddable":true,"href":"https:\/\/archivioturi.lavocedelpaese.info\/index.php\/wp-json\/wp\/v2\/comments?post=9964"}],"version-history":[{"count":0,"href":"https:\/\/archivioturi.lavocedelpaese.info\/index.php\/wp-json\/wp\/v2\/posts\/9964\/revisions"}],"wp:featuredmedia":[{"embeddable":true,"href":"https:\/\/archivioturi.lavocedelpaese.info\/index.php\/wp-json\/wp\/v2\/media\/9961"}],"wp:attachment":[{"href":"https:\/\/archivioturi.lavocedelpaese.info\/index.php\/wp-json\/wp\/v2\/media?parent=9964"}],"wp:term":[{"taxonomy":"category","embeddable":true,"href":"https:\/\/archivioturi.lavocedelpaese.info\/index.php\/wp-json\/wp\/v2\/categories?post=9964"},{"taxonomy":"post_tag","embeddable":true,"href":"https:\/\/archivioturi.lavocedelpaese.info\/index.php\/wp-json\/wp\/v2\/tags?post=9964"}],"curies":[{"name":"wp","href":"https:\/\/api.w.org\/{rel}","templated":true}]}}