{"id":9946,"date":"2012-08-30T06:45:32","date_gmt":"2012-08-30T06:45:32","guid":{"rendered":"https:\/\/archivioturi.lavocedelpaese.info\/index.php\/2012\/08\/30\/a-turi-il-masterclass-di-eva-mei\/"},"modified":"2012-08-30T06:45:32","modified_gmt":"2012-08-30T06:45:32","slug":"a-turi-il-masterclass-di-eva-mei","status":"publish","type":"post","link":"https:\/\/archivioturi.lavocedelpaese.info\/index.php\/2012\/08\/30\/a-turi-il-masterclass-di-eva-mei\/","title":{"rendered":"A Turi la Masterclass di Eva Mei"},"content":{"rendered":"<p style=\"text-align: justify;\"><img loading=\"lazy\" decoding=\"async\" class=\" size-full wp-image-9944\" style=\"margin: 0px 3px;\" src=\"https:\/\/archivioturi.lavocedelpaese.info\/wp-content\/uploads\/2012\/08\/eva-mei-1.JPG\" alt=\"eva mei 1\" width=\"320\" height=\"150\" srcset=\"https:\/\/archivioturi.lavocedelpaese.info\/wp-content\/uploads\/2012\/08\/eva-mei-1.JPG 640w, https:\/\/archivioturi.lavocedelpaese.info\/wp-content\/uploads\/2012\/08\/eva-mei-1-300x141.jpg 300w\" sizes=\"auto, (max-width: 320px) 100vw, 320px\" \/><\/p>\n<p style=\"text-align: justify;\">L\u2019accademia \u201cChi \u00e8 di scena!?\u201d di Ferdinando Redavid, in collaborazione con l\u2019assessorato alla Cultura della Provincia e con il Comune di Turi, ha organizzato il Master di Canto Lirico tenuto dal soprano Eva Mei.<\/p>\n<p style=\"text-align: justify;\">Eva Mei \u00e8 uno dei maggiori soprani dei nostri tempi oltre che una grande donna dotata di tanta umanit\u00e0.<\/p>\n<p style=\"text-align: justify;\">Alla fine del percorso, iniziato il 27 agosto e con conclusione prevista per il 31, ci sar\u00e0 presso Piazza Gonnelli il concerto finale dei ragazzi alle ore 20.00.<\/p>\n<p style=\"text-align: justify;\">Nel pomeriggio di mercoled\u00ec 29 agosto, presso la Sala Giunta del Comune di Turi, si \u00e8 tenuta la conferenza stampa.<\/p>\n<p style=\"text-align: justify;\">Antonio Tateo ha dichiarato: \u201cSiamo onorati della presenza di Eva Mei. Ringrazio Ferdinando Redavid. Stiamo investendo nella cultura e grazie alle associazioni locali che collaborano con il Comune. Ringrazio infine tutti gli sponsor che ci aiutano per questi eventi.\u201d<\/p>\n<p style=\"text-align: justify;\">I ringraziamenti di Ferdinando Redavid sono andati invece al maestro Lorenzo Salvatori, alla dott.ssa Maria Pia Iurlaro che ha curato la logistica e al pianista Aliberti. Abbiamo fatto qualche domanda al soprano.<\/p>\n<p style=\"text-align: justify;\"><strong><img loading=\"lazy\" decoding=\"async\" class=\" alignright size-full wp-image-9945\" style=\"margin-top: 10px; margin-bottom: 10px; margin-left: 10px; float: right;\" src=\"https:\/\/archivioturi.lavocedelpaese.info\/wp-content\/uploads\/2012\/08\/eva-mei.JPG\" alt=\"eva mei\" width=\"448\" height=\"336\" srcset=\"https:\/\/archivioturi.lavocedelpaese.info\/wp-content\/uploads\/2012\/08\/eva-mei.JPG 448w, https:\/\/archivioturi.lavocedelpaese.info\/wp-content\/uploads\/2012\/08\/eva-mei-300x225.jpg 300w\" sizes=\"auto, (max-width: 448px) 100vw, 448px\" \/>Cosa pensa degli allievi del master? <\/strong>&#8220;\u00c9 la prima volta che sono qui. Sono contenta dell\u2019organizzazione. La masterclass \u00e8 stata organizzata bene con professionalit\u00e0 sia per lo staff che per i ragazzi. C\u2019\u00e8 una grande qualit\u00e0 vocale, un notevole materiale vocale e grande seriet\u00e0, impegno, voglia di fare. I cantanti hanno proprio voglia di mettersi in gioco.<strong> <\/strong>In questo piccolo centro ho trovato qualit\u00e0 che altrove non ho trovato. L\u2019ultimo master l\u2019ho fatto a Torino&#8221;.<strong><\/strong><\/p>\n<p style=\"text-align: justify;\"><strong>Quale autore predilige? <\/strong>&#8220;Sono cresciuta a pane e Mozart. \u00c9 l\u2019autore pi\u00f9 giusto per la mia voce. Ho iniziato di l\u00ec. E\u2019 stato per me un bel campo di prova&#8221;.<strong><\/strong><\/p>\n<p style=\"text-align: justify;\"><strong>Per un giovane che voglia iniziare una carriera nelle nostre province del sud, secondo lei, ci sono pi\u00f9 svantaggi o vantaggi? <\/strong>&#8220;Sono di pi\u00f9 i vantaggi. Qui sento passione. Io sono Toscana. C\u2019\u00e8 una ragazza che ho conosciuto al master che era da una anno che non cantava. Mi ha detto che aveva questo fuoco dentro che non si \u00e8 mai spento. Forse noi siamo un po\u2019 pi\u00f9 freddini. Qui io trovo sentimento&#8221;.<strong><\/strong><\/p>\n<p style=\"text-align: justify;\"><strong>C\u2019\u00e8 qualche suo collega che stima particolarmente? <\/strong>&#8220;Il maestro De Candia. Abbiamo lavorato insieme per una Traviata&#8221;.<strong><\/strong><\/p>\n<p style=\"text-align: justify;\"><strong>Qual \u00e8 l\u2019opera pi\u00f9 gratificante che lei ha interpretato e che ama interpretare? <\/strong>&#8220;Violetta \u00e8 il personaggio che amo di pi\u00f9. \u00c9 un personaggio vero, \u00e8 una donna, sempre moderna, commovente.<strong> <\/strong>La Traviata \u00e8 &nbsp;l\u2019opera delle opere, il simbolo dell\u2019Italia&#8221;.<strong><\/strong><\/p>\n<p style=\"text-align: justify;\"><strong>Cosa direbbe ai ragazzi? <\/strong>&#8220;Di credere in se stessi. Avere dei sogni in cui credere \u00e8 importante. Tutto parte da noi. Se desideri una cosa prima o poi arriva. Per me \u00e8 stato cos\u00ec&#8221;.<strong><\/strong><\/p>\n<p style=\"text-align: justify;\"><strong>Cosa fa quando un suo allievo sbaglia? <\/strong>&#8220;A me piace quando una persona sbaglia. \u00c9 meglio sbagliare che non provarci. Bisogna buttarsi. Meglio fare che non fare. Ognuno di noi combatte tutta la vita con le proprie paure. Meglio aver fatto la stecca che non provare. Un insegnante \u00e8 anche un bravo psicologo. Il canto impegna la psiche. Quando canti ti metti a nudo. Oggi tutto si \u00e8 ridotto a internet. Non c\u2019\u00e8 la voglia di soffrire per qualcosa, di vivere intensamente. I ragazzi hanno bisogno di qualcuno che li sproni. \u00c9 un lavoro duro spiegare ma ci stiamo divertendo molto. Preferisco cantare due Traviate di seguito. Ricordiamoci che siamo prima persone e poi cantanti&#8221;.<strong><\/strong><\/p>\n<p style=\"text-align: justify;\"><strong>C\u2019\u00e8 un luogo della Puglia dove le piacerebbe esibirsi? <\/strong>&#8220;Si. La Cattedrale di Trani e Castel del Monte&#8221;.<strong><\/strong><\/p>\n","protected":false},"excerpt":{"rendered":"<p style=\"text-align: justify;\"><img loading=\"lazy\" decoding=\"async\" class=\" size-full wp-image-9944\" style=\"margin: 0px 3px;\" src=\"https:\/\/archivioturi.lavocedelpaese.info\/wp-content\/uploads\/2012\/08\/eva-mei-1.JPG\" alt=\"eva mei 1\" width=\"320\" height=\"150\" srcset=\"https:\/\/archivioturi.lavocedelpaese.info\/wp-content\/uploads\/2012\/08\/eva-mei-1.JPG 640w, https:\/\/archivioturi.lavocedelpaese.info\/wp-content\/uploads\/2012\/08\/eva-mei-1-300x141.jpg 300w\" sizes=\"auto, (max-width: 320px) 100vw, 320px\" \/><\/p>\n","protected":false},"author":1,"featured_media":9944,"comment_status":"open","ping_status":"closed","sticky":false,"template":"","format":"standard","meta":{"colormag_page_container_layout":"default_layout","colormag_page_sidebar_layout":"default_layout","footnotes":""},"categories":[6],"tags":[],"class_list":["post-9946","post","type-post","status-publish","format-standard","has-post-thumbnail","hentry","category-cultura"],"_links":{"self":[{"href":"https:\/\/archivioturi.lavocedelpaese.info\/index.php\/wp-json\/wp\/v2\/posts\/9946","targetHints":{"allow":["GET"]}}],"collection":[{"href":"https:\/\/archivioturi.lavocedelpaese.info\/index.php\/wp-json\/wp\/v2\/posts"}],"about":[{"href":"https:\/\/archivioturi.lavocedelpaese.info\/index.php\/wp-json\/wp\/v2\/types\/post"}],"author":[{"embeddable":true,"href":"https:\/\/archivioturi.lavocedelpaese.info\/index.php\/wp-json\/wp\/v2\/users\/1"}],"replies":[{"embeddable":true,"href":"https:\/\/archivioturi.lavocedelpaese.info\/index.php\/wp-json\/wp\/v2\/comments?post=9946"}],"version-history":[{"count":0,"href":"https:\/\/archivioturi.lavocedelpaese.info\/index.php\/wp-json\/wp\/v2\/posts\/9946\/revisions"}],"wp:featuredmedia":[{"embeddable":true,"href":"https:\/\/archivioturi.lavocedelpaese.info\/index.php\/wp-json\/wp\/v2\/media\/9944"}],"wp:attachment":[{"href":"https:\/\/archivioturi.lavocedelpaese.info\/index.php\/wp-json\/wp\/v2\/media?parent=9946"}],"wp:term":[{"taxonomy":"category","embeddable":true,"href":"https:\/\/archivioturi.lavocedelpaese.info\/index.php\/wp-json\/wp\/v2\/categories?post=9946"},{"taxonomy":"post_tag","embeddable":true,"href":"https:\/\/archivioturi.lavocedelpaese.info\/index.php\/wp-json\/wp\/v2\/tags?post=9946"}],"curies":[{"name":"wp","href":"https:\/\/api.w.org\/{rel}","templated":true}]}}