{"id":9831,"date":"2012-07-31T17:03:23","date_gmt":"2012-07-31T17:03:23","guid":{"rendered":"https:\/\/archivioturi.lavocedelpaese.info\/index.php\/2012\/07\/31\/relazione-del-consigliere-tateo-al-bilancio-2012\/"},"modified":"2012-07-31T17:03:23","modified_gmt":"2012-07-31T17:03:23","slug":"relazione-del-consigliere-tateo-al-bilancio-2012","status":"publish","type":"post","link":"https:\/\/archivioturi.lavocedelpaese.info\/index.php\/2012\/07\/31\/relazione-del-consigliere-tateo-al-bilancio-2012\/","title":{"rendered":"Relazione del Consigliere Tateo al Bilancio 2012"},"content":{"rendered":"<p>&nbsp;<img loading=\"lazy\" decoding=\"async\" class=\" size-full wp-image-7905\" src=\"https:\/\/archivioturi.lavocedelpaese.info\/wp-content\/uploads\/2012\/01\/Antonio-Tateo-1.jpg\" width=\"320\" height=\"150\" alt=\"Antonio Tateo 1\" style=\"margin: 0px 3px;\" srcset=\"https:\/\/archivioturi.lavocedelpaese.info\/wp-content\/uploads\/2012\/01\/Antonio-Tateo-1.jpg 640w, https:\/\/archivioturi.lavocedelpaese.info\/wp-content\/uploads\/2012\/01\/Antonio-Tateo-1-300x141.jpg 300w\" sizes=\"auto, (max-width: 320px) 100vw, 320px\" \/><\/p>\n<p>&nbsp;<\/p>\n<p>&nbsp;<\/p>\n<p>La redazione del<strong> Bilancio di Previsione 2012 del Comune di Turi <\/strong>ha risentito dei vari interventi normativi e soprattutto dalle disposizioni in materia di rispetto delle regole del patto di stabilit\u00e0 e in materia di Federalismo Fiscale Municipale.<strong> Le principali disposizioni normative che disciplinano il bilancio di previsione 2012 degli enti locali sono le seguenti: <\/strong>Dlgs 23\/2011 (federalismo municipale), D.L. 98\/2011 convertito nella legge 111\/2011 (manovra finanziaria), D.L. 138\/2011 convertito nella legge n. 148\/2011 (manovra finanziaria bis), D.L. 70\/2011 convertito nella legge 106\/2011 (decreto sviluppo), Dlgs 149\/2011 (sui premi e sanzioni), Dlgs 141\/2011 (modifiche e integrazioni al decreto legislativo 27 ottobre 2009, n. 150), Dlgs 118\/2011 (armonizzazione sistemi contabili), Legge 183\/2011 (di stabilit\u00e0 2012), D.L.201\/2011 convertito nella legge 214\/201, D.L. 216\/2011 (mille proroghe)<strong>, D.L. 16\/2012 convertito nella L. 44\/2012 (semplificazioni tributarie).<\/strong><\/p>\n<p><strong>Per l\u2019anno 2012 \u00e8 importante evidenziare i sostanziosi tagli a carico<\/strong><strong> di <\/strong>Province e <strong>Comuni superiori a 5000 abitanti<\/strong>, di cui all\u2019art.14, comma 2 del D.L. 31 maggio 2010, n.78; al decreto legge n. 201 dello 06\/12\/2011 e di cui all\u2019art.2 comma 183 della legge 191\/2009 di cui si \u00e8 tenuto conto ai fini della predisposizione della presente proposta di Bilancio di Previsione 2012\/2014;<\/p>\n<p><strong>La previsione del Fondo sperimentale di riequilibrio \u00e8 stata fatta in base alle previsioni ministeriali che tengono conto dei seguenti tagli: <\/strong>&#8211; Taglio D.L. 78\/2010 &#8211; art.14&nbsp; comma 2 &#8211; Taglio D.L. 201\/2011- art.28 commi 7 e 9 &#8211; Taglio maggior gettito IMU- art.13 comma 17 &#8211; D.L. 201\/2011 &#8211; Riduzione costi politica &#8211; art.2 comma 183 legge 191\/2009.<\/p>\n<p>Tali riduzioni hanno influito sugli equilibri della gestione di parte corrente del bilancio per cui anche per il 2012 si \u00e8 dovuto ricorrere alla possibilit\u00e0 di destinare quota parte delle entrate provenienti dagli oneri di urbanizzazione per il finanziamento della spesa corrente.<\/p>\n<p>Obiettivo della nostra Amministrazione Comunale \u00e8 di ridurre progressivamente l\u2019ammontare degli oneri destinati a finanziare la spesa corrente attraverso operazioni di costante monitoraggio e controllo della spesa. Tuttavia, alla luce di quanto sopra, il raggiungimento di tale obiettivo \u00e8 pi\u00f9 difficoltoso.<\/p>\n<p>Per l\u2019anno 2012, al fine di garantire il rispetto degli equilibri di parte corrente, la manovra di bilancio \u00e8 stata quindi principalmente predisposta come segue:<\/p>\n<ul>\n<li><strong>\u00b7&nbsp;&nbsp;&nbsp;&nbsp;&nbsp;&nbsp;&nbsp;&nbsp; <\/strong><strong>Istituzione dell\u2019IMU con approvazione delle aliquote e delle detrazioni cos\u00ec come previsto dagli<\/strong> articoli 8 e 9 del decreto legislativo 14 marzo 2011 n. 23, e art. 13 del D.L. 6 dicembre 2011 n. 201, convertito con modificazioni con la legge 22 dicembre 2011 n. 214, con i quali sono istituiti l\u2019imposta municipale propria, con anticipazione, in via sperimentale, a decorrere dall\u2019anno 2012 e fino al 2014, in tutti i comuni del territorio nazionale;<strong><\/strong><\/li>\n<li><strong>\u00b7&nbsp;&nbsp;&nbsp;&nbsp;&nbsp;&nbsp;&nbsp;<\/strong>&nbsp; Incremento dell\u2019addizionale IRPEF nella misura massima dello 0,8 per cento;<\/li>\n<li>\u00b7&nbsp;&nbsp;&nbsp;&nbsp;&nbsp;&nbsp;&nbsp;&nbsp; Incremento della tassa smaltimento rifiuti solidi urbani nella misura del 12,40 per cento;<\/li>\n<li>\u00b7&nbsp;&nbsp;&nbsp;&nbsp;&nbsp;&nbsp;&nbsp;&nbsp; Utilizzo degli oneri di urbanizzazione, come consentita dalla legge finanziaria 24 dicembre 2007, n. 244 e da ultimo dal decreto legge n. 225 del 29\/12\/2010 (decreto mille proroghe) convertito con legge n. 10 del 26\/02\/2011, ma tenendo in debito conto dell\u2019obiettivo, di cui sopra, e cio\u00e8 della riduzione dell\u2019utilizzo oneri destinati a finanziare la spesa corrente;<\/li>\n<li>\u00b7&nbsp;&nbsp;&nbsp;&nbsp;&nbsp;&nbsp;&nbsp;&nbsp; Attraverso il potenziamento dell\u2019attivit\u00e0 di recupero evasione, attivit\u00e0 che oggi, alla luce dei tagli e del federalismo fiscale (vedi Dlgs 14.03.2011, n.23), assume un ruolo fondamentale per gli equilibri del bilancio degli enti locali;<\/li>\n<li>\u00b7&nbsp;&nbsp;&nbsp;&nbsp;&nbsp;&nbsp;&nbsp;&nbsp; Attraverso tagli e razionalizzazione della spesa;<\/li>\n<\/ul>\n<p>Volendo entrare nel dettaglio della manovra di bilancio, l\u2019equilibrio di parte corrente del bilancio di previsione del corrente anno 2012 \u00e8 stato realizzato:<\/p>\n<ul>\n<li>\u00b7&nbsp;&nbsp;&nbsp;&nbsp;&nbsp;&nbsp;&nbsp;&nbsp; Utilizzando gli oneri di urbanizzazione diretti a finanziare la spesa corrente. Per l\u2019anno 2012 \u00e8 stato previsto di utilizzare oneri di urbanizzazione per un importo pari a \u20ac 393.717,56 (pari al 46,76 %) del totale degli oneri 2012);<\/li>\n<li>\u00b7&nbsp;&nbsp;&nbsp;&nbsp;&nbsp;&nbsp;&nbsp;&nbsp; Attraverso il potenziamento dell\u2019attivit\u00e0 di recupero evasione, con un progetto per mezzo del quale \u00e8 quindi possibile prevedere maggiori entrate tributarie, e ci\u00f2 in considerazione:<\/li>\n<\/ul>\n<p>&#8211;&nbsp;&nbsp;&nbsp;&nbsp;&nbsp;&nbsp; Della notevole quantit\u00e0 di oneri di urbanizzazione che ogni anno sono accertati dal Comune di Turi, che comportano riflessi sia TARSU sia ICI;<\/p>\n<p>&#8211;&nbsp;&nbsp;&nbsp;&nbsp;&nbsp;&nbsp; Dei controlli da compiere sulle aree fabbricabili ai fini ICI;<\/p>\n<p>&#8211;&nbsp;&nbsp;&nbsp;&nbsp;&nbsp;&nbsp; Dei controlli delle superfici da tassare ai fini TARSU, allo scopo di verificare il rispetto della superficie nella misura dell\u201980% della superficie catastale (art.70 comma 3 Dlgs 507\/93);<\/p>\n<p>&#8211;&nbsp;&nbsp;&nbsp;&nbsp;&nbsp;&nbsp; Dell\u2019attivit\u00e0 di liquidazione che ogni anno caratterizza circa il 5% del gettito ordinario dei maggiori tributi locali (TARSU e ICI);<\/p>\n<p>&#8211;&nbsp;&nbsp;&nbsp;&nbsp;&nbsp;&nbsp; Di tutte le altre tipologie di controlli da eseguire (immobili fittati e non denunciati ai fini tarsu, utilizzo delle superfici degli immobili non corrispondenti alla categoria di tassazione tarsu, ecc.)<\/p>\n<ul>\n<li>\u00b7&nbsp;&nbsp;&nbsp;&nbsp;&nbsp;&nbsp;&nbsp;&nbsp; Risparmi della spesa del personale conseguente ai pensionamenti e rispetto dei limiti sulle assunzioni di cui alla normativa vigente in materia. Per l\u2019anno 2012 \u00e8 stata inserita una previsione di spesa con una riduzione di spesa pari a \u20ac 42.179,23 rispetto al 2011;<\/li>\n<\/ul>\n<p>Per il resto sono state mantenute invariate le tariffe per beni e servizi e del pari come per gli anni gi\u00e0 trascorsi saranno adottati tutti i possibili accorgimenti volti a escludere l\u2019assunzione di nuovi mutui per finanziare opere pubbliche comunque programmate.<\/p>\n<p>Nello specifico nella manovra di bilancio 2012 sono state compiute le seguenti previsioni:<\/p>\n<ol>\n<li>Una riduzione della spesa correlata a tutti i servizi non obbligatori e\/o indispensabili, compreso i tagli di cui al D.L. 78\/2010;<\/li>\n<li>Una previsione di maggiori entrate derivanti da ICI da anni precedenti;<\/li>\n<li>Una previsione di maggiori entrate derivanti da TARSU a seguito dell\u2019incremento delle tariffe.<\/li>\n<\/ol>\n<p>In coerenza con le scelte programmatiche del 2012, la programmazione corrente parte dagli assunti sopra descritti e persegue obiettivi di sviluppo e d\u2019incremento dell\u2019autonomia finanziaria dell\u2019ente nel rispetto degli indirizzi generali di governo.<\/p>\n<p>Per quanto riguarda il Piano della valorizzazione e delle alienazioni immobiliari, l\u2019Amministrazione ha deliberato per l\u2019anno 2012 di proseguire nella valorizzazione del patrimonio immobiliare dell\u2019Ente come gi\u00e0 avviato nell\u2019anno 2011.&nbsp;<\/p>\n<p>Si confermano i programmi di valenza triennale che hanno raggiunto diversi livelli di attuazione e tendenti a perseguire:<\/p>\n<p>&#8211; riduzione della percentuale d\u2019incidenza dell\u2019indebitamento sulla spesa corrente;<\/p>\n<p>&#8211; valorizzazione delle entrate tributarie e del patrimonio, razionalizzazione delle spese correlate all\u2019erogazione di servizi;<\/p>\n<p>&#8211; riordino, ristrutturazione informatica, informatizzazione e digitalizzazione della struttura, con l\u2019obiettivo ultimo di migliorare la qualit\u00e0 dei servizi offerti e il rapporto ai cittadini.<\/p>\n<p>Le voci riguardanti la revisione della spesa e l\u2019ottimizzazione della stessa per i servizi \u201cnon comprimibili\u201d si trovano all\u2019interno del bilancio cos\u00ec come alcune idee concrete e realizzabili dopo l\u2019insediamento avvenuto poco pi\u00f9 di due mesi fa.<\/p>\n<p>I programmi assegnati a ogni settore trovano la loro fonte primaria nei programmi di quest\u2019Amministrazione e costituiscono esplicazione degli stessi e il naturale sviluppo di quanto ha costituito oggetto di programmazione e attuazione nel 2011 in ossequio alla \u201ccontinuit\u00e0 amministrativa\u201d\u2026<\/p>\n","protected":false},"excerpt":{"rendered":"<p>&nbsp;<img loading=\"lazy\" decoding=\"async\" class=\" size-full wp-image-7905\" src=\"https:\/\/archivioturi.lavocedelpaese.info\/wp-content\/uploads\/2012\/01\/Antonio-Tateo-1.jpg\" width=\"320\" height=\"150\" alt=\"Antonio Tateo 1\" style=\"margin: 0px 3px;\" srcset=\"https:\/\/archivioturi.lavocedelpaese.info\/wp-content\/uploads\/2012\/01\/Antonio-Tateo-1.jpg 640w, https:\/\/archivioturi.lavocedelpaese.info\/wp-content\/uploads\/2012\/01\/Antonio-Tateo-1-300x141.jpg 300w\" sizes=\"auto, (max-width: 320px) 100vw, 320px\" \/><\/p>\n<p>&nbsp;<\/p>\n","protected":false},"author":1,"featured_media":7905,"comment_status":"open","ping_status":"closed","sticky":false,"template":"","format":"standard","meta":{"colormag_page_container_layout":"default_layout","colormag_page_sidebar_layout":"default_layout","footnotes":""},"categories":[4],"tags":[],"class_list":["post-9831","post","type-post","status-publish","format-standard","has-post-thumbnail","hentry","category-politica"],"_links":{"self":[{"href":"https:\/\/archivioturi.lavocedelpaese.info\/index.php\/wp-json\/wp\/v2\/posts\/9831","targetHints":{"allow":["GET"]}}],"collection":[{"href":"https:\/\/archivioturi.lavocedelpaese.info\/index.php\/wp-json\/wp\/v2\/posts"}],"about":[{"href":"https:\/\/archivioturi.lavocedelpaese.info\/index.php\/wp-json\/wp\/v2\/types\/post"}],"author":[{"embeddable":true,"href":"https:\/\/archivioturi.lavocedelpaese.info\/index.php\/wp-json\/wp\/v2\/users\/1"}],"replies":[{"embeddable":true,"href":"https:\/\/archivioturi.lavocedelpaese.info\/index.php\/wp-json\/wp\/v2\/comments?post=9831"}],"version-history":[{"count":0,"href":"https:\/\/archivioturi.lavocedelpaese.info\/index.php\/wp-json\/wp\/v2\/posts\/9831\/revisions"}],"wp:featuredmedia":[{"embeddable":true,"href":"https:\/\/archivioturi.lavocedelpaese.info\/index.php\/wp-json\/wp\/v2\/media\/7905"}],"wp:attachment":[{"href":"https:\/\/archivioturi.lavocedelpaese.info\/index.php\/wp-json\/wp\/v2\/media?parent=9831"}],"wp:term":[{"taxonomy":"category","embeddable":true,"href":"https:\/\/archivioturi.lavocedelpaese.info\/index.php\/wp-json\/wp\/v2\/categories?post=9831"},{"taxonomy":"post_tag","embeddable":true,"href":"https:\/\/archivioturi.lavocedelpaese.info\/index.php\/wp-json\/wp\/v2\/tags?post=9831"}],"curies":[{"name":"wp","href":"https:\/\/api.w.org\/{rel}","templated":true}]}}