{"id":9795,"date":"2012-07-30T17:28:00","date_gmt":"2012-07-30T17:28:00","guid":{"rendered":"https:\/\/archivioturi.lavocedelpaese.info\/index.php\/2012\/07\/30\/lemilia-ringrazia-turi-a-breve-il-parmigiano\/"},"modified":"2012-07-30T17:28:00","modified_gmt":"2012-07-30T17:28:00","slug":"lemilia-ringrazia-turi-a-breve-il-parmigiano","status":"publish","type":"post","link":"https:\/\/archivioturi.lavocedelpaese.info\/index.php\/2012\/07\/30\/lemilia-ringrazia-turi-a-breve-il-parmigiano\/","title":{"rendered":"L\u2019Emilia ringrazia Turi. A breve il Parmigiano"},"content":{"rendered":"<p style=\"text-align: justify;\"><img loading=\"lazy\" decoding=\"async\" class=\" size-full wp-image-9793\" src=\"https:\/\/archivioturi.lavocedelpaese.info\/wp-content\/uploads\/2012\/07\/parmesan-Copia.JPG\" width=\"320\" height=\"150\" alt=\"parmesan - Copia\" style=\"margin: 0px 3px;\" \/><\/p>\n<p style=\"text-align: justify;\">Un ringraziamento ai turesi e alla solidariet\u00e0 dimostrata nei confronti della comunit\u00e0 emiliana \u00e8 giunta attraverso la Pro Loco, a tutti coloro che hanno partecipato e richiesto il Parmigiano Reggiano. Nell\u2019occasione, il referente del consorzio ha specificato che purtroppo non tutte le qualit\u00e0 e le stagionature richieste potranno essere evase, bens\u00ec sono disponibili solo forme di 20\/22 mesi di stagionatura.<\/p>\n<p style=\"text-align: justify;\">La Pro Loco di Turi, pertanto, sottolinea che chiunque non voglia pi\u00f9 ritirare la quantit\u00e0 o l\u2019ordine prenotato, pu\u00f2 richiedere i soldi lasciati in acconto. Purtroppo le disponibilit\u00e0 sono solo quelle indicate e saranno consegnate nella prossima settimana.<\/p>\n<p style=\"text-align: justify;\"><img loading=\"lazy\" decoding=\"async\" class=\" size-full wp-image-9794\" src=\"https:\/\/archivioturi.lavocedelpaese.info\/wp-content\/uploads\/2012\/07\/parmesan.JPG\" width=\"571\" height=\"800\" alt=\"parmesan\" style=\"margin: 0px 3px;\" srcset=\"https:\/\/archivioturi.lavocedelpaese.info\/wp-content\/uploads\/2012\/07\/parmesan.JPG 571w, https:\/\/archivioturi.lavocedelpaese.info\/wp-content\/uploads\/2012\/07\/parmesan-214x300.jpg 214w\" sizes=\"auto, (max-width: 571px) 100vw, 571px\" \/><\/p>\n","protected":false},"excerpt":{"rendered":"<p style=\"text-align: justify;\"><img loading=\"lazy\" decoding=\"async\" class=\" size-full wp-image-9793\" src=\"https:\/\/archivioturi.lavocedelpaese.info\/wp-content\/uploads\/2012\/07\/parmesan-Copia.JPG\" width=\"320\" height=\"150\" alt=\"parmesan - Copia\" style=\"margin: 0px 3px;\" \/><\/p>\n","protected":false},"author":1,"featured_media":9793,"comment_status":"open","ping_status":"closed","sticky":false,"template":"","format":"standard","meta":{"colormag_page_container_layout":"default_layout","colormag_page_sidebar_layout":"default_layout","footnotes":""},"categories":[7],"tags":[],"class_list":["post-9795","post","type-post","status-publish","format-standard","has-post-thumbnail","hentry","category-attualita"],"_links":{"self":[{"href":"https:\/\/archivioturi.lavocedelpaese.info\/index.php\/wp-json\/wp\/v2\/posts\/9795","targetHints":{"allow":["GET"]}}],"collection":[{"href":"https:\/\/archivioturi.lavocedelpaese.info\/index.php\/wp-json\/wp\/v2\/posts"}],"about":[{"href":"https:\/\/archivioturi.lavocedelpaese.info\/index.php\/wp-json\/wp\/v2\/types\/post"}],"author":[{"embeddable":true,"href":"https:\/\/archivioturi.lavocedelpaese.info\/index.php\/wp-json\/wp\/v2\/users\/1"}],"replies":[{"embeddable":true,"href":"https:\/\/archivioturi.lavocedelpaese.info\/index.php\/wp-json\/wp\/v2\/comments?post=9795"}],"version-history":[{"count":0,"href":"https:\/\/archivioturi.lavocedelpaese.info\/index.php\/wp-json\/wp\/v2\/posts\/9795\/revisions"}],"wp:featuredmedia":[{"embeddable":true,"href":"https:\/\/archivioturi.lavocedelpaese.info\/index.php\/wp-json\/wp\/v2\/media\/9793"}],"wp:attachment":[{"href":"https:\/\/archivioturi.lavocedelpaese.info\/index.php\/wp-json\/wp\/v2\/media?parent=9795"}],"wp:term":[{"taxonomy":"category","embeddable":true,"href":"https:\/\/archivioturi.lavocedelpaese.info\/index.php\/wp-json\/wp\/v2\/categories?post=9795"},{"taxonomy":"post_tag","embeddable":true,"href":"https:\/\/archivioturi.lavocedelpaese.info\/index.php\/wp-json\/wp\/v2\/tags?post=9795"}],"curies":[{"name":"wp","href":"https:\/\/api.w.org\/{rel}","templated":true}]}}