{"id":9777,"date":"2012-07-31T06:33:20","date_gmt":"2012-07-31T06:33:20","guid":{"rendered":"https:\/\/archivioturi.lavocedelpaese.info\/index.php\/2012\/07\/31\/qbasta-con-gli-slogan-elettorali-e-ora-di-cambiareq\/"},"modified":"2012-07-31T06:33:20","modified_gmt":"2012-07-31T06:33:20","slug":"qbasta-con-gli-slogan-elettorali-e-ora-di-cambiareq","status":"publish","type":"post","link":"https:\/\/archivioturi.lavocedelpaese.info\/index.php\/2012\/07\/31\/qbasta-con-gli-slogan-elettorali-e-ora-di-cambiareq\/","title":{"rendered":"&#8220;Basta con gli slogan elettorali, \u00e8 ora di cambiare!&#8221;"},"content":{"rendered":"<p><img loading=\"lazy\" decoding=\"async\" class=\" size-full wp-image-9776\" src=\"https:\/\/archivioturi.lavocedelpaese.info\/wp-content\/uploads\/2012\/07\/Ang-palm.JPG\" width=\"320\" height=\"151\" alt=\"Ang palm\" style=\"margin: 0px 3px;\" srcset=\"https:\/\/archivioturi.lavocedelpaese.info\/wp-content\/uploads\/2012\/07\/Ang-palm.JPG 640w, https:\/\/archivioturi.lavocedelpaese.info\/wp-content\/uploads\/2012\/07\/Ang-palm-300x141.jpg 300w\" sizes=\"auto, (max-width: 320px) 100vw, 320px\" \/><\/p>\n<p>Vorrei rispondere, in maniera sintetica e precisa, a quanto dichiarato la settimana scorsa su questo settimanale da Natalino Ventrella sul problema del verde pubblico.&nbsp;<\/p>\n<p>Se le condizioni della nostra villa sono in questo stato, considerato che abbiamo subito questo degrado, e non certo l&#8217;abbiamo causato, sarebbe pi\u00f9 giusto chiederlo al vecchio assessore all&#8217;agricoltura e al verde pubblico, piuttosto che a noi, e questo \u00e8 un dato di fatto, non chiacchiere. <b>A nostre spese<\/b>, io e il consigliere Tonio Palmisano e altre persone di buona volont\u00e0, ci siamo rimboccati le maniche e abbiamo irrigato le piante presenti non solo nella villa, ma anche nelle altre aree verdi di propriet\u00e0 del comune, per cercare di salvare quel che \u00e8 possibile, e questi sono fatti, non chiacchiere. Come buoni amministratori, io e il consigliere Palmisano ci siamo fermati nel fare le varie considerazioni sugli interventi da porre in essere per ripristinare la villa comunale, e dopo varie valutazioni abbiamo deciso di intervenire in maniera decisa nella sistemazione, adeguando l&#8217;impianto idrico e trapiantando vecchie aiuole e manto erboso con nuove piante.<\/p>\n<p>Per quanto concerne l&#8217;emungimento dell&#8217;acqua, siamo in contatto con la provincia per valutare la soluzione di trivellare un mini pozzo per risolvere definitivamente il problema &#8220;acqua&#8221;. Naturalmente ci tengo a precisare che per effettuare questi interventi \u00e9 necessario, per prima cosa, approvare il bilancio, e subito dopo inizieremo a lavorare in maniera concreta e senza perdere altro tempo. Per quanto riguarda la promozione dell&#8217;agricoltura, visto il momento difficile, anche in termini di carenza di personale qualificato, vogliamo promuovere corsi di formazione in modo da preparare i giovani al mondo agricolo in maniera seria e scrupolosa. Vogliamo valorizzare al massimo il nostro prodotto cercando di portare la ciliegia a livelli nazionali, dandone il giusto riconoscimento in termini di immagine e qualit\u00e0.<\/p>\n<p>Caro Natalino, non saremo amministratori navigati &#8220;come te!!&#8221;, ma in maniera seria e scrupolosa, ci stiamo impegnando ad individuare quelli che sono i problemi del verde pubblico e del settore trainante del nostro paese, ovvero l&#8217;agricoltura, mettendoci a disposizione di chiunque abbia bisogno, <b>senza nessun interesse personale perch\u00e9 NOI non ne abbiamo<\/b>. Non mi sento di dover prendere da te degli insegnamenti, anche perch\u00e9 non sei n\u00e9 un tecnico n\u00e9 tantomeno una persona che ha mai fatto qualcosa per la collettivit\u00e0&#8230; non ricordo una manifestazione o un intervento di tua iniziativa per la collettivit\u00e0, anche perch\u00e9, se la memoria non mi inganna, in 5 anni da consigliere comunale, ti sei presentato in consiglio solo il tempo necessario per confermare il gettone di presenza per poi alzarti e andar via, quindi&#8230;&#8230;.questi sono fatti, non parole. Se per caso mi ricordassi male, sarei ben lieto che tu mi illustrassi e dimostrassi il contrario. Circa le foto, non credo che potremo mai eguagliare il tuo record visto che , pur di comparire sul giornale, hai fatto una serie infinita di foto (anche quando sei andato a donare il sangue!!!!) con politici e non, che non hanno portato alcun beneficio a nessuno, forse solo al tuo repertorio fotografico, e questi sono fatti, non parole&#8230;&nbsp;<\/p>\n<p>Caro Natalino, prima di esprimere giudizi e commenti, inizia in prima persona ad adoperarti per la comunit\u00e0, in modo costruttivo, piuttosto che concentrarti a parlare a vanvera su tutto e niente. Noi siamo pronti ad ascoltarti e mettere in pratica i tuoi eventuali consigli se ci saranno e se ne hai di seri. Non facciamo sempre polemiche futili cerchiamo di collaborare in maniera costruttiva!! Si chiede molto? E se proprio la dobbiamo dire tutta, il verde pubblico, non \u00e8 neppure di mia competenza ma, superando gli individualismi, cerchiamo sempre di collaborare e operare sinergicamente!<\/p>\n<p align=\"right\">Cordialit\u00e0<\/p>\n<p align=\"right\"><i>Angelo Palmisano<\/i><\/p>\n","protected":false},"excerpt":{"rendered":"<p><img loading=\"lazy\" decoding=\"async\" class=\" size-full wp-image-9776\" src=\"https:\/\/archivioturi.lavocedelpaese.info\/wp-content\/uploads\/2012\/07\/Ang-palm.JPG\" width=\"320\" height=\"151\" alt=\"Ang palm\" style=\"margin: 0px 3px;\" srcset=\"https:\/\/archivioturi.lavocedelpaese.info\/wp-content\/uploads\/2012\/07\/Ang-palm.JPG 640w, https:\/\/archivioturi.lavocedelpaese.info\/wp-content\/uploads\/2012\/07\/Ang-palm-300x141.jpg 300w\" sizes=\"auto, (max-width: 320px) 100vw, 320px\" \/><\/p>\n","protected":false},"author":1,"featured_media":9776,"comment_status":"open","ping_status":"closed","sticky":false,"template":"","format":"standard","meta":{"colormag_page_container_layout":"default_layout","colormag_page_sidebar_layout":"default_layout","footnotes":""},"categories":[4],"tags":[],"class_list":["post-9777","post","type-post","status-publish","format-standard","has-post-thumbnail","hentry","category-politica"],"_links":{"self":[{"href":"https:\/\/archivioturi.lavocedelpaese.info\/index.php\/wp-json\/wp\/v2\/posts\/9777","targetHints":{"allow":["GET"]}}],"collection":[{"href":"https:\/\/archivioturi.lavocedelpaese.info\/index.php\/wp-json\/wp\/v2\/posts"}],"about":[{"href":"https:\/\/archivioturi.lavocedelpaese.info\/index.php\/wp-json\/wp\/v2\/types\/post"}],"author":[{"embeddable":true,"href":"https:\/\/archivioturi.lavocedelpaese.info\/index.php\/wp-json\/wp\/v2\/users\/1"}],"replies":[{"embeddable":true,"href":"https:\/\/archivioturi.lavocedelpaese.info\/index.php\/wp-json\/wp\/v2\/comments?post=9777"}],"version-history":[{"count":0,"href":"https:\/\/archivioturi.lavocedelpaese.info\/index.php\/wp-json\/wp\/v2\/posts\/9777\/revisions"}],"wp:featuredmedia":[{"embeddable":true,"href":"https:\/\/archivioturi.lavocedelpaese.info\/index.php\/wp-json\/wp\/v2\/media\/9776"}],"wp:attachment":[{"href":"https:\/\/archivioturi.lavocedelpaese.info\/index.php\/wp-json\/wp\/v2\/media?parent=9777"}],"wp:term":[{"taxonomy":"category","embeddable":true,"href":"https:\/\/archivioturi.lavocedelpaese.info\/index.php\/wp-json\/wp\/v2\/categories?post=9777"},{"taxonomy":"post_tag","embeddable":true,"href":"https:\/\/archivioturi.lavocedelpaese.info\/index.php\/wp-json\/wp\/v2\/tags?post=9777"}],"curies":[{"name":"wp","href":"https:\/\/api.w.org\/{rel}","templated":true}]}}