{"id":9756,"date":"2012-07-23T13:32:28","date_gmt":"2012-07-23T13:32:28","guid":{"rendered":"https:\/\/archivioturi.lavocedelpaese.info\/index.php\/2012\/07\/23\/il-senatore-coppi-nominato-consigliere-del-ministro-catania\/"},"modified":"2012-07-23T13:32:28","modified_gmt":"2012-07-23T13:32:28","slug":"il-senatore-coppi-nominato-consigliere-del-ministro-catania","status":"publish","type":"post","link":"https:\/\/archivioturi.lavocedelpaese.info\/index.php\/2012\/07\/23\/il-senatore-coppi-nominato-consigliere-del-ministro-catania\/","title":{"rendered":"Il Senatore Coppi nominato Consigliere del Ministro Catania"},"content":{"rendered":"<p style=\"text-align: justify;\"><img loading=\"lazy\" decoding=\"async\" class=\" size-full wp-image-9488\" src=\"https:\/\/archivioturi.lavocedelpaese.info\/wp-content\/uploads\/2012\/06\/Coppi-Tonino.png\" width=\"320\" height=\"150\" alt=\"Coppi-Tonino\" style=\"margin: 0px 3px;\" srcset=\"https:\/\/archivioturi.lavocedelpaese.info\/wp-content\/uploads\/2012\/06\/Coppi-Tonino.png 640w, https:\/\/archivioturi.lavocedelpaese.info\/wp-content\/uploads\/2012\/06\/Coppi-Tonino-300x141.png 300w\" sizes=\"auto, (max-width: 320px) 100vw, 320px\" \/><\/p>\n<p style=\"text-align: justify;\">Il ministro all\u2019Agricoltura Mario Catania ha nominato il Sen. Antonio Coppi suo Consigliere. La nomina scaturisce dall\u2019esperienza e dal lavoro che il Senatore ha posto al servizio delle istituzioni legate al mondo dell\u2019agricoltura. Basti pensare al Cra. \u201cSono molto soddisfatto \u2013 dichiara il Senatore \u2013 e spero di essere all\u2019altezza dell\u2019incarico ricevuto.\u201d <br \/>\u201cCercher\u00f2 di dare nuova forza all\u2019azione di governo e metter\u00f2 a disposizione la mia esperienza \u2013 ci dice Antonio Coppi &#8211; e spero di esserne all\u2019altezza. Vorrei alleviare una buona parte dei problemi che attanagliano l\u2019agricoltura italiana. Dobbiamo mettere un freno alle tante limitazioni burocratiche e dobbiamo puntare sulla qualit\u00e0 del made in Italy. \u00c8 l\u00ec la nostra forza e la strada per vincere nei mercati internazionali.\u201d<br \/>Senatore, ci dice per concludere due parole sullo stato di salute della nostra agricoltura al tempo della crisi? \u201cGravissimo. Meglio non parlarne e lavorare, lavorare e lavorare.\u201d<\/p>\n","protected":false},"excerpt":{"rendered":"<p style=\"text-align: justify;\"><img loading=\"lazy\" decoding=\"async\" class=\" size-full wp-image-9488\" src=\"https:\/\/archivioturi.lavocedelpaese.info\/wp-content\/uploads\/2012\/06\/Coppi-Tonino.png\" width=\"320\" height=\"150\" alt=\"Coppi-Tonino\" style=\"margin: 0px 3px;\" srcset=\"https:\/\/archivioturi.lavocedelpaese.info\/wp-content\/uploads\/2012\/06\/Coppi-Tonino.png 640w, https:\/\/archivioturi.lavocedelpaese.info\/wp-content\/uploads\/2012\/06\/Coppi-Tonino-300x141.png 300w\" sizes=\"auto, (max-width: 320px) 100vw, 320px\" \/><\/p>\n","protected":false},"author":1,"featured_media":9488,"comment_status":"open","ping_status":"closed","sticky":false,"template":"","format":"standard","meta":{"colormag_page_container_layout":"default_layout","colormag_page_sidebar_layout":"default_layout","footnotes":""},"categories":[4],"tags":[],"class_list":["post-9756","post","type-post","status-publish","format-standard","has-post-thumbnail","hentry","category-politica"],"_links":{"self":[{"href":"https:\/\/archivioturi.lavocedelpaese.info\/index.php\/wp-json\/wp\/v2\/posts\/9756","targetHints":{"allow":["GET"]}}],"collection":[{"href":"https:\/\/archivioturi.lavocedelpaese.info\/index.php\/wp-json\/wp\/v2\/posts"}],"about":[{"href":"https:\/\/archivioturi.lavocedelpaese.info\/index.php\/wp-json\/wp\/v2\/types\/post"}],"author":[{"embeddable":true,"href":"https:\/\/archivioturi.lavocedelpaese.info\/index.php\/wp-json\/wp\/v2\/users\/1"}],"replies":[{"embeddable":true,"href":"https:\/\/archivioturi.lavocedelpaese.info\/index.php\/wp-json\/wp\/v2\/comments?post=9756"}],"version-history":[{"count":0,"href":"https:\/\/archivioturi.lavocedelpaese.info\/index.php\/wp-json\/wp\/v2\/posts\/9756\/revisions"}],"wp:featuredmedia":[{"embeddable":true,"href":"https:\/\/archivioturi.lavocedelpaese.info\/index.php\/wp-json\/wp\/v2\/media\/9488"}],"wp:attachment":[{"href":"https:\/\/archivioturi.lavocedelpaese.info\/index.php\/wp-json\/wp\/v2\/media?parent=9756"}],"wp:term":[{"taxonomy":"category","embeddable":true,"href":"https:\/\/archivioturi.lavocedelpaese.info\/index.php\/wp-json\/wp\/v2\/categories?post=9756"},{"taxonomy":"post_tag","embeddable":true,"href":"https:\/\/archivioturi.lavocedelpaese.info\/index.php\/wp-json\/wp\/v2\/tags?post=9756"}],"curies":[{"name":"wp","href":"https:\/\/api.w.org\/{rel}","templated":true}]}}