{"id":9743,"date":"2012-07-23T13:49:53","date_gmt":"2012-07-23T13:49:53","guid":{"rendered":"https:\/\/archivioturi.lavocedelpaese.info\/index.php\/2012\/07\/23\/tarsu-un-aumento-che-fa-discutere\/"},"modified":"2012-07-23T13:49:53","modified_gmt":"2012-07-23T13:49:53","slug":"tarsu-un-aumento-che-fa-discutere","status":"publish","type":"post","link":"https:\/\/archivioturi.lavocedelpaese.info\/index.php\/2012\/07\/23\/tarsu-un-aumento-che-fa-discutere\/","title":{"rendered":"Tarsu: un aumento che fa discutere"},"content":{"rendered":"<p style=\"text-align: justify;\"><img loading=\"lazy\" decoding=\"async\" class=\" size-full wp-image-9556\" src=\"https:\/\/archivioturi.lavocedelpaese.info\/wp-content\/uploads\/2012\/07\/tarsu.jpg\" width=\"320\" height=\"150\" alt=\"tarsu\" style=\"margin: 0px 3px;\" \/><\/p>\n<p style=\"text-align: justify;\">\u00c8 arrivata la TARSU, imbucata nelle cassette postali dei cittadini turesi, con l&#8217;annunciata, e temuta, aliquota maggiorata pari al 12.4%.<\/p>\n<p style=\"text-align: justify;\">Ci si aspettava che il suo aumento fosse posticipato all&#8217;argomento del prossimo Consiglio Comunale, come per l&#8217;aliquota Irpef o Imu, ma non \u00e8 stato cos\u00ec. Forte il disappunto di tanti nostri concittadini, come quello espresso dal referente del Comitato cittadino &#8220;Turi Futura&#8221;, Carmine Catalano, che abbiamo raccolto questa settimana. &#8220;Ci auguravamo un aumento a scaglioni e nel tempo, oppure in base al reddito, non un&#8217;impennata cos\u00ec all&#8217;improvviso&#8221;. &#8220;Tale aumento &#8211; prosegue &#8211; colpisce soprattutto le famiglie che stentano ad arrivare a fine mese e che gi\u00e0 faticavano, negli anni passati, a pagare la tassa sui rifiuti&#8221;. &#8220;A Turi &#8211; aggiunge ancora amareggiato il signor Catalano &#8211; \u00e8 comune avere case grandi, acquistate anche da forestieri, per i suoi prezzi vantaggiosi, ma l&#8217;aumento del 12.4%, circa di 0,18 cent. al m<sup>2<\/sup>, \u00e8 un problema serio&#8221;. Conclude con l&#8217;augurio che l&#8217;Amministrazione non &#8220;applichi l&#8217;annunciato aumento del 100% dell&#8217;addizionale Irpef, ma che almeno attui un incremento iniziale del 50%&#8221;.<\/p>\n<p style=\"text-align: justify;\">Resta per\u00f2 a noi fare una considerazione. La quota Tarsu, che abbiamo ricevuto a casa \u00e8 con o senza Iva? Ci facciamo questa domanda perch\u00e8 leggendo le informazioni allegate ai quattro bollettini prestampati (3+1) non compare alcun riferimento all&#8217;Iva che, proprio in riferimento alla Tarsu e alle altre forme di tributi, non dovrebbe essere assogettata. Come lo stesso &#8216;Altroconsumo&#8217; espone, risale al 2009 la sentenza con la quale la Corte Costituzionale aveva prospettato ai contribuenti la possibilit\u00e0 di ottenere il rimborso di quanto indebitamente pagato. Sono seguiti anni di confusione, nei quali i Comuni sono andati avanti in ordine sparso nel concedere o no i rimborsi e nel continuare o no ad applicare l&#8217;Iva. Mentre diversi Giudici di pace e Commissioni tributarie si esprimevano in modo contraddittorio sulla questione, in risposta a ricorsi presentati dai singoli contribuenti. L&#8217;ultima sentenza della Corte di Cassazione (del 9 marzo 2012) fa nuovamente chiarezza su quanto non c\u2019era bisogno di ribadire ulteriormente: l\u2019Iva sulla Tarsu non \u00e8 dovuta perch\u00e9 si tratta di un tributo.&nbsp;<\/p>\n","protected":false},"excerpt":{"rendered":"<p style=\"text-align: justify;\"><img loading=\"lazy\" decoding=\"async\" class=\" size-full wp-image-9556\" src=\"https:\/\/archivioturi.lavocedelpaese.info\/wp-content\/uploads\/2012\/07\/tarsu.jpg\" width=\"320\" height=\"150\" alt=\"tarsu\" style=\"margin: 0px 3px;\" \/><\/p>\n","protected":false},"author":1,"featured_media":9556,"comment_status":"open","ping_status":"closed","sticky":false,"template":"","format":"standard","meta":{"colormag_page_container_layout":"default_layout","colormag_page_sidebar_layout":"default_layout","footnotes":""},"categories":[7],"tags":[],"class_list":["post-9743","post","type-post","status-publish","format-standard","has-post-thumbnail","hentry","category-attualita"],"_links":{"self":[{"href":"https:\/\/archivioturi.lavocedelpaese.info\/index.php\/wp-json\/wp\/v2\/posts\/9743","targetHints":{"allow":["GET"]}}],"collection":[{"href":"https:\/\/archivioturi.lavocedelpaese.info\/index.php\/wp-json\/wp\/v2\/posts"}],"about":[{"href":"https:\/\/archivioturi.lavocedelpaese.info\/index.php\/wp-json\/wp\/v2\/types\/post"}],"author":[{"embeddable":true,"href":"https:\/\/archivioturi.lavocedelpaese.info\/index.php\/wp-json\/wp\/v2\/users\/1"}],"replies":[{"embeddable":true,"href":"https:\/\/archivioturi.lavocedelpaese.info\/index.php\/wp-json\/wp\/v2\/comments?post=9743"}],"version-history":[{"count":0,"href":"https:\/\/archivioturi.lavocedelpaese.info\/index.php\/wp-json\/wp\/v2\/posts\/9743\/revisions"}],"wp:featuredmedia":[{"embeddable":true,"href":"https:\/\/archivioturi.lavocedelpaese.info\/index.php\/wp-json\/wp\/v2\/media\/9556"}],"wp:attachment":[{"href":"https:\/\/archivioturi.lavocedelpaese.info\/index.php\/wp-json\/wp\/v2\/media?parent=9743"}],"wp:term":[{"taxonomy":"category","embeddable":true,"href":"https:\/\/archivioturi.lavocedelpaese.info\/index.php\/wp-json\/wp\/v2\/categories?post=9743"},{"taxonomy":"post_tag","embeddable":true,"href":"https:\/\/archivioturi.lavocedelpaese.info\/index.php\/wp-json\/wp\/v2\/tags?post=9743"}],"curies":[{"name":"wp","href":"https:\/\/api.w.org\/{rel}","templated":true}]}}