{"id":9709,"date":"2012-07-18T10:00:41","date_gmt":"2012-07-18T10:00:41","guid":{"rendered":"https:\/\/archivioturi.lavocedelpaese.info\/index.php\/2012\/07\/18\/la-giunta-rispecchia-la-volonta-del-pdl\/"},"modified":"2012-07-18T10:00:41","modified_gmt":"2012-07-18T10:00:41","slug":"la-giunta-rispecchia-la-volonta-del-pdl","status":"publish","type":"post","link":"https:\/\/archivioturi.lavocedelpaese.info\/index.php\/2012\/07\/18\/la-giunta-rispecchia-la-volonta-del-pdl\/","title":{"rendered":"La giunta rispecchia la volont\u00e0 del PDL"},"content":{"rendered":"<p style=\"text-align: justify;\"><img loading=\"lazy\" decoding=\"async\" class=\" size-full wp-image-3787\" src=\"https:\/\/archivioturi.lavocedelpaese.info\/wp-content\/uploads\/2010\/12\/settanni.jpg\" width=\"320\" height=\"150\" alt=\"settanni\" style=\"margin: 0px 3px;\" \/><\/p>\n<p style=\"text-align: justify;\">Gigantelli ha combattuto in un mare tempestoso e ha grandi meriti; queste le parole di Giovanni Settanni vice coordinatore del PDL turese. Il signor Settanni ha risposto sull\u2019attuale situazione del PDL turese e non, ma anche sui primi mesi dell&#8217;amministrazione Resta.<\/p>\n<p style=\"text-align: justify;\"><strong>Come Pdl come giudicate la formazione della giunta? Si poteva fare meglio?<\/strong><\/p>\n<p style=\"text-align: justify;\">La formazione della giunta rispecchia la volont\u00e0 politica espressa dal PDL. Il PDL \u00e8 stato capace di compiere nelle sue scelte pre-elettorali una coraggiosa scelta di discontinuit\u00e0 ,non politica ,ma di litigiosit\u00e0. La scelta \u00e8 stata difficile e non umanamente facile,ma,in politica come nella vita bisogna avere il coraggio di prendere delle decisioni difficile e anche far pesare errori. Personalmente era anche giusto far capire il grande lavoro politico &#8211; amministrativo del Sindaco Gigantelli che ha dovuto combattere in un mare tempestoso e suoi grandi meriti,ancora un po\u2019 disconosciuti.<\/p>\n<p style=\"text-align: justify;\"><strong>Come giudicate l&#8217;operato dell&#8217;amministrazione in questi primi mesi?<\/strong><\/p>\n<p style=\"text-align: justify;\">L&#8217;amministrazione in questi primi mesi si \u00e8 mossa bene, anche se non \u00e8 un momento facile, Roma &#8220;taglia&#8221;sempre pi\u00f9&#8230;.. ed amministrare non \u00e8 facile. Il lavoro \u00e8 lungo, bisogna mettersi a testa in gi\u00f9 e pedalare<\/p>\n<p style=\"text-align: justify;\"><strong>Come si sta riorganizzando il Pdl turese, con quale struttura?<\/strong><\/p>\n<p style=\"text-align: justify;\">Il pdl turese come tutte le segreterie comunali del pdl pugliese sar\u00e0 commissariata. A Turi il nuovo commissario sar\u00e0, giustamente, Michele Boccardi. Personalmente non cambia niente io prima di essere un dirigente sono un militante,la politica la si fa anche senza titoli.<\/p>\n<p style=\"text-align: justify;\"><strong>Il partito sta organizzando qualche iniziativa per le prossime settimane\/mesi?<\/strong><\/p>\n<p style=\"text-align: justify;\">Le prossime battaglie sono la nuova legge elettorale, che giustamente deve ridare il &#8220;potere&#8221;della scelta ai cittadini e l&#8217;elezione diretta del Presidente della Repubblica.<\/p>\n<p style=\"text-align: justify;\">Un altro importantissimo appuntamento saranno le primarie del centrodestra, per noi saranno le prime.<\/p>\n<p style=\"text-align: justify;\"><strong>Cosa ne pensa dell&#8217;organizzazione del movimento di Mercieri? Sembrerebbe molto simile a quello di Grillo, che ne pensa?<\/strong><\/p>\n<p style=\"text-align: justify;\">Mercieri come Grillo non lo vedo proprio.Il grillismo ,per me,\u00e8 il classico movimento antipolitico italiano. Ricordo che il primo che cavalcava il malessere del popolo, l&#8217;doio verso la partitocrazia,\u00e8 stato un certo Benito Mussolini,anche con la nascita della Repubblica ci sono stati questi movimenti, dall&#8217; &#8220;L&#8217;uomo Qualunque&#8221; di Giannini, all&#8217; &#8220;Unione Democratica per la Nuova Repubblica&#8221; di Radolfo Pacciardi, per finire con la Lega Nord di Bossi e l&#8217;iniziale Forza Italia.<\/p>\n<p style=\"text-align: justify;\">Ritornando, nel nostro piccolo, Mercieri, ha tentato la scalata, ma secondo me ha fatto degli errori di percorso, sopratutto verso la fine, quando si \u00e8 abbracciato politicamente a uno spezzone del Pdl, ricco di parole ma povero di voti. Comunque non \u00e8 solamente colpa sua ma dei suoi &#8220;consigliori&#8221;, si \u00e8 leader anche in quello, saper scegliere le persone giuste che di devono affiancare.<\/p>\n<p style=\"text-align: justify;\">Comunque Mercieri lo ritenevo e lo ritengo una persona perbene \u00e8 molto capace sotto il punto di vista tecnico-amministrativo li manca un p\u00f2 di scaltrezza politica.<\/p>\n<p style=\"text-align: justify;\"><strong>Le anime diverse e in forte contrapposizione all&#8217;interno del PDL turese, sono un male per il partito? Non ci si dovrebbe riunire sotto un&#8217;unica bandiera per il bene di Turi?<\/strong><\/p>\n<p style=\"text-align: justify;\">Non posso rispondere, perch\u00e8 con i fantasmi non si riesce a parlare. Fanno un p\u00f2 di chiasso a Bari nelle riunioni del direttivo provinciale, ma a Turi tutto tace, tranne sogni pindarici di un passato che non torner\u00e0.<\/p>\n<p style=\"text-align: justify;\">Vorrei ricordare che a Turi il Pdl ha vinto, anche senza di loro, anzi, posso dire con sincerit\u00e0, forse, sopratutto per quello!<\/p>\n","protected":false},"excerpt":{"rendered":"<p style=\"text-align: justify;\"><img loading=\"lazy\" decoding=\"async\" class=\" size-full wp-image-3787\" src=\"https:\/\/archivioturi.lavocedelpaese.info\/wp-content\/uploads\/2010\/12\/settanni.jpg\" width=\"320\" height=\"150\" alt=\"settanni\" style=\"margin: 0px 3px;\" \/><\/p>\n","protected":false},"author":1,"featured_media":3787,"comment_status":"open","ping_status":"closed","sticky":false,"template":"","format":"standard","meta":{"colormag_page_container_layout":"default_layout","colormag_page_sidebar_layout":"default_layout","footnotes":""},"categories":[4],"tags":[],"class_list":["post-9709","post","type-post","status-publish","format-standard","has-post-thumbnail","hentry","category-politica"],"_links":{"self":[{"href":"https:\/\/archivioturi.lavocedelpaese.info\/index.php\/wp-json\/wp\/v2\/posts\/9709","targetHints":{"allow":["GET"]}}],"collection":[{"href":"https:\/\/archivioturi.lavocedelpaese.info\/index.php\/wp-json\/wp\/v2\/posts"}],"about":[{"href":"https:\/\/archivioturi.lavocedelpaese.info\/index.php\/wp-json\/wp\/v2\/types\/post"}],"author":[{"embeddable":true,"href":"https:\/\/archivioturi.lavocedelpaese.info\/index.php\/wp-json\/wp\/v2\/users\/1"}],"replies":[{"embeddable":true,"href":"https:\/\/archivioturi.lavocedelpaese.info\/index.php\/wp-json\/wp\/v2\/comments?post=9709"}],"version-history":[{"count":0,"href":"https:\/\/archivioturi.lavocedelpaese.info\/index.php\/wp-json\/wp\/v2\/posts\/9709\/revisions"}],"wp:featuredmedia":[{"embeddable":true,"href":"https:\/\/archivioturi.lavocedelpaese.info\/index.php\/wp-json\/wp\/v2\/media\/3787"}],"wp:attachment":[{"href":"https:\/\/archivioturi.lavocedelpaese.info\/index.php\/wp-json\/wp\/v2\/media?parent=9709"}],"wp:term":[{"taxonomy":"category","embeddable":true,"href":"https:\/\/archivioturi.lavocedelpaese.info\/index.php\/wp-json\/wp\/v2\/categories?post=9709"},{"taxonomy":"post_tag","embeddable":true,"href":"https:\/\/archivioturi.lavocedelpaese.info\/index.php\/wp-json\/wp\/v2\/tags?post=9709"}],"curies":[{"name":"wp","href":"https:\/\/api.w.org\/{rel}","templated":true}]}}