{"id":9662,"date":"2012-07-16T08:58:22","date_gmt":"2012-07-16T08:58:22","guid":{"rendered":"https:\/\/archivioturi.lavocedelpaese.info\/index.php\/2012\/07\/16\/santoronzo-renga-e-non-solo\/"},"modified":"2012-07-16T08:58:22","modified_gmt":"2012-07-16T08:58:22","slug":"santoronzo-renga-e-non-solo","status":"publish","type":"post","link":"https:\/\/archivioturi.lavocedelpaese.info\/index.php\/2012\/07\/16\/santoronzo-renga-e-non-solo\/","title":{"rendered":"Sant&#8217;Oronzo: Renga e &#8230; non solo"},"content":{"rendered":"<p style=\"text-align: justify;\"><img loading=\"lazy\" decoding=\"async\" class=\" size-full wp-image-9634\" src=\"https:\/\/archivioturi.lavocedelpaese.info\/wp-content\/uploads\/2012\/07\/renga.jpg\" width=\"320\" height=\"151\" alt=\"renga\" style=\"margin: 0px 3px;\" srcset=\"https:\/\/archivioturi.lavocedelpaese.info\/wp-content\/uploads\/2012\/07\/renga.jpg 640w, https:\/\/archivioturi.lavocedelpaese.info\/wp-content\/uploads\/2012\/07\/renga-300x141.jpg 300w\" sizes=\"auto, (max-width: 320px) 100vw, 320px\" \/><\/p>\n<p style=\"text-align: justify;\">Siamo solo ai primi giorni di luglio, ma gi\u00e0 a Turi si respira l&#8217;aria di attesa e di curiosit\u00e0 attorno alla nostra famosa ed invidiata festa di Sant&#8217;Oronzo. E mentre gi\u00e0 si contano i primi arrivi vacanzieri e si boccheggia per affrontare queste giornate di calura, \u00e8 sui social network che si assiste al primo round dei commenti sulla &#8220;festa grande&#8221;.<\/p>\n<p style=\"text-align: justify;\">Le prime e pi\u00f9 grandi curiosit\u00e0, assieme alle prime voci sono state spente gi\u00e0 nel pomeriggio di luned\u00ec scorso quando \u00e8 stata data conferma della presenza di Francesco Renga che, con la sua invidiabile voce chiuder\u00e0 le serate di festa patronale.<\/p>\n<p style=\"text-align: justify;\">Ecco che come ogni anno, apprezzamenti che incontrano delusioni si fanno strada sia sul nostro forum che sulle stesse pagine di facebook dove tanti utenti forestieri si stanno gi\u00e0 prenotando ed attivando per non perdere questa fantastica opportunit\u00e0.<\/p>\n<p style=\"text-align: justify;\">Noi stessi, all&#8217;annuncio della notizia sul sito turiweb.it ci siamo per\u00f2 posti la domanda della location che quest&#8217;anno il Comitato Feste Patronali impiegher\u00e0 per allestire il grande palco ed accogliere i tantissimi fan e curiosi del cantautore udinese.<\/p>\n<p style=\"text-align: justify;\">Sorvolando solo qualche anno, la maggior parte dei concerti si \u00e8 svolta presso l&#8217;ormai noto e chiacchierato Largo Pozzi che, come tutti i nostri lettori sanno, \u00e8 da circa un anno interessato da lavori e quindi chiuso. Nelle ultime settimane, una piccola parte dello stesso \u00e8 stato liberato, ma non crediamo che possa essere sufficiente per ospitare il grande numero di fan per la serata del 28 agosto. Allora che si far\u00e0?<\/p>\n<p style=\"text-align: justify;\">Sappiamo che sar\u00e0 fornita in questi giorni la risposta definitiva della Sovrintendenza che decreter\u00e0 la possibilit\u00e0 di proseguire i lavori nella zona oppure un nuovo blocco e un&#8217;ennesima ricerca di spazio alternativo. Pertanto non ci si pu\u00f2 sbilanciare sulla possibilit\u00e0 di Largo Pozzi.<\/p>\n<p style=\"text-align: justify;\">Vagliando altre zone di Turi, in tanti ricordano lo spettacolo offerto all&#8217;incrocio di via Putignano\/Conversano, quello adiacente al Palazzo Marchesale, come anche alcuni concerti presso il Largo di San Giovanni. In entrambi i casi, per\u00f2, lo spazio per poter ospitare gli intervenuti \u00e8 effettivamente ridotto rispetto a quello possibile a Largo Pozzi. Soluzioni alternative?<\/p>\n<p style=\"text-align: justify;\">Noi avanziamo l&#8217;ipotesi o comunque una nostra proposta al Comitato Feste Patronali e alla stessa Amministrazione di Turi. Poich\u00e8, idea del Comitato, \u00e8 creare una Festa patronale in cui ogni &#8220;zona&#8221; dedicata alla festa sia attigua l&#8217;una all&#8217;altra, perch\u00e8, con un piccolo sforzo, non porre delle luminarie anche lungo via Casamassima e definire la piazza E. Dalfino (nei pressi dell&#8217;ITC), come location per giostre e concerto? Utile sarebbe migliorare il campo adiacente, per permettere anche l&#8217;aumento dello spazio di parcheggio che in quella zona \u00e8 maggiore e chiudere via Casamassima al transito automobilistico, deviato cos\u00ec in altre strade. Poter giungere a Turi e parcheggiare in quella zona la propria vettura proseguendo a piedi, magari permettendo anche alle attivit\u00e0 commerciali della stessa via di avere maggiore visibilit\u00e0 e poter quindi ampliare a una bella fetta della cittadina la Festa del Santo Patrono.<\/p>\n","protected":false},"excerpt":{"rendered":"<p style=\"text-align: justify;\"><img loading=\"lazy\" decoding=\"async\" class=\" size-full wp-image-9634\" src=\"https:\/\/archivioturi.lavocedelpaese.info\/wp-content\/uploads\/2012\/07\/renga.jpg\" width=\"320\" height=\"151\" alt=\"renga\" style=\"margin: 0px 3px;\" srcset=\"https:\/\/archivioturi.lavocedelpaese.info\/wp-content\/uploads\/2012\/07\/renga.jpg 640w, https:\/\/archivioturi.lavocedelpaese.info\/wp-content\/uploads\/2012\/07\/renga-300x141.jpg 300w\" sizes=\"auto, (max-width: 320px) 100vw, 320px\" \/><\/p>\n","protected":false},"author":1,"featured_media":9634,"comment_status":"open","ping_status":"closed","sticky":false,"template":"","format":"standard","meta":{"colormag_page_container_layout":"default_layout","colormag_page_sidebar_layout":"default_layout","footnotes":""},"categories":[7],"tags":[],"class_list":["post-9662","post","type-post","status-publish","format-standard","has-post-thumbnail","hentry","category-attualita"],"_links":{"self":[{"href":"https:\/\/archivioturi.lavocedelpaese.info\/index.php\/wp-json\/wp\/v2\/posts\/9662","targetHints":{"allow":["GET"]}}],"collection":[{"href":"https:\/\/archivioturi.lavocedelpaese.info\/index.php\/wp-json\/wp\/v2\/posts"}],"about":[{"href":"https:\/\/archivioturi.lavocedelpaese.info\/index.php\/wp-json\/wp\/v2\/types\/post"}],"author":[{"embeddable":true,"href":"https:\/\/archivioturi.lavocedelpaese.info\/index.php\/wp-json\/wp\/v2\/users\/1"}],"replies":[{"embeddable":true,"href":"https:\/\/archivioturi.lavocedelpaese.info\/index.php\/wp-json\/wp\/v2\/comments?post=9662"}],"version-history":[{"count":0,"href":"https:\/\/archivioturi.lavocedelpaese.info\/index.php\/wp-json\/wp\/v2\/posts\/9662\/revisions"}],"wp:featuredmedia":[{"embeddable":true,"href":"https:\/\/archivioturi.lavocedelpaese.info\/index.php\/wp-json\/wp\/v2\/media\/9634"}],"wp:attachment":[{"href":"https:\/\/archivioturi.lavocedelpaese.info\/index.php\/wp-json\/wp\/v2\/media?parent=9662"}],"wp:term":[{"taxonomy":"category","embeddable":true,"href":"https:\/\/archivioturi.lavocedelpaese.info\/index.php\/wp-json\/wp\/v2\/categories?post=9662"},{"taxonomy":"post_tag","embeddable":true,"href":"https:\/\/archivioturi.lavocedelpaese.info\/index.php\/wp-json\/wp\/v2\/tags?post=9662"}],"curies":[{"name":"wp","href":"https:\/\/api.w.org\/{rel}","templated":true}]}}