{"id":9629,"date":"2012-07-09T09:31:51","date_gmt":"2012-07-09T09:31:51","guid":{"rendered":"https:\/\/archivioturi.lavocedelpaese.info\/index.php\/2012\/07\/09\/tateo-non-vogliamo-rispondere-del-passato\/"},"modified":"2012-07-09T09:31:51","modified_gmt":"2012-07-09T09:31:51","slug":"tateo-non-vogliamo-rispondere-del-passato","status":"publish","type":"post","link":"https:\/\/archivioturi.lavocedelpaese.info\/index.php\/2012\/07\/09\/tateo-non-vogliamo-rispondere-del-passato\/","title":{"rendered":"Tateo: non vogliamo rispondere del passato!"},"content":{"rendered":"<p style=\"text-align: justify;\"><img loading=\"lazy\" decoding=\"async\" class=\" size-full wp-image-9628\" src=\"https:\/\/archivioturi.lavocedelpaese.info\/wp-content\/uploads\/2012\/07\/tateoc.png\" width=\"320\" height=\"150\" alt=\"tateoc\" style=\"margin: 0px 3px;\" srcset=\"https:\/\/archivioturi.lavocedelpaese.info\/wp-content\/uploads\/2012\/07\/tateoc.png 641w, https:\/\/archivioturi.lavocedelpaese.info\/wp-content\/uploads\/2012\/07\/tateoc-300x140.png 300w\" sizes=\"auto, (max-width: 320px) 100vw, 320px\" \/><\/p>\n<p class=\"StileBase\" style=\"text-align: justify;\">In Consiglio, Tateo, dopo le provocazioni e le richieste da parte dell\u2019opposizione ha dichiarato di non voler rispondere del passato rinviando alla dott.ssa Anglana la motivazione di alcune decisioni. L\u2019Anglana, dopo essersi mangiata con gli occhi Tateo, ha sottolineato che \u201cambasciator non porta pena\u201d. Al termine del Consiglio abbiamo Antonio Tateo, delegato al Bilancio e Capogruppo, ha dato qualche ragione in pi\u00f9 sul futuro del Bilancio di Turi: \u201cIl Bilancio di previsione 2012 del Comune di Turi che il Sindaco e la Giunta sottoporranno all\u2019Approvazione del Consiglio Comunale \u00e8 frutto di un lavoro incessante fatto dai dipendenti e dagli amministratori in poco tempo. Nelle prossime settimane spiegheremo le nostre proposte nel corso di una conferenza cittadina a quanti vorranno partecipare, alle associazioni e alla stampa e accoglieremo le proposte migliorative e soprattutto compatibili con la finanza pubblica. In seguito, il 27 luglio, il bilancio dovr\u00e0 passare al vaglio del consiglio comunale per essere approvato. In un periodo difficile per l\u2019intero Paese, il bilancio 2012 \u00e8 stato redatto con seriet\u00e0, responsabilit\u00e0 e rigore e contiene innanzitutto le riduzioni dei costi della politica quali l\u2019indennit\u00e0 del Sindaco e degli assessori oltre a dettagliati risparmi e revisione della spesa. Il Comune si trova schiacciato da una domanda di servizi e prestazioni che crescono e impone di garantire le risorse necessarie, non comprimibili, per erogare quei servizi essenziali per una serena e fruttuosa convivenza civile. Ci saranno alcuni adeguamenti tariffari e d\u2019imposte ma nello stesso tempo proporremo iniziative per le fasce pi\u00f9 deboli. Infine, saranno previste importanti spese d\u2019investimento e nuove idee nei vari settori\u201d.<\/p>\n","protected":false},"excerpt":{"rendered":"<p style=\"text-align: justify;\"><img loading=\"lazy\" decoding=\"async\" class=\" size-full wp-image-9628\" src=\"https:\/\/archivioturi.lavocedelpaese.info\/wp-content\/uploads\/2012\/07\/tateoc.png\" width=\"320\" height=\"150\" alt=\"tateoc\" style=\"margin: 0px 3px;\" srcset=\"https:\/\/archivioturi.lavocedelpaese.info\/wp-content\/uploads\/2012\/07\/tateoc.png 641w, https:\/\/archivioturi.lavocedelpaese.info\/wp-content\/uploads\/2012\/07\/tateoc-300x140.png 300w\" sizes=\"auto, (max-width: 320px) 100vw, 320px\" \/><\/p>\n","protected":false},"author":1,"featured_media":9628,"comment_status":"open","ping_status":"closed","sticky":false,"template":"","format":"standard","meta":{"colormag_page_container_layout":"default_layout","colormag_page_sidebar_layout":"default_layout","footnotes":""},"categories":[4],"tags":[],"class_list":["post-9629","post","type-post","status-publish","format-standard","has-post-thumbnail","hentry","category-politica"],"_links":{"self":[{"href":"https:\/\/archivioturi.lavocedelpaese.info\/index.php\/wp-json\/wp\/v2\/posts\/9629","targetHints":{"allow":["GET"]}}],"collection":[{"href":"https:\/\/archivioturi.lavocedelpaese.info\/index.php\/wp-json\/wp\/v2\/posts"}],"about":[{"href":"https:\/\/archivioturi.lavocedelpaese.info\/index.php\/wp-json\/wp\/v2\/types\/post"}],"author":[{"embeddable":true,"href":"https:\/\/archivioturi.lavocedelpaese.info\/index.php\/wp-json\/wp\/v2\/users\/1"}],"replies":[{"embeddable":true,"href":"https:\/\/archivioturi.lavocedelpaese.info\/index.php\/wp-json\/wp\/v2\/comments?post=9629"}],"version-history":[{"count":0,"href":"https:\/\/archivioturi.lavocedelpaese.info\/index.php\/wp-json\/wp\/v2\/posts\/9629\/revisions"}],"wp:featuredmedia":[{"embeddable":true,"href":"https:\/\/archivioturi.lavocedelpaese.info\/index.php\/wp-json\/wp\/v2\/media\/9628"}],"wp:attachment":[{"href":"https:\/\/archivioturi.lavocedelpaese.info\/index.php\/wp-json\/wp\/v2\/media?parent=9629"}],"wp:term":[{"taxonomy":"category","embeddable":true,"href":"https:\/\/archivioturi.lavocedelpaese.info\/index.php\/wp-json\/wp\/v2\/categories?post=9629"},{"taxonomy":"post_tag","embeddable":true,"href":"https:\/\/archivioturi.lavocedelpaese.info\/index.php\/wp-json\/wp\/v2\/tags?post=9629"}],"curies":[{"name":"wp","href":"https:\/\/api.w.org\/{rel}","templated":true}]}}