{"id":9616,"date":"2012-07-10T07:12:41","date_gmt":"2012-07-10T07:12:41","guid":{"rendered":"https:\/\/archivioturi.lavocedelpaese.info\/index.php\/2012\/07\/10\/auto-in-fiamme-nella-notte\/"},"modified":"2012-07-10T07:12:41","modified_gmt":"2012-07-10T07:12:41","slug":"auto-in-fiamme-nella-notte","status":"publish","type":"post","link":"https:\/\/archivioturi.lavocedelpaese.info\/index.php\/2012\/07\/10\/auto-in-fiamme-nella-notte\/","title":{"rendered":"Auto in fiamme nella notte"},"content":{"rendered":"<p style=\"text-align: justify;\"><img loading=\"lazy\" decoding=\"async\" class=\" size-full wp-image-9614\" style=\"margin: 0px 3px;\" src=\"https:\/\/archivioturi.lavocedelpaese.info\/wp-content\/uploads\/2012\/07\/auto-inc-3.jpg\" alt=\"auto inc 3\" width=\"320\" height=\"150\" srcset=\"https:\/\/archivioturi.lavocedelpaese.info\/wp-content\/uploads\/2012\/07\/auto-inc-3.jpg 640w, https:\/\/archivioturi.lavocedelpaese.info\/wp-content\/uploads\/2012\/07\/auto-inc-3-300x140.jpg 300w\" sizes=\"auto, (max-width: 320px) 100vw, 320px\" \/><\/p>\n<p>&nbsp;<\/p>\n<p style=\"text-align: justify;\"><img loading=\"lazy\" decoding=\"async\" class=\" alignright size-full wp-image-9615\" style=\"margin: 10px 0px 10px 10px; float: right;\" src=\"https:\/\/archivioturi.lavocedelpaese.info\/wp-content\/uploads\/2012\/07\/auto-inc-4.jpg\" alt=\"auto inc 4\" width=\"314\" height=\"235\" srcset=\"https:\/\/archivioturi.lavocedelpaese.info\/wp-content\/uploads\/2012\/07\/auto-inc-4.jpg 314w, https:\/\/archivioturi.lavocedelpaese.info\/wp-content\/uploads\/2012\/07\/auto-inc-4-300x225.jpg 300w\" sizes=\"auto, (max-width: 314px) 100vw, 314px\" \/>Attimi di panico nei pressi della scuola media di Turi, dove un\u2019automobile ha preso fuoco in piena notte.<\/p>\n<p style=\"text-align: justify;\">Il fatto \u00e8 accaduto nella notte tra marted\u00ec e mercoled\u00ec intorno alle 2.00. Secondo la testimonianza di alcuni residenti della zona, alcuni ragazzi che erano di passaggio, avrebbero visto le fiamme svilupparsi dalla macchina, una Lancia Ypsilon nuovo modello e subito hanno lanciato l\u2019allarme. L\u2019incendio \u00e8 divampato dalla parte anteriore dell\u2019auto, ed in pochi minuti ha distrutto tutto il motore nonch\u00e9 il parabrezza.<\/p>\n<p style=\"text-align: justify;\">Sul posto sono intervenuti i Vigili del Fuoco che hanno domato le fiamme ed i carabinieri della stazione di Gioia del Colle. Da una prima valutazione sembra che si possa escludere l\u2019origine dolosa dell\u2019incendio.&nbsp;<\/p>\n<p style=\"text-align: justify;\">&nbsp;<\/p>\n","protected":false},"excerpt":{"rendered":"<p style=\"text-align: justify;\"><img loading=\"lazy\" decoding=\"async\" class=\" size-full wp-image-9614\" style=\"margin: 0px 3px;\" src=\"https:\/\/archivioturi.lavocedelpaese.info\/wp-content\/uploads\/2012\/07\/auto-inc-3.jpg\" alt=\"auto inc 3\" width=\"320\" height=\"150\" srcset=\"https:\/\/archivioturi.lavocedelpaese.info\/wp-content\/uploads\/2012\/07\/auto-inc-3.jpg 640w, https:\/\/archivioturi.lavocedelpaese.info\/wp-content\/uploads\/2012\/07\/auto-inc-3-300x140.jpg 300w\" sizes=\"auto, (max-width: 320px) 100vw, 320px\" \/><\/p>\n","protected":false},"author":1,"featured_media":9614,"comment_status":"open","ping_status":"closed","sticky":false,"template":"","format":"standard","meta":{"colormag_page_container_layout":"default_layout","colormag_page_sidebar_layout":"default_layout","footnotes":""},"categories":[8],"tags":[],"class_list":["post-9616","post","type-post","status-publish","format-standard","has-post-thumbnail","hentry","category-cronaca"],"_links":{"self":[{"href":"https:\/\/archivioturi.lavocedelpaese.info\/index.php\/wp-json\/wp\/v2\/posts\/9616","targetHints":{"allow":["GET"]}}],"collection":[{"href":"https:\/\/archivioturi.lavocedelpaese.info\/index.php\/wp-json\/wp\/v2\/posts"}],"about":[{"href":"https:\/\/archivioturi.lavocedelpaese.info\/index.php\/wp-json\/wp\/v2\/types\/post"}],"author":[{"embeddable":true,"href":"https:\/\/archivioturi.lavocedelpaese.info\/index.php\/wp-json\/wp\/v2\/users\/1"}],"replies":[{"embeddable":true,"href":"https:\/\/archivioturi.lavocedelpaese.info\/index.php\/wp-json\/wp\/v2\/comments?post=9616"}],"version-history":[{"count":0,"href":"https:\/\/archivioturi.lavocedelpaese.info\/index.php\/wp-json\/wp\/v2\/posts\/9616\/revisions"}],"wp:featuredmedia":[{"embeddable":true,"href":"https:\/\/archivioturi.lavocedelpaese.info\/index.php\/wp-json\/wp\/v2\/media\/9614"}],"wp:attachment":[{"href":"https:\/\/archivioturi.lavocedelpaese.info\/index.php\/wp-json\/wp\/v2\/media?parent=9616"}],"wp:term":[{"taxonomy":"category","embeddable":true,"href":"https:\/\/archivioturi.lavocedelpaese.info\/index.php\/wp-json\/wp\/v2\/categories?post=9616"},{"taxonomy":"post_tag","embeddable":true,"href":"https:\/\/archivioturi.lavocedelpaese.info\/index.php\/wp-json\/wp\/v2\/tags?post=9616"}],"curies":[{"name":"wp","href":"https:\/\/api.w.org\/{rel}","templated":true}]}}