{"id":9557,"date":"2012-07-03T18:36:49","date_gmt":"2012-07-03T18:36:49","guid":{"rendered":"https:\/\/archivioturi.lavocedelpaese.info\/index.php\/2012\/07\/03\/arriva-la-tarsu-e-aumentata\/"},"modified":"2012-07-03T18:36:49","modified_gmt":"2012-07-03T18:36:49","slug":"arriva-la-tarsu-e-aumentata","status":"publish","type":"post","link":"https:\/\/archivioturi.lavocedelpaese.info\/index.php\/2012\/07\/03\/arriva-la-tarsu-e-aumentata\/","title":{"rendered":"Arriva la tarsu: \u00e8 aumentata!"},"content":{"rendered":"<p style=\"text-align: justify;\"><img loading=\"lazy\" decoding=\"async\" class=\" size-full wp-image-9556\" src=\"https:\/\/archivioturi.lavocedelpaese.info\/wp-content\/uploads\/2012\/07\/tarsu.jpg\" width=\"320\" height=\"150\" alt=\"tarsu\" style=\"margin: 0px 3px;\" \/><\/p>\n<p style=\"text-align: justify;\">Con la delibera di Giunta Comunale 67, l&#8217;Amministrazione ha approvato l&#8217;incrementare delle tariffe Tarsu nella misura del 12.40%, stimando in 1.670.000,00 \u20ac il gettito della tassa smaltimento rifiuti per l\u2019anno 2012, derivante dall\u2019applicazione delle tariffe incrementate.<\/p>\n<p style=\"text-align: justify;\">Le motivazioni addotte riguardano l&#8217;aumento della spesa del servizio di nettezza urbana in conseguenza della rimodulazione del servizio d&#8217;igiene urbana e dei maggiori costi di conferimento in discarica dei rifiuti e l&#8217;istituzione, dal 2013, del tributo comunale sui rifiuti e sui servizi (TRES), per cui \u00e8 opportuno aumentare le tariffe tarsu allo scopo di tendere al rispetto (dal 2013) dell\u2019obbligo di legge di copertura del costo totale.<\/p>\n<p style=\"text-align: justify;\">Ma cosa \u00e8 la TRES? \u00c8 fissato per il mese di ottobre 2012 l&#8217;emanazione del regolamento governativo che stabilir\u00e0 i criteri per stabilire i costi fissi di gestione dei rifiuti e le tariffe. Il nuovo tributo si applicher\u00e0 a tutte le superfici che possono potenzialmente produrre rifiuti e sar\u00e0 commisurato alla quantit\u00e0 e qualit\u00e0 di rifiuti prodotti. Il costo del servizio di raccolta e smaltimento dovr\u00e0 essere coperto con l&#8217;imposizione (attualmente la Tarsu copre il 75 per cento del costo annuo). Al tributo calcolato secondo le nuove norme si aggiunger\u00e0 una maggiorazione di 30 centesimi per metro quadrato (i Comuni avranno la facolt\u00e0 di portare a 40 centesimi), che servir\u00e0 a coprire, sia pure in parte, i costi dei servizi offerti per strade, illuminazione e polizia locale (i cosiddetti servizi indisponibili). Con questo nuovo tributo crescer\u00e0 l&#8217;aggravio di spesa per i contribuenti. Anche questa tassa colpir\u00e0 indistintamente tutti, a prescindere dal reddito.<\/p>\n","protected":false},"excerpt":{"rendered":"<p style=\"text-align: justify;\"><img loading=\"lazy\" decoding=\"async\" class=\" size-full wp-image-9556\" src=\"https:\/\/archivioturi.lavocedelpaese.info\/wp-content\/uploads\/2012\/07\/tarsu.jpg\" width=\"320\" height=\"150\" alt=\"tarsu\" style=\"margin: 0px 3px;\" \/><\/p>\n","protected":false},"author":1,"featured_media":9556,"comment_status":"open","ping_status":"closed","sticky":false,"template":"","format":"standard","meta":{"colormag_page_container_layout":"default_layout","colormag_page_sidebar_layout":"default_layout","footnotes":""},"categories":[7],"tags":[],"class_list":["post-9557","post","type-post","status-publish","format-standard","has-post-thumbnail","hentry","category-attualita"],"_links":{"self":[{"href":"https:\/\/archivioturi.lavocedelpaese.info\/index.php\/wp-json\/wp\/v2\/posts\/9557","targetHints":{"allow":["GET"]}}],"collection":[{"href":"https:\/\/archivioturi.lavocedelpaese.info\/index.php\/wp-json\/wp\/v2\/posts"}],"about":[{"href":"https:\/\/archivioturi.lavocedelpaese.info\/index.php\/wp-json\/wp\/v2\/types\/post"}],"author":[{"embeddable":true,"href":"https:\/\/archivioturi.lavocedelpaese.info\/index.php\/wp-json\/wp\/v2\/users\/1"}],"replies":[{"embeddable":true,"href":"https:\/\/archivioturi.lavocedelpaese.info\/index.php\/wp-json\/wp\/v2\/comments?post=9557"}],"version-history":[{"count":0,"href":"https:\/\/archivioturi.lavocedelpaese.info\/index.php\/wp-json\/wp\/v2\/posts\/9557\/revisions"}],"wp:featuredmedia":[{"embeddable":true,"href":"https:\/\/archivioturi.lavocedelpaese.info\/index.php\/wp-json\/wp\/v2\/media\/9556"}],"wp:attachment":[{"href":"https:\/\/archivioturi.lavocedelpaese.info\/index.php\/wp-json\/wp\/v2\/media?parent=9557"}],"wp:term":[{"taxonomy":"category","embeddable":true,"href":"https:\/\/archivioturi.lavocedelpaese.info\/index.php\/wp-json\/wp\/v2\/categories?post=9557"},{"taxonomy":"post_tag","embeddable":true,"href":"https:\/\/archivioturi.lavocedelpaese.info\/index.php\/wp-json\/wp\/v2\/tags?post=9557"}],"curies":[{"name":"wp","href":"https:\/\/api.w.org\/{rel}","templated":true}]}}