{"id":9546,"date":"2012-07-04T08:13:50","date_gmt":"2012-07-04T08:13:50","guid":{"rendered":"https:\/\/archivioturi.lavocedelpaese.info\/index.php\/2012\/07\/04\/str-vecchia-casamassima-al-via-lappalto\/"},"modified":"2012-07-04T08:13:50","modified_gmt":"2012-07-04T08:13:50","slug":"str-vecchia-casamassima-al-via-lappalto","status":"publish","type":"post","link":"https:\/\/archivioturi.lavocedelpaese.info\/index.php\/2012\/07\/04\/str-vecchia-casamassima-al-via-lappalto\/","title":{"rendered":"Str. Vecchia casamassima: al via l&#8217;appalto"},"content":{"rendered":"<p style=\"text-align: justify;\"><img loading=\"lazy\" decoding=\"async\" class=\" size-full wp-image-9365\" src=\"https:\/\/archivioturi.lavocedelpaese.info\/wp-content\/uploads\/2012\/06\/str-vecc-casam.JPG\" width=\"320\" height=\"151\" alt=\"str vecc casam\" style=\"margin: 0px 3px;\" srcset=\"https:\/\/archivioturi.lavocedelpaese.info\/wp-content\/uploads\/2012\/06\/str-vecc-casam.JPG 640w, https:\/\/archivioturi.lavocedelpaese.info\/wp-content\/uploads\/2012\/06\/str-vecc-casam-300x141.jpg 300w\" sizes=\"auto, (max-width: 320px) 100vw, 320px\" \/><\/p>\n<p style=\"text-align: justify;\">Nel pomeriggio di marted\u00ec 26 giugno si \u00e8 svolto l&#8217;incontro presso il Palazzo Municipale tra i residenti di via vecchia Casamassima e traverse e gli amministratori locali. Circa una quarantina di utenti per portare in luce le problematiche che questi cittadini hanno denunciato in questi anni ai passati amministratori e attraverso la stampa ma che sono rimaste sempre inascoltate. Finalmente nel pomeriggio di marted\u00ec durante un lungo e a tratti acceso incontro con il Sindaco O. Resta, gli Assessori G. Denovellis e F. Tundo, i membri dell&#8217;ufficio tecnico con l&#8217;arch. Susca, l&#8217;ing. Dibonaventura (l&#8217;ing. Cicala era assente per malattia), i residenti hanno appreso che \u00e8 finalmente partita la gara d&#8217;appalto per il primo lotto della strada interessata. &#8220;Sar\u00e0 durante il prossimo Consiglio Comunale di fine luglio &#8211; ci enuncia il referente dei cittadini, Carmine Catalano, dalle parole apprese in riunione, che sar\u00e0 deliberato sul secondo lotto e permetter\u00e0, con l&#8217;applicazione di una legge in merito, per la stessa azienda appaltante di ottenere la concessione della restante parte dei lavori&#8221;.<\/p>\n<p style=\"text-align: justify;\">Grande impegno, come lo stesso referente rimarca, lo stanno dimostrando i due assessori Gaetano Denovellis e Flavio Tundo, che hanno promesso di effettuare le opportune verifiche per quanto concerne la necessit\u00e0 dell&#8217;impianto fognario che&nbsp; attraverserebbe propriet\u00e0 oggi occupate da altre strutture. Lungo questo impianto, da quanto ci \u00e8 dato comprendere, dovrebbe svilupparsi una nuova strada che collegherebbe str. Vecchia Casamassima a via Casamassima &#8220;cos\u00ec come previsto nel PUG e come era previsto nel progetto del complesso residenziale attualmente abitato, ma mai realizzata&#8221;.<\/p>\n<p style=\"text-align: justify;\">&#8220;Il sindaco ci ha garantito che far\u00e0 eseguire delle verifiche dalla Susca e da Dibonaventura sulla situazione e analizzare se e come realizzare la strada e quindi anche l&#8217;impianto fognario&#8221;. Presente all&#8217;incontro, anche l&#8217;ing. Lozupone che dinanzi alle promesse dell&#8217;Amministrazione ha richiesto che finalmente si possa giungere al termine di quest&#8217;annosa vicenda, pena la richiesta della restituzione degli oneri di urbanizzazione versati in occasione della costruzione delle residenze &#8220;vittime&#8221; di questo ritardo.<\/p>\n<p style=\"text-align: justify;\">&#8220;Se fino a settembre non si risolveranno i nostri problemi &#8211; tuona ancora il referente di &#8220;Turi Futura&#8221;&nbsp; &#8211; i cittadini andranno per via legale, ma siamo fiduciosi che questa volta, con questa amministrazione e con l&#8217;impegno che il Sindaco e gli Assessori Denovellis e Tundo, che ringrazio, ci stanno dimostrando, finalmente potremo scrivere la parola fine a questi nostri problemi&#8221;. &#8220;Ringrazio inoltre le famiglie DeCarolis e Busco che hanno dimostrato di esserci vicini&#8221; &#8211; conclude il nostro lettore, affermando come finalmente, dopo diversi anni, la prossima settimana verr\u00e0 risolto anche il problema sul completamento dell&#8217;acquisizione delle strade interessate dalla vicenda che non sono ancora comunali.<\/p>\n","protected":false},"excerpt":{"rendered":"<p style=\"text-align: justify;\"><img loading=\"lazy\" decoding=\"async\" class=\" size-full wp-image-9365\" src=\"https:\/\/archivioturi.lavocedelpaese.info\/wp-content\/uploads\/2012\/06\/str-vecc-casam.JPG\" width=\"320\" height=\"151\" alt=\"str vecc casam\" style=\"margin: 0px 3px;\" srcset=\"https:\/\/archivioturi.lavocedelpaese.info\/wp-content\/uploads\/2012\/06\/str-vecc-casam.JPG 640w, https:\/\/archivioturi.lavocedelpaese.info\/wp-content\/uploads\/2012\/06\/str-vecc-casam-300x141.jpg 300w\" sizes=\"auto, (max-width: 320px) 100vw, 320px\" \/><\/p>\n","protected":false},"author":1,"featured_media":9365,"comment_status":"open","ping_status":"closed","sticky":false,"template":"","format":"standard","meta":{"colormag_page_container_layout":"default_layout","colormag_page_sidebar_layout":"default_layout","footnotes":""},"categories":[7],"tags":[],"class_list":["post-9546","post","type-post","status-publish","format-standard","has-post-thumbnail","hentry","category-attualita"],"_links":{"self":[{"href":"https:\/\/archivioturi.lavocedelpaese.info\/index.php\/wp-json\/wp\/v2\/posts\/9546","targetHints":{"allow":["GET"]}}],"collection":[{"href":"https:\/\/archivioturi.lavocedelpaese.info\/index.php\/wp-json\/wp\/v2\/posts"}],"about":[{"href":"https:\/\/archivioturi.lavocedelpaese.info\/index.php\/wp-json\/wp\/v2\/types\/post"}],"author":[{"embeddable":true,"href":"https:\/\/archivioturi.lavocedelpaese.info\/index.php\/wp-json\/wp\/v2\/users\/1"}],"replies":[{"embeddable":true,"href":"https:\/\/archivioturi.lavocedelpaese.info\/index.php\/wp-json\/wp\/v2\/comments?post=9546"}],"version-history":[{"count":0,"href":"https:\/\/archivioturi.lavocedelpaese.info\/index.php\/wp-json\/wp\/v2\/posts\/9546\/revisions"}],"wp:featuredmedia":[{"embeddable":true,"href":"https:\/\/archivioturi.lavocedelpaese.info\/index.php\/wp-json\/wp\/v2\/media\/9365"}],"wp:attachment":[{"href":"https:\/\/archivioturi.lavocedelpaese.info\/index.php\/wp-json\/wp\/v2\/media?parent=9546"}],"wp:term":[{"taxonomy":"category","embeddable":true,"href":"https:\/\/archivioturi.lavocedelpaese.info\/index.php\/wp-json\/wp\/v2\/categories?post=9546"},{"taxonomy":"post_tag","embeddable":true,"href":"https:\/\/archivioturi.lavocedelpaese.info\/index.php\/wp-json\/wp\/v2\/tags?post=9546"}],"curies":[{"name":"wp","href":"https:\/\/api.w.org\/{rel}","templated":true}]}}