{"id":9530,"date":"2012-07-02T17:21:30","date_gmt":"2012-07-02T17:21:30","guid":{"rendered":"https:\/\/archivioturi.lavocedelpaese.info\/index.php\/2012\/07\/02\/qil-nuvolo-di-aisceq-coinvolge-la-piazza\/"},"modified":"2012-07-02T17:21:30","modified_gmt":"2012-07-02T17:21:30","slug":"qil-nuvolo-di-aisceq-coinvolge-la-piazza","status":"publish","type":"post","link":"https:\/\/archivioturi.lavocedelpaese.info\/index.php\/2012\/07\/02\/qil-nuvolo-di-aisceq-coinvolge-la-piazza\/","title":{"rendered":"&#8220;Il nuvolo di Aisc\u00e8&#8221; coinvolge la Piazza"},"content":{"rendered":"<p style=\"text-align: justify;\"><img loading=\"lazy\" decoding=\"async\" class=\" size-full wp-image-9526\" src=\"https:\/\/archivioturi.lavocedelpaese.info\/wp-content\/uploads\/2012\/07\/aisce1.JPG\" width=\"320\" height=\"150\" alt=\"aisc\u00e81\" style=\"margin: 0px 3px;\" srcset=\"https:\/\/archivioturi.lavocedelpaese.info\/wp-content\/uploads\/2012\/07\/aisce1.JPG 640w, https:\/\/archivioturi.lavocedelpaese.info\/wp-content\/uploads\/2012\/07\/aisce1-300x141.jpg 300w\" sizes=\"auto, (max-width: 320px) 100vw, 320px\" \/><\/p>\n<p style=\"text-align: justify;\">Grande capacit\u00e0 di coinvolgimento, estrema creativit\u00e0 e linguaggio semplice, sono state&nbsp; le caratteristiche vincenti del duo Deianira Dragone e Nicola Masciullo che nella serata di sabato 23 giugno hanno allietato i turesi accolti nella splendida cornice di piazza Gonnelli.<\/p>\n<p style=\"text-align: justify;\">Lo spettacolo, offerto dal Teatro Kismet OperA e parte del progetto Festival &#8220;Cuori Urbani&#8221;, ha saputo attirare l&#8217;attenzione di grandi e piccini, catturati dalle avventure di &#8216;Il nuvolo di Aisc\u00e8&#8217;.<\/p>\n<p style=\"text-align: justify;\">Lo spettacolo ha avuto un avvio insolito e curioso e in pochi, tra il pubblico, aveva compreso che la coppia d&#8217;inservienti fosse gi\u00e0 alle prese con la rappresentazione. E tra una pulizia e l&#8217;altra, mentre il pubblico attendeva l&#8217;arrivo degli attori, il duo ne ha approfittato ed ha deciso di raccontare, con gli oggetti utili per le pulizie, una vecchia storia.<\/p>\n<p style=\"text-align: justify;\">Comincia cos\u00ec il racconto del Nuvolo di Aisc\u00e8, con i due inservienti narratori che, utilizzando piccoli oggetti e i loro stessi corpi, hanno fatto immergere nel loro mondo fantastico dove il crudele Seif\u00ec il Nero ha cercato con tutti i mezzi di portar via alla dolce Aisc\u00e8 il suo meraviglioso giardino ma \u00e8 ostacolato dal coraggioso Nuvolo, figura evanescente innamorata di Aisc\u00e8.<\/p>\n<p style=\"text-align: justify;\">Alla fine dello sketch, la coordinatrice e referente turese Monica Notarnicola, assieme al consigliere Antonio Tateo, hanno dato appuntamento alla serata successiva che chiude la parentesi dei &#8220;Cuori Urbani&#8221;.&nbsp;<\/p>\n<p style=\"text-align: justify;\"><img loading=\"lazy\" decoding=\"async\" class=\" size-full wp-image-9527\" src=\"https:\/\/archivioturi.lavocedelpaese.info\/wp-content\/uploads\/2012\/07\/aisce2.JPG\" width=\"640\" height=\"480\" alt=\"aisc\u00e82\" style=\"margin: 0px 3px;\" srcset=\"https:\/\/archivioturi.lavocedelpaese.info\/wp-content\/uploads\/2012\/07\/aisce2.JPG 640w, https:\/\/archivioturi.lavocedelpaese.info\/wp-content\/uploads\/2012\/07\/aisce2-300x225.jpg 300w\" sizes=\"auto, (max-width: 640px) 100vw, 640px\" \/><\/p>\n<p style=\"text-align: justify;\"><img loading=\"lazy\" decoding=\"async\" class=\" size-full wp-image-9528\" src=\"https:\/\/archivioturi.lavocedelpaese.info\/wp-content\/uploads\/2012\/07\/aisce3.JPG\" width=\"640\" height=\"480\" alt=\"aisc\u00e83\" style=\"margin: 0px 3px;\" srcset=\"https:\/\/archivioturi.lavocedelpaese.info\/wp-content\/uploads\/2012\/07\/aisce3.JPG 640w, https:\/\/archivioturi.lavocedelpaese.info\/wp-content\/uploads\/2012\/07\/aisce3-300x225.jpg 300w\" sizes=\"auto, (max-width: 640px) 100vw, 640px\" \/><\/p>\n<p style=\"text-align: justify;\"><img loading=\"lazy\" decoding=\"async\" class=\" size-full wp-image-9529\" src=\"https:\/\/archivioturi.lavocedelpaese.info\/wp-content\/uploads\/2012\/07\/aisce4.JPG\" width=\"640\" height=\"480\" alt=\"aisc\u00e84\" style=\"margin: 0px 3px;\" srcset=\"https:\/\/archivioturi.lavocedelpaese.info\/wp-content\/uploads\/2012\/07\/aisce4.JPG 640w, https:\/\/archivioturi.lavocedelpaese.info\/wp-content\/uploads\/2012\/07\/aisce4-300x225.jpg 300w\" sizes=\"auto, (max-width: 640px) 100vw, 640px\" \/><\/p>\n","protected":false},"excerpt":{"rendered":"<p style=\"text-align: justify;\"><img loading=\"lazy\" decoding=\"async\" class=\" size-full wp-image-9526\" src=\"https:\/\/archivioturi.lavocedelpaese.info\/wp-content\/uploads\/2012\/07\/aisce1.JPG\" width=\"320\" height=\"150\" alt=\"aisc\u00e81\" style=\"margin: 0px 3px;\" srcset=\"https:\/\/archivioturi.lavocedelpaese.info\/wp-content\/uploads\/2012\/07\/aisce1.JPG 640w, https:\/\/archivioturi.lavocedelpaese.info\/wp-content\/uploads\/2012\/07\/aisce1-300x141.jpg 300w\" sizes=\"auto, (max-width: 320px) 100vw, 320px\" \/><\/p>\n","protected":false},"author":1,"featured_media":9526,"comment_status":"open","ping_status":"closed","sticky":false,"template":"","format":"standard","meta":{"colormag_page_container_layout":"default_layout","colormag_page_sidebar_layout":"default_layout","footnotes":""},"categories":[6],"tags":[],"class_list":["post-9530","post","type-post","status-publish","format-standard","has-post-thumbnail","hentry","category-cultura"],"_links":{"self":[{"href":"https:\/\/archivioturi.lavocedelpaese.info\/index.php\/wp-json\/wp\/v2\/posts\/9530","targetHints":{"allow":["GET"]}}],"collection":[{"href":"https:\/\/archivioturi.lavocedelpaese.info\/index.php\/wp-json\/wp\/v2\/posts"}],"about":[{"href":"https:\/\/archivioturi.lavocedelpaese.info\/index.php\/wp-json\/wp\/v2\/types\/post"}],"author":[{"embeddable":true,"href":"https:\/\/archivioturi.lavocedelpaese.info\/index.php\/wp-json\/wp\/v2\/users\/1"}],"replies":[{"embeddable":true,"href":"https:\/\/archivioturi.lavocedelpaese.info\/index.php\/wp-json\/wp\/v2\/comments?post=9530"}],"version-history":[{"count":0,"href":"https:\/\/archivioturi.lavocedelpaese.info\/index.php\/wp-json\/wp\/v2\/posts\/9530\/revisions"}],"wp:featuredmedia":[{"embeddable":true,"href":"https:\/\/archivioturi.lavocedelpaese.info\/index.php\/wp-json\/wp\/v2\/media\/9526"}],"wp:attachment":[{"href":"https:\/\/archivioturi.lavocedelpaese.info\/index.php\/wp-json\/wp\/v2\/media?parent=9530"}],"wp:term":[{"taxonomy":"category","embeddable":true,"href":"https:\/\/archivioturi.lavocedelpaese.info\/index.php\/wp-json\/wp\/v2\/categories?post=9530"},{"taxonomy":"post_tag","embeddable":true,"href":"https:\/\/archivioturi.lavocedelpaese.info\/index.php\/wp-json\/wp\/v2\/tags?post=9530"}],"curies":[{"name":"wp","href":"https:\/\/api.w.org\/{rel}","templated":true}]}}