{"id":9506,"date":"2012-07-02T07:50:09","date_gmt":"2012-07-02T07:50:09","guid":{"rendered":"https:\/\/archivioturi.lavocedelpaese.info\/index.php\/2012\/07\/02\/dopo-la-petizione-finalmente-riaperta-via-conversano\/"},"modified":"2012-07-02T07:50:09","modified_gmt":"2012-07-02T07:50:09","slug":"dopo-la-petizione-finalmente-riaperta-via-conversano","status":"publish","type":"post","link":"https:\/\/archivioturi.lavocedelpaese.info\/index.php\/2012\/07\/02\/dopo-la-petizione-finalmente-riaperta-via-conversano\/","title":{"rendered":"Dopo la petizione, finalmente riaperta via Conversano"},"content":{"rendered":"<p style=\"text-align: justify;\"><img loading=\"lazy\" decoding=\"async\" class=\" size-full wp-image-9505\" src=\"https:\/\/archivioturi.lavocedelpaese.info\/wp-content\/uploads\/2012\/07\/v-conv-g-4.JPG\" width=\"320\" height=\"152\" alt=\"v conv g 4\" style=\"margin: 0px 3px;\" srcset=\"https:\/\/archivioturi.lavocedelpaese.info\/wp-content\/uploads\/2012\/07\/v-conv-g-4.JPG 640w, https:\/\/archivioturi.lavocedelpaese.info\/wp-content\/uploads\/2012\/07\/v-conv-g-4-300x142.jpg 300w\" sizes=\"auto, (max-width: 320px) 100vw, 320px\" \/><\/p>\n<p style=\"text-align: justify;\">Dopo circa due anni di blocchi e di deviazioni, la via che collega Conversano a Turi \u00e8 stata riaperta. Nel pomeriggio di marted\u00ec 26 giugno una conferenza stampa presso il Palazzo Municipale ha annunciato questo provvedimento che risponde alle tante richieste che la popolazione ha esteso all&#8217;Amministrazione. Tante le firme raccolte anche attraverso la petizione che l&#8217;Avv. Calisi Cristian, che abbiamo conosciuto all&#8217;interno della lista di &#8220;Impegno per Turi&#8221; e che abbiamo incontrato per parlare della questione.&nbsp;<\/p>\n<p style=\"text-align: justify;\"><strong>Dopo la petizione per riaprire Via Conversano, il Sindaco risponde ed esegue provvisoriamente la sua riapertura. Possiamo definirla una vittoria della cittadinanza?<\/strong><\/p>\n<p style=\"text-align: justify;\">&#8220;Prima di ogni cosa, bisogna dire che l&#8217;annunciata riapertura della Via di Conversano \u00e8 un risultato ottenuto principalmente dai cittadini di Turi che, attraverso la petizione, hanno indotto il Sindaco a prendere atto dei gravissimi problemi evidenziati nella petizione e, di conseguenza, l&#8217;hanno costretto alla decisione di riaprire urgentemente al traffico via Conversano, proprio per evitare che i gravi disagi gi\u00e0 causati dalla chiusura della stessa, in altre parole quelli che abbiamo letto tutti sui giornali dei giorni scorsi, e gi\u00e0 in precedenza lamentati nella petizione, diventassero ancora pi\u00f9 gravi di quelli prodotti sino ad oggi alla cittadinanza.<\/p>\n<p style=\"text-align: justify;\">\u00c8 necessario mettere l\u2019accento sul principale merito dei cittadini perch\u00e9 non bisogna assolutamente dimenticare che la scelta di ricorrere alla petizione \u00e8 nata dal fatto che la cittadinanza e gli esercenti di via Conversano, a seguito della nuova chiusura della strada, avevano immediatamente avvertito e constatato, con preoccupazione, il silenzio dell&#8217;Amministrazione su tale grave situazione e l&#8217;assoluta lentezza nel trovare rapide soluzioni che eliminassero, con la giusta tempestivit\u00e0, i gravi disagi lamentati dai cittadini e dagli esercenti che, come sappiamo, erano divenuti oramai intollerabili ed avevano esasperato gli umori di gran parte della cittadinanza&#8221;.<\/p>\n<p style=\"text-align: justify;\"><strong>Come valuta questo provvedimento cos\u00ec atteso dai Turesi?<\/strong><\/p>\n<p style=\"text-align: justify;\">&#8220;Finalmente nella giornata di marted\u00ec 26 giugno si \u00e8 realizzata l&#8217;effettiva riapertura di via Conversano, cos\u00ec come annunciato dal Sindaco nella sua lettera del 22.06.2012 inviata ai cittadini firmatari della petizione ed al sottoscritto Avv. Calisi in risposta alla stessa petizione.<\/p>\n<p style=\"text-align: justify;\">Per quanto riguarda il provvedimento del Sindaco, posso dire che la decisione di riaprire provvisoriamente la via fino a quando l\u2019Acquedotto e l\u2019Italgas effettueranno i lavori di loro competenza, appariva un atto necessario e di buon senso da parte dell&#8217;Amministrazione, visti gli enormi disagi che stavano derivando alla cittadinanza e che, a mio avviso, l\u2019Amministrazione avrebbe comunque dovuto e potuto adottare in tempi molto pi\u00f9 rapidi e senza ricorrere allo strumento della petizione, per dare soluzione ad un cos\u00ec rilevante problema di ordine collettivo e causativo di danni ai cittadini e conseguenze negative sull\u2019economia della intera zona di via Conversano. Infatti, la soluzione adottata dall\u2019Amministrazione non \u00e8 altro che la soluzione di buon senso che era stata suggerita nella stessa petizione, ovvero quella di \u201c<em>disporre la viabilit\u00e0 nei giorni di fermo dei lavori<\/em>\u201d, che \u00e8 appunto la soluzione che si legge nella&nbsp; lettera di risposta del Sindaco.<\/p>\n<p style=\"text-align: justify;\">In ogni caso, ritengo anche che questo sia stato un ottimo esempio di partecipazione attiva dei cittadini alla vita amministrativa del Paese che non pu\u00f2 che lasciare accontentati &#8220;.<\/p>\n<p style=\"text-align: justify;\"><strong>Si ritiene soddisfatto di questo provvedimento del Sindaco?<\/strong><\/p>\n<p style=\"text-align: justify;\">&#8220;Posso dire che i firmatari della petizione ed il sottoscritto promotore di tale iniziativa, al momento, si ritengono soddisfatti e danno atto del provvedimento di altrettanto buon senso che il Sindaco, Dott. Onofrio Resta e l&#8217;Assessore Flavio Tundo hanno adottato con tempestivit\u00e0 e solerzia a seguito della presentazione della petizione per la salvaguardia degli interessi della collettivit\u00e0, senza comunque dimenticare che i lavori di realizzazione dell\u2019impianto di recupero delle acque reflue sulla via di Conversano vanno allo stesso modo completati, ma con tempi di esecuzione pi\u00f9 rapidi e pi\u00f9 rispettosi delle esigenze di viabilit\u00e0 del Paese. <strong><\/strong><\/p>\n<p style=\"text-align: justify;\">Concludo affermando che, comunque, essendo un provvedimento provvisorio di riapertura della via di Conversano fino a quando l\u2019Acquedotto e l\u2019Italgas effettueranno i loro lavori, si continuer\u00e0 a porre attenzione affinch\u00e8 i successivi lavori vengano conclusi nel minor tempo possibile senza recare ulteriori disagi all&#8217;utenza&#8221;.<\/p>\n","protected":false},"excerpt":{"rendered":"<p style=\"text-align: justify;\"><img loading=\"lazy\" decoding=\"async\" class=\" size-full wp-image-9505\" src=\"https:\/\/archivioturi.lavocedelpaese.info\/wp-content\/uploads\/2012\/07\/v-conv-g-4.JPG\" width=\"320\" height=\"152\" alt=\"v conv g 4\" style=\"margin: 0px 3px;\" srcset=\"https:\/\/archivioturi.lavocedelpaese.info\/wp-content\/uploads\/2012\/07\/v-conv-g-4.JPG 640w, https:\/\/archivioturi.lavocedelpaese.info\/wp-content\/uploads\/2012\/07\/v-conv-g-4-300x142.jpg 300w\" sizes=\"auto, (max-width: 320px) 100vw, 320px\" \/><\/p>\n","protected":false},"author":1,"featured_media":9505,"comment_status":"open","ping_status":"closed","sticky":false,"template":"","format":"standard","meta":{"colormag_page_container_layout":"default_layout","colormag_page_sidebar_layout":"default_layout","footnotes":""},"categories":[4],"tags":[],"class_list":["post-9506","post","type-post","status-publish","format-standard","has-post-thumbnail","hentry","category-politica"],"_links":{"self":[{"href":"https:\/\/archivioturi.lavocedelpaese.info\/index.php\/wp-json\/wp\/v2\/posts\/9506","targetHints":{"allow":["GET"]}}],"collection":[{"href":"https:\/\/archivioturi.lavocedelpaese.info\/index.php\/wp-json\/wp\/v2\/posts"}],"about":[{"href":"https:\/\/archivioturi.lavocedelpaese.info\/index.php\/wp-json\/wp\/v2\/types\/post"}],"author":[{"embeddable":true,"href":"https:\/\/archivioturi.lavocedelpaese.info\/index.php\/wp-json\/wp\/v2\/users\/1"}],"replies":[{"embeddable":true,"href":"https:\/\/archivioturi.lavocedelpaese.info\/index.php\/wp-json\/wp\/v2\/comments?post=9506"}],"version-history":[{"count":0,"href":"https:\/\/archivioturi.lavocedelpaese.info\/index.php\/wp-json\/wp\/v2\/posts\/9506\/revisions"}],"wp:featuredmedia":[{"embeddable":true,"href":"https:\/\/archivioturi.lavocedelpaese.info\/index.php\/wp-json\/wp\/v2\/media\/9505"}],"wp:attachment":[{"href":"https:\/\/archivioturi.lavocedelpaese.info\/index.php\/wp-json\/wp\/v2\/media?parent=9506"}],"wp:term":[{"taxonomy":"category","embeddable":true,"href":"https:\/\/archivioturi.lavocedelpaese.info\/index.php\/wp-json\/wp\/v2\/categories?post=9506"},{"taxonomy":"post_tag","embeddable":true,"href":"https:\/\/archivioturi.lavocedelpaese.info\/index.php\/wp-json\/wp\/v2\/tags?post=9506"}],"curies":[{"name":"wp","href":"https:\/\/api.w.org\/{rel}","templated":true}]}}