{"id":9501,"date":"2012-07-02T07:03:58","date_gmt":"2012-07-02T07:03:58","guid":{"rendered":"https:\/\/archivioturi.lavocedelpaese.info\/index.php\/2012\/07\/02\/crescere-limpegno-pedagogico-del-bosco-dei-cento-acri\/"},"modified":"2012-07-02T07:03:58","modified_gmt":"2012-07-02T07:03:58","slug":"crescere-limpegno-pedagogico-del-bosco-dei-cento-acri","status":"publish","type":"post","link":"https:\/\/archivioturi.lavocedelpaese.info\/index.php\/2012\/07\/02\/crescere-limpegno-pedagogico-del-bosco-dei-cento-acri\/","title":{"rendered":"Crescere: l&#8217;impegno pedagogico del Bosco dei cento Acri"},"content":{"rendered":"<p style=\"text-align: justify;\"><img loading=\"lazy\" decoding=\"async\" class=\" size-full wp-image-9499\" style=\"margin: 0px 3px;\" src=\"https:\/\/archivioturi.lavocedelpaese.info\/wp-content\/uploads\/2012\/07\/b-acri.JPG\" alt=\"b acri\" width=\"320\" height=\"150\" srcset=\"https:\/\/archivioturi.lavocedelpaese.info\/wp-content\/uploads\/2012\/07\/b-acri.JPG 640w, https:\/\/archivioturi.lavocedelpaese.info\/wp-content\/uploads\/2012\/07\/b-acri-300x141.jpg 300w\" sizes=\"auto, (max-width: 320px) 100vw, 320px\" \/><\/p>\n<p style=\"text-align: justify;\"><img loading=\"lazy\" decoding=\"async\" class=\" alignright size-full wp-image-9500\" style=\"margin-top: 10px; margin-bottom: 10px; margin-left: 10px; float: right;\" src=\"https:\/\/archivioturi.lavocedelpaese.info\/wp-content\/uploads\/2012\/07\/bacr2.JPG\" alt=\"bacr2\" width=\"380\" height=\"285\" srcset=\"https:\/\/archivioturi.lavocedelpaese.info\/wp-content\/uploads\/2012\/07\/bacr2.JPG 448w, https:\/\/archivioturi.lavocedelpaese.info\/wp-content\/uploads\/2012\/07\/bacr2-300x225.jpg 300w\" sizes=\"auto, (max-width: 380px) 100vw, 380px\" \/>La crescita di un bambino \u00e8 sempre una sorpresa. La scienza, l&#8217;attenzione educativa, i consigli pedagogici non sono mai sufficienti a descrivere il meraviglioso miracolo della crescita di un bambino. Dalla sua curiosit\u00e0 verso il mondo, alla sua voglia di sperimentare, di apprendere attraverso i sensi, di imitare i grandi. Il mondo di ogni bambino \u00e8 sempre da scoprire ma star loro vicino e seguirlo in ogni momento e nella maniera giusta \u00e8 necessario affinch\u00e9 cresca e si formi sicuro di s\u00e9 e degli altri.<\/p>\n<p style=\"text-align: justify;\">A raccontare il colorato mondo dei bambini, venerd\u00ec pomeriggio, al Bosco dei Cento Acri, la coordinatrice pedagogica, dott.ssa Tina Resta. Ai genitori dei bambini che hanno frequentato il nido, ha esposto le attivit\u00e0 che la stessa struttura, per mezzo delle sue educatrici, attuano per potenziare lo sviluppo dei bambini, dal punto di vista motorio, neurologico, linguistico e logico\/matematico\/scientifico, in base alle fasce d&#8217;et\u00e0.<\/p>\n<p style=\"text-align: justify;\">&#8220;Per mezzo dei giochi, sono affinate le motricit\u00e0 per una coordinazione occhio &#8211; naso&#8221; che, all&#8217;inizio appaiono pi\u00f9 grossolani. Sono comunque gli esempi, l&#8217;ascolto e le attivit\u00e0 sensoriali, come quelle realizzate dalle educatrici, a perfezionare e migliorare o avvertire capacit\u00e0 o difficolt\u00e0 spesso celate.<\/p>\n<p style=\"text-align: justify;\">Una commovente chiusura ha raccontato il percorso affrontato dai bambini all&#8217;interno della struttura in cui musiche e foto, incorniciate dalla poesia che Tina Resta, insieme ai bambini della scuola dell&#8217;infanzia ha creato per la festa della mamma, hanno chiuso la festa presso il Bosco dei Cento Acri.<\/p>\n","protected":false},"excerpt":{"rendered":"<p style=\"text-align: justify;\"><img loading=\"lazy\" decoding=\"async\" class=\" size-full wp-image-9499\" style=\"margin: 0px 3px;\" src=\"https:\/\/archivioturi.lavocedelpaese.info\/wp-content\/uploads\/2012\/07\/b-acri.JPG\" alt=\"b acri\" width=\"320\" height=\"150\" srcset=\"https:\/\/archivioturi.lavocedelpaese.info\/wp-content\/uploads\/2012\/07\/b-acri.JPG 640w, https:\/\/archivioturi.lavocedelpaese.info\/wp-content\/uploads\/2012\/07\/b-acri-300x141.jpg 300w\" sizes=\"auto, (max-width: 320px) 100vw, 320px\" \/><\/p>\n","protected":false},"author":1,"featured_media":9499,"comment_status":"open","ping_status":"closed","sticky":false,"template":"","format":"standard","meta":{"colormag_page_container_layout":"default_layout","colormag_page_sidebar_layout":"default_layout","footnotes":""},"categories":[7],"tags":[],"class_list":["post-9501","post","type-post","status-publish","format-standard","has-post-thumbnail","hentry","category-attualita"],"_links":{"self":[{"href":"https:\/\/archivioturi.lavocedelpaese.info\/index.php\/wp-json\/wp\/v2\/posts\/9501","targetHints":{"allow":["GET"]}}],"collection":[{"href":"https:\/\/archivioturi.lavocedelpaese.info\/index.php\/wp-json\/wp\/v2\/posts"}],"about":[{"href":"https:\/\/archivioturi.lavocedelpaese.info\/index.php\/wp-json\/wp\/v2\/types\/post"}],"author":[{"embeddable":true,"href":"https:\/\/archivioturi.lavocedelpaese.info\/index.php\/wp-json\/wp\/v2\/users\/1"}],"replies":[{"embeddable":true,"href":"https:\/\/archivioturi.lavocedelpaese.info\/index.php\/wp-json\/wp\/v2\/comments?post=9501"}],"version-history":[{"count":0,"href":"https:\/\/archivioturi.lavocedelpaese.info\/index.php\/wp-json\/wp\/v2\/posts\/9501\/revisions"}],"wp:featuredmedia":[{"embeddable":true,"href":"https:\/\/archivioturi.lavocedelpaese.info\/index.php\/wp-json\/wp\/v2\/media\/9499"}],"wp:attachment":[{"href":"https:\/\/archivioturi.lavocedelpaese.info\/index.php\/wp-json\/wp\/v2\/media?parent=9501"}],"wp:term":[{"taxonomy":"category","embeddable":true,"href":"https:\/\/archivioturi.lavocedelpaese.info\/index.php\/wp-json\/wp\/v2\/categories?post=9501"},{"taxonomy":"post_tag","embeddable":true,"href":"https:\/\/archivioturi.lavocedelpaese.info\/index.php\/wp-json\/wp\/v2\/tags?post=9501"}],"curies":[{"name":"wp","href":"https:\/\/api.w.org\/{rel}","templated":true}]}}