{"id":9420,"date":"2012-06-25T08:31:46","date_gmt":"2012-06-25T08:31:46","guid":{"rendered":"https:\/\/archivioturi.lavocedelpaese.info\/index.php\/2012\/06\/25\/stanislao-pernice-sulla-sagra\/"},"modified":"2012-06-25T08:31:46","modified_gmt":"2012-06-25T08:31:46","slug":"stanislao-pernice-sulla-sagra","status":"publish","type":"post","link":"https:\/\/archivioturi.lavocedelpaese.info\/index.php\/2012\/06\/25\/stanislao-pernice-sulla-sagra\/","title":{"rendered":"Stanislao Pernice sulla sagra"},"content":{"rendered":"<p style=\"text-align: justify;\"><img loading=\"lazy\" decoding=\"async\" class=\" size-full wp-image-9419\" src=\"https:\/\/archivioturi.lavocedelpaese.info\/wp-content\/uploads\/2012\/06\/stv-pernice.png\" width=\"320\" height=\"151\" alt=\"stv pernice\" style=\"margin: 0px 3px;\" srcset=\"https:\/\/archivioturi.lavocedelpaese.info\/wp-content\/uploads\/2012\/06\/stv-pernice.png 641w, https:\/\/archivioturi.lavocedelpaese.info\/wp-content\/uploads\/2012\/06\/stv-pernice-300x141.png 300w\" sizes=\"auto, (max-width: 320px) 100vw, 320px\" \/><\/p>\n<p style=\"text-align: justify;\"><strong>Come \u00e8 andata la sagra?<\/strong><\/p>\n<p style=\"text-align: justify;\">Rispetto all\u2019anno scorso un po\u2019 male perch\u00e9 vendere le ciliegie a 4\u20ac sta creando qualche problema; i produttori molte volte si lamentano quando noi compriamo le ciliegie a 3,5 \u20ac a 3,8 \u20ac; per\u00f2 noi molte volte abbiamo problemi a venderle a 4\u20ac al chilo al dettaglio<\/p>\n<p style=\"text-align: justify;\"><strong>Come \u00e8 andata la produzione quest\u2019anno?<\/strong><\/p>\n<p style=\"text-align: justify;\">Quest\u2019anno \u00e8 una buona annata, perch\u00e9 fortunatamente le ciliegie stanno solo in Puglia, a Vignola, in Campania, nel Lazio si sono spaccate tutte perch\u00e9 hanno avuto il maltempo, anche in Turchia hanno avuto dei problemi; quindi in Italia e in Europa domina la ciliegia pugliese, che comunque ha avuto un 30% in meno.<\/p>\n<p style=\"text-align: justify;\"><strong>Cosa chiederebbe alla politica?<\/strong><\/p>\n<p style=\"text-align: justify;\">Pi\u00f9 che alla politica chiederei ai giornalisti di smetterla di fare certi titoli aggressivi tipo \u201cCaro frutta\u201d appena c\u2019\u00e8 un po\u2019 di maltempo; perch\u00e9 il caro c\u2019\u00e8 ma \u00e8 colpa del costo del carburante che aumenta sempre e che fa lievitare tutti i costi legati alla produzione e commercializzazione della ciliegia.<\/p>\n<p><iframe loading=\"lazy\" width=\"853\" height=\"480\" src=\"http:\/\/www.youtube.com\/embed\/_fxLvoFOewk?rel=0\" frameborder=\"0\" allowfullscreen><\/iframe><\/p>\n","protected":false},"excerpt":{"rendered":"<p style=\"text-align: justify;\"><img loading=\"lazy\" decoding=\"async\" class=\" size-full wp-image-9419\" src=\"https:\/\/archivioturi.lavocedelpaese.info\/wp-content\/uploads\/2012\/06\/stv-pernice.png\" width=\"320\" height=\"151\" alt=\"stv pernice\" style=\"margin: 0px 3px;\" srcset=\"https:\/\/archivioturi.lavocedelpaese.info\/wp-content\/uploads\/2012\/06\/stv-pernice.png 641w, https:\/\/archivioturi.lavocedelpaese.info\/wp-content\/uploads\/2012\/06\/stv-pernice-300x141.png 300w\" sizes=\"auto, (max-width: 320px) 100vw, 320px\" \/><\/p>\n","protected":false},"author":1,"featured_media":9419,"comment_status":"open","ping_status":"closed","sticky":false,"template":"","format":"standard","meta":{"colormag_page_container_layout":"default_layout","colormag_page_sidebar_layout":"default_layout","footnotes":""},"categories":[7],"tags":[],"class_list":["post-9420","post","type-post","status-publish","format-standard","has-post-thumbnail","hentry","category-attualita"],"_links":{"self":[{"href":"https:\/\/archivioturi.lavocedelpaese.info\/index.php\/wp-json\/wp\/v2\/posts\/9420","targetHints":{"allow":["GET"]}}],"collection":[{"href":"https:\/\/archivioturi.lavocedelpaese.info\/index.php\/wp-json\/wp\/v2\/posts"}],"about":[{"href":"https:\/\/archivioturi.lavocedelpaese.info\/index.php\/wp-json\/wp\/v2\/types\/post"}],"author":[{"embeddable":true,"href":"https:\/\/archivioturi.lavocedelpaese.info\/index.php\/wp-json\/wp\/v2\/users\/1"}],"replies":[{"embeddable":true,"href":"https:\/\/archivioturi.lavocedelpaese.info\/index.php\/wp-json\/wp\/v2\/comments?post=9420"}],"version-history":[{"count":0,"href":"https:\/\/archivioturi.lavocedelpaese.info\/index.php\/wp-json\/wp\/v2\/posts\/9420\/revisions"}],"wp:featuredmedia":[{"embeddable":true,"href":"https:\/\/archivioturi.lavocedelpaese.info\/index.php\/wp-json\/wp\/v2\/media\/9419"}],"wp:attachment":[{"href":"https:\/\/archivioturi.lavocedelpaese.info\/index.php\/wp-json\/wp\/v2\/media?parent=9420"}],"wp:term":[{"taxonomy":"category","embeddable":true,"href":"https:\/\/archivioturi.lavocedelpaese.info\/index.php\/wp-json\/wp\/v2\/categories?post=9420"},{"taxonomy":"post_tag","embeddable":true,"href":"https:\/\/archivioturi.lavocedelpaese.info\/index.php\/wp-json\/wp\/v2\/tags?post=9420"}],"curies":[{"name":"wp","href":"https:\/\/api.w.org\/{rel}","templated":true}]}}