{"id":9410,"date":"2012-06-25T07:45:58","date_gmt":"2012-06-25T07:45:58","guid":{"rendered":"https:\/\/archivioturi.lavocedelpaese.info\/index.php\/2012\/06\/25\/antonello-palmisano-associato-e-produttore-cia\/"},"modified":"2012-06-25T07:45:58","modified_gmt":"2012-06-25T07:45:58","slug":"antonello-palmisano-associato-e-produttore-cia","status":"publish","type":"post","link":"https:\/\/archivioturi.lavocedelpaese.info\/index.php\/2012\/06\/25\/antonello-palmisano-associato-e-produttore-cia\/","title":{"rendered":"Antonello Palmisano associato e produttore CIA"},"content":{"rendered":"<p style=\"text-align: justify;\"><img loading=\"lazy\" decoding=\"async\" class=\" size-full wp-image-9409\" src=\"https:\/\/archivioturi.lavocedelpaese.info\/wp-content\/uploads\/2012\/06\/ant-pal.png\" width=\"320\" height=\"153\" alt=\"ant pal\" style=\"margin: 0px 3px;\" srcset=\"https:\/\/archivioturi.lavocedelpaese.info\/wp-content\/uploads\/2012\/06\/ant-pal.png 641w, https:\/\/archivioturi.lavocedelpaese.info\/wp-content\/uploads\/2012\/06\/ant-pal-300x143.png 300w\" sizes=\"auto, (max-width: 320px) 100vw, 320px\" \/><\/p>\n<p style=\"text-align: justify;\"><strong>Come \u00e8 andata la sagra?<\/strong><\/p>\n<p style=\"text-align: justify;\">Abbiamo avuto una bella risposta da parte delle persone; curiosit\u00e0 soprattutto, perch\u00e9 la gente vuole iniziare a capire la differenza fra i vari tipi di ciliegie. Lo stand della Cia di quest\u2019anno \u00e8 dedicato ai 5 sensi: come pu\u00f2 essere vista, assaggiata, cercando di scoprire tutto del nostro prodotto.<\/p>\n<p style=\"text-align: justify;\"><strong>Come \u00e8 andata la produzione?<\/strong><\/p>\n<p style=\"text-align: justify;\">Quest\u2019anno abbiamo avuto un calo nelle quantit\u00e0 per\u00f2 i prezzi sono appena accettabili e questo ci&nbsp; ha permesso di avere una buona annata; ma quello che pi\u00f9 \u00e8 importante il prodotto \u00e8 di un\u2019ottima qualit\u00e0, la soddisfazione parte da l\u00ec.<strong><\/strong><\/p>\n<p style=\"text-align: justify;\"><strong>Cosa chiederesti alla politica come CIA?<\/strong><\/p>\n<p style=\"text-align: justify;\">Sicuramente un po\u2019 di attenzione e visibilit\u00e0; ricordiamo che dall\u2019agricoltura non si pu\u00f2 prescindere. Partendo da questi presupposti dovremmo gi\u00e0 ricevere attenzione.<\/p>\n<p style=\"text-align: justify;\">Chiediamo alla politica un sostegno ad affrontare i mercati europei, il mercato nazionale; poich\u00e9 gli agricoltori provengono da una cultura contadina e non sono a conoscenza di meccaniche di mercato pi\u00f9 grandi di loro; dovrebbero essere aiutati in questo. Abbiamo bisogno di una mano sotto tutti i punti di vista.<\/p>\n<p><iframe loading=\"lazy\" width=\"853\" height=\"480\" src=\"http:\/\/www.youtube.com\/embed\/x7JG_mfaM7s?rel=0\" frameborder=\"0\" allowfullscreen><\/iframe><\/p>\n","protected":false},"excerpt":{"rendered":"<p style=\"text-align: justify;\"><img loading=\"lazy\" decoding=\"async\" class=\" size-full wp-image-9409\" src=\"https:\/\/archivioturi.lavocedelpaese.info\/wp-content\/uploads\/2012\/06\/ant-pal.png\" width=\"320\" height=\"153\" alt=\"ant pal\" style=\"margin: 0px 3px;\" srcset=\"https:\/\/archivioturi.lavocedelpaese.info\/wp-content\/uploads\/2012\/06\/ant-pal.png 641w, https:\/\/archivioturi.lavocedelpaese.info\/wp-content\/uploads\/2012\/06\/ant-pal-300x143.png 300w\" sizes=\"auto, (max-width: 320px) 100vw, 320px\" \/><\/p>\n","protected":false},"author":1,"featured_media":9409,"comment_status":"open","ping_status":"closed","sticky":false,"template":"","format":"standard","meta":{"colormag_page_container_layout":"default_layout","colormag_page_sidebar_layout":"default_layout","footnotes":""},"categories":[7],"tags":[],"class_list":["post-9410","post","type-post","status-publish","format-standard","has-post-thumbnail","hentry","category-attualita"],"_links":{"self":[{"href":"https:\/\/archivioturi.lavocedelpaese.info\/index.php\/wp-json\/wp\/v2\/posts\/9410","targetHints":{"allow":["GET"]}}],"collection":[{"href":"https:\/\/archivioturi.lavocedelpaese.info\/index.php\/wp-json\/wp\/v2\/posts"}],"about":[{"href":"https:\/\/archivioturi.lavocedelpaese.info\/index.php\/wp-json\/wp\/v2\/types\/post"}],"author":[{"embeddable":true,"href":"https:\/\/archivioturi.lavocedelpaese.info\/index.php\/wp-json\/wp\/v2\/users\/1"}],"replies":[{"embeddable":true,"href":"https:\/\/archivioturi.lavocedelpaese.info\/index.php\/wp-json\/wp\/v2\/comments?post=9410"}],"version-history":[{"count":0,"href":"https:\/\/archivioturi.lavocedelpaese.info\/index.php\/wp-json\/wp\/v2\/posts\/9410\/revisions"}],"wp:featuredmedia":[{"embeddable":true,"href":"https:\/\/archivioturi.lavocedelpaese.info\/index.php\/wp-json\/wp\/v2\/media\/9409"}],"wp:attachment":[{"href":"https:\/\/archivioturi.lavocedelpaese.info\/index.php\/wp-json\/wp\/v2\/media?parent=9410"}],"wp:term":[{"taxonomy":"category","embeddable":true,"href":"https:\/\/archivioturi.lavocedelpaese.info\/index.php\/wp-json\/wp\/v2\/categories?post=9410"},{"taxonomy":"post_tag","embeddable":true,"href":"https:\/\/archivioturi.lavocedelpaese.info\/index.php\/wp-json\/wp\/v2\/tags?post=9410"}],"curies":[{"name":"wp","href":"https:\/\/api.w.org\/{rel}","templated":true}]}}