{"id":9403,"date":"2012-06-22T18:22:45","date_gmt":"2012-06-22T18:22:45","guid":{"rendered":"https:\/\/archivioturi.lavocedelpaese.info\/index.php\/2012\/06\/22\/la-banda-del-rame-colpisce-ancora\/"},"modified":"2012-06-22T18:22:45","modified_gmt":"2012-06-22T18:22:45","slug":"la-banda-del-rame-colpisce-ancora","status":"publish","type":"post","link":"https:\/\/archivioturi.lavocedelpaese.info\/index.php\/2012\/06\/22\/la-banda-del-rame-colpisce-ancora\/","title":{"rendered":"La banda del rame colpisce ancora"},"content":{"rendered":"<p>&nbsp;<img loading=\"lazy\" decoding=\"async\" class=\" size-full wp-image-9401\" src=\"https:\/\/archivioturi.lavocedelpaese.info\/wp-content\/uploads\/2012\/06\/Furto-telecom-turi.jpg\" width=\"320\" height=\"150\" alt=\"Furto-telecom-turi\" style=\"margin: 0px 3px;\" srcset=\"https:\/\/archivioturi.lavocedelpaese.info\/wp-content\/uploads\/2012\/06\/Furto-telecom-turi.jpg 640w, https:\/\/archivioturi.lavocedelpaese.info\/wp-content\/uploads\/2012\/06\/Furto-telecom-turi-300x141.jpg 300w\" sizes=\"auto, (max-width: 320px) 100vw, 320px\" \/><\/p>\n<p style=\"text-align: justify;\"><strong><img loading=\"lazy\" decoding=\"async\" class=\" alignright size-full wp-image-9402\" src=\"https:\/\/archivioturi.lavocedelpaese.info\/wp-content\/uploads\/2012\/06\/Furti-di-rame-turi.jpg\" width=\"300\" height=\"225\" alt=\"Furti-di-rame-turi\" style=\"float: right; margin: 8px 0px 8px 8px;\" \/>Turi &#8211;<\/strong> Nella notte tra gioved\u00ec e venerd\u00ec \u00e8 stato messo a segno l\u2019ennesimo furto di rame a Turi. La banda del rame ha colpito in via Ginestre ad un paio di chilometri dal centro abitato. Ignoti &nbsp;sono saliti sui pali del telefono ed hanno tranciato i cavi asportando oltre 60 metri lineari del prezioso metallo. Dopo la denuncia fatta ai carabinieri i tecnici di Telecom si sono messi al lavoro per ripristinare la linea telefonica montando speciali cavi in alluminio di recente produzione. L\u2019azienda Telecom infatti qualche mese fa annunci\u00f2 di voler utilizzare in alcuni casi l\u2019alluminio invece del rame perch\u00e9, a parit\u00e0 di prestazione dei servizi di telecomunicazione, i cavi in alluminio sono poco appetibili per il mercato clandestino dei ricettatori. &nbsp;Il prezzo del rame continua invece a salire. Sono in corso indagini per identificare i colpevoli.&nbsp;<\/p>\n<p style=\"text-align: justify;\"><strong><br \/><\/strong><\/p>\n","protected":false},"excerpt":{"rendered":"<p>&nbsp;<img loading=\"lazy\" decoding=\"async\" class=\" size-full wp-image-9401\" src=\"https:\/\/archivioturi.lavocedelpaese.info\/wp-content\/uploads\/2012\/06\/Furto-telecom-turi.jpg\" width=\"320\" height=\"150\" alt=\"Furto-telecom-turi\" style=\"margin: 0px 3px;\" srcset=\"https:\/\/archivioturi.lavocedelpaese.info\/wp-content\/uploads\/2012\/06\/Furto-telecom-turi.jpg 640w, https:\/\/archivioturi.lavocedelpaese.info\/wp-content\/uploads\/2012\/06\/Furto-telecom-turi-300x141.jpg 300w\" sizes=\"auto, (max-width: 320px) 100vw, 320px\" \/><\/p>\n","protected":false},"author":1,"featured_media":9401,"comment_status":"open","ping_status":"closed","sticky":false,"template":"","format":"standard","meta":{"colormag_page_container_layout":"default_layout","colormag_page_sidebar_layout":"default_layout","footnotes":""},"categories":[8],"tags":[],"class_list":["post-9403","post","type-post","status-publish","format-standard","has-post-thumbnail","hentry","category-cronaca"],"_links":{"self":[{"href":"https:\/\/archivioturi.lavocedelpaese.info\/index.php\/wp-json\/wp\/v2\/posts\/9403","targetHints":{"allow":["GET"]}}],"collection":[{"href":"https:\/\/archivioturi.lavocedelpaese.info\/index.php\/wp-json\/wp\/v2\/posts"}],"about":[{"href":"https:\/\/archivioturi.lavocedelpaese.info\/index.php\/wp-json\/wp\/v2\/types\/post"}],"author":[{"embeddable":true,"href":"https:\/\/archivioturi.lavocedelpaese.info\/index.php\/wp-json\/wp\/v2\/users\/1"}],"replies":[{"embeddable":true,"href":"https:\/\/archivioturi.lavocedelpaese.info\/index.php\/wp-json\/wp\/v2\/comments?post=9403"}],"version-history":[{"count":0,"href":"https:\/\/archivioturi.lavocedelpaese.info\/index.php\/wp-json\/wp\/v2\/posts\/9403\/revisions"}],"wp:featuredmedia":[{"embeddable":true,"href":"https:\/\/archivioturi.lavocedelpaese.info\/index.php\/wp-json\/wp\/v2\/media\/9401"}],"wp:attachment":[{"href":"https:\/\/archivioturi.lavocedelpaese.info\/index.php\/wp-json\/wp\/v2\/media?parent=9403"}],"wp:term":[{"taxonomy":"category","embeddable":true,"href":"https:\/\/archivioturi.lavocedelpaese.info\/index.php\/wp-json\/wp\/v2\/categories?post=9403"},{"taxonomy":"post_tag","embeddable":true,"href":"https:\/\/archivioturi.lavocedelpaese.info\/index.php\/wp-json\/wp\/v2\/tags?post=9403"}],"curies":[{"name":"wp","href":"https:\/\/api.w.org\/{rel}","templated":true}]}}