{"id":9386,"date":"2012-06-19T10:01:02","date_gmt":"2012-06-19T10:01:02","guid":{"rendered":"https:\/\/archivioturi.lavocedelpaese.info\/index.php\/2012\/06\/19\/la-scuola-dellinfanzia-don-tonino-belloq-in-festa\/"},"modified":"2012-06-19T10:01:02","modified_gmt":"2012-06-19T10:01:02","slug":"la-scuola-dellinfanzia-don-tonino-belloq-in-festa","status":"publish","type":"post","link":"https:\/\/archivioturi.lavocedelpaese.info\/index.php\/2012\/06\/19\/la-scuola-dellinfanzia-don-tonino-belloq-in-festa\/","title":{"rendered":"La scuola dell\u2019infanzia \u201cDon Tonino Bello&#8221; in festa"},"content":{"rendered":"<p style=\"text-align: justify;\"><img loading=\"lazy\" decoding=\"async\" class=\" size-full wp-image-9385\" src=\"https:\/\/archivioturi.lavocedelpaese.info\/wp-content\/uploads\/2012\/06\/progetti-scuola-22.JPG\" width=\"320\" height=\"151\" alt=\"progetti scuola 22\" style=\"margin: 0px 3px;\" srcset=\"https:\/\/archivioturi.lavocedelpaese.info\/wp-content\/uploads\/2012\/06\/progetti-scuola-22.JPG 640w, https:\/\/archivioturi.lavocedelpaese.info\/wp-content\/uploads\/2012\/06\/progetti-scuola-22-300x141.jpg 300w\" sizes=\"auto, (max-width: 320px) 100vw, 320px\" \/><\/p>\n<p style=\"text-align: justify;\">Ha avuto luogo marted\u00ec mattina, presso la scuola dell\u2019infanzia \u201cDon Tonino Bello\u201d, la presentazione dei laboratori formativi curati nel corso dell\u2019anno scolastico appena trascorso.<\/p>\n<p style=\"text-align: justify;\">I bambini delle classi eterogenee sono stati divisi a seconda dell\u2019et\u00e0, ed \u00e8 stato assegnato loro un particolare \u201claboratorio\u201d, ovvero un programma di formazione mirato a raggiungere il perseguimento di diversi obiettivi.<\/p>\n<p style=\"text-align: justify;\">I bambini di 3 anni hanno partecipato attivamente ad un laboratorio <em>psicomotorio;<\/em> questo ha impegnato gli insegnanti e i bambini della 1\u00b0C; l\u2019obiettivo che si \u00e8 cercato di raggiungere con questo programma, \u00e8 stato quello di portare i bambini ad acquisire un orientamento spaziale e temporale, gestendo il proprio corpo in maniera razionale, a seconda dei comandi ricevuti.<\/p>\n<p style=\"text-align: justify;\">I bambini di 4 anni, della classe 1\u00b0A, hanno invece intrapreso un laboratorio di tipo <em>manipolativo-creativo<\/em>. L\u2019insegnamento che si \u00e8 voluto tramandare in questo corso \u00e8 stato quello di conoscere le potenzialit\u00e0 del proprio corpo al fine di utilizzarlo al meglio; i bambini, infatti hanno realizzato con le proprie mani delle bambole di carta.<\/p>\n<p style=\"text-align: justify;\">I bambini di 5 anni, della classe 1\u00b0B, hanno preso parte al <em>progetto lettura<\/em>, per trasmettere l\u2019amore per i libri sin dalla tenera et\u00e0: durante la presentazione, i bambini, seduti in cerchio, hanno ascoltato una fiaba raccontata dalla loro maestra.<\/p>\n<p style=\"text-align: justify;\">La conoscenza della lettura porta i bambini a sognare ancora di pi\u00f9, portandoli &nbsp;in luoghi inesplorati e fuori dall\u2019immaginario comune.<\/p>\n<p style=\"text-align: justify;\">I piccoli si sono esibiti dinnanzi ai presenti ostentando un po\u2019 di timidezza e di chiusura, anche se, prendendo spunto da una frase di Bruno Munari, \u201cNon \u00e8 importante il finito, ma il percorso che il bambino fa per arrivare alla conoscenza\u201d.<\/p>\n<p style=\"text-align: justify;\">Nonostante tutto, gli obiettivi che all\u2019inizio dell\u2019anno le insegnanti si sono poste, sono stati raggiunti a pieno, grazie anche alla loro unione e determinazione.<\/p>\n<p style=\"text-align: justify;\">La presentazione \u00e8 terminata con un ballo libero di tutti i bambini e con un buffet finale ricco di pizzette e focaccine che ha segnato la conclusione l\u2019anno scolastico della scuola d\u2019infanzia, con un arrivederci al prossimo anno.<\/p>\n<p><embed type=\"application\/x-shockwave-flash\" src=\"https:\/\/picasaweb.google.com\/s\/c\/bin\/slideshow.swf\" width=\"660\" height=\"660\" flashvars=\"host=picasaweb.google.com&#038;noautoplay=1&#038;hl=it&#038;feat=flashalbum&#038;RGB=0x000000&#038;feed=https%3A%2F%2Fpicasaweb.google.com%2Fdata%2Ffeed%2Fapi%2Fuser%2Fredazioneturiweb%2Falbumid%2F5755656015909128017%3Falt%3Drss%26kind%3Dphoto%26authkey%3DGv1sRgCJ7OrfPd7N7sNQ%26hl%3Dit\" pluginspage=\"http:\/\/www.macromedia.com\/go\/getflashplayer\"><\/embed><\/p>\n","protected":false},"excerpt":{"rendered":"<p style=\"text-align: justify;\"><img loading=\"lazy\" decoding=\"async\" class=\" size-full wp-image-9385\" src=\"https:\/\/archivioturi.lavocedelpaese.info\/wp-content\/uploads\/2012\/06\/progetti-scuola-22.JPG\" width=\"320\" height=\"151\" alt=\"progetti scuola 22\" style=\"margin: 0px 3px;\" srcset=\"https:\/\/archivioturi.lavocedelpaese.info\/wp-content\/uploads\/2012\/06\/progetti-scuola-22.JPG 640w, https:\/\/archivioturi.lavocedelpaese.info\/wp-content\/uploads\/2012\/06\/progetti-scuola-22-300x141.jpg 300w\" sizes=\"auto, (max-width: 320px) 100vw, 320px\" \/><\/p>\n","protected":false},"author":1,"featured_media":9385,"comment_status":"open","ping_status":"closed","sticky":false,"template":"","format":"standard","meta":{"colormag_page_container_layout":"default_layout","colormag_page_sidebar_layout":"default_layout","footnotes":""},"categories":[6],"tags":[],"class_list":["post-9386","post","type-post","status-publish","format-standard","has-post-thumbnail","hentry","category-cultura"],"_links":{"self":[{"href":"https:\/\/archivioturi.lavocedelpaese.info\/index.php\/wp-json\/wp\/v2\/posts\/9386","targetHints":{"allow":["GET"]}}],"collection":[{"href":"https:\/\/archivioturi.lavocedelpaese.info\/index.php\/wp-json\/wp\/v2\/posts"}],"about":[{"href":"https:\/\/archivioturi.lavocedelpaese.info\/index.php\/wp-json\/wp\/v2\/types\/post"}],"author":[{"embeddable":true,"href":"https:\/\/archivioturi.lavocedelpaese.info\/index.php\/wp-json\/wp\/v2\/users\/1"}],"replies":[{"embeddable":true,"href":"https:\/\/archivioturi.lavocedelpaese.info\/index.php\/wp-json\/wp\/v2\/comments?post=9386"}],"version-history":[{"count":0,"href":"https:\/\/archivioturi.lavocedelpaese.info\/index.php\/wp-json\/wp\/v2\/posts\/9386\/revisions"}],"wp:featuredmedia":[{"embeddable":true,"href":"https:\/\/archivioturi.lavocedelpaese.info\/index.php\/wp-json\/wp\/v2\/media\/9385"}],"wp:attachment":[{"href":"https:\/\/archivioturi.lavocedelpaese.info\/index.php\/wp-json\/wp\/v2\/media?parent=9386"}],"wp:term":[{"taxonomy":"category","embeddable":true,"href":"https:\/\/archivioturi.lavocedelpaese.info\/index.php\/wp-json\/wp\/v2\/categories?post=9386"},{"taxonomy":"post_tag","embeddable":true,"href":"https:\/\/archivioturi.lavocedelpaese.info\/index.php\/wp-json\/wp\/v2\/tags?post=9386"}],"curies":[{"name":"wp","href":"https:\/\/api.w.org\/{rel}","templated":true}]}}