{"id":9382,"date":"2012-06-19T08:54:36","date_gmt":"2012-06-19T08:54:36","guid":{"rendered":"https:\/\/archivioturi.lavocedelpaese.info\/index.php\/2012\/06\/19\/sagra-soddisfazione-della-pro-loco\/"},"modified":"2012-06-19T08:54:36","modified_gmt":"2012-06-19T08:54:36","slug":"sagra-soddisfazione-della-pro-loco","status":"publish","type":"post","link":"https:\/\/archivioturi.lavocedelpaese.info\/index.php\/2012\/06\/19\/sagra-soddisfazione-della-pro-loco\/","title":{"rendered":"Sagra: soddisfazione della Pro Loco"},"content":{"rendered":"<p style=\"text-align: justify;\"><img loading=\"lazy\" decoding=\"async\" class=\" size-full wp-image-9381\" src=\"https:\/\/archivioturi.lavocedelpaese.info\/wp-content\/uploads\/2012\/06\/sagra-rina.JPG\" width=\"320\" height=\"150\" alt=\"sagra rina\" style=\"margin: 0px 3px;\" srcset=\"https:\/\/archivioturi.lavocedelpaese.info\/wp-content\/uploads\/2012\/06\/sagra-rina.JPG 640w, https:\/\/archivioturi.lavocedelpaese.info\/wp-content\/uploads\/2012\/06\/sagra-rina-300x141.jpg 300w\" sizes=\"auto, (max-width: 320px) 100vw, 320px\" \/><\/p>\n<p style=\"text-align: justify;\">La Sagra \u00e8 terminata e come ogni anno abbiamo voluto incontrare la Presidente che quest&#8217;anno si \u00e8 impegnata nell&#8217;organizzazione di questa importante vetrina turese. La Pro Loco, per voce della sua presidente, Rina Spinelli, ha dato il via alla manifestazione.<\/p>\n<p style=\"text-align: justify;\"><strong>Tanti turisti, tanta partecipazione, nonostante il poco tempo a disposizione per organizzarla, il risultato \u00e8 stato pi\u00f9 che positivo. <\/strong><\/p>\n<p style=\"text-align: justify;\">&#8220;Siamo pi\u00f9 che soddisfatti del risultato ottenuto. Nonostante il pochissimo tempo a disposizione per l&#8217;intera organizzazione, siamo contenti dell&#8217;apprezzamento che la comunit\u00e0, come i visitatori, ci stanno dimostrando. \u00c8 stato per noi un grande piacere organizzarla e siamo stati particolarmente orgogliosi della fiducia che l&#8217;Amministrazione comunale ci ha dimostrato affidandoci la preparazione di una vetrina cos\u00ec importante per Turi e per la sua ciliegia. La nostra soddisfazione deriva anche dai complimenti giunti dal presidente dell&#8217;Associazione &#8220;Sapori di Puglia&#8221; di Conversano, Vincenzo Lippolis che ha realizzato la Festa della ciliegia&#8221; e l&#8217;apprezzamento giuntoci da otto Pro Loco del Salento giunte domenica.Ci auguriamo che anche per il prossimo anno, possa esserci affidata, nuovamente, l&#8217;organizzazione della stessa&#8221;.<\/p>\n<p style=\"text-align: justify;\"><strong>Buona presenza dei produttori cerasicoli locali, poca partecipazione dei produttori enogastronimici turesi. Da cosa \u00e8 dipeso?<\/strong><\/p>\n<p style=\"text-align: justify;\">&#8220;Ci rendiamo conto che effettivamente erano presenti pochissimi, se non due stand di prodotti enogastronomici locali, per\u00f2 possiamo affermare che nei giorni della preparazione della Sagra, la Pro Loco si \u00e8 impegnata a chiedere insistentemente ai commercianti e macellai, di partecipare esponendo e vendendo i nostri tron\u00e9re e la faldacchea. Purtroppo, nonostante i costi pi\u00f9 bassi degli stessi stand e che hanno attratto i commercianti &#8216;forestieri&#8217;, ci rendiamo conto che forse i turesi non sono ancora entrati nell&#8217;ottica dell&#8217;importanza che un appuntamento come la sagra pu\u00f2 offrire loro. \u00c8 da lodare la volont\u00e0 del giovane Giuseppe Topputi e dei suoi amici che a differenza di molti altri hanno partecipato e permesso ai turisti di assaggiare uno dei prodotti tipici di Turi. Ci rammarichiamo della totale assenza di dolciarie perch\u00e8 molti volevano assaporare la nostra faldacchea, che non hanno trovato tra le esposizioni. Ci auguriamo pertanto che per la prossima Sagra, quella della Percoca, prevista per il 4 e 5 agosto ci sia maggiore presenza di produttori locali.<\/p>\n<p style=\"text-align: justify;\">Vogliamo inoltre aggiungere una considerazione: qualche lamentela sulla scarsa vendita ci \u00e8 arrivata da parte dei produttori agricoli che hanno preso parte alla sagra. In effetti chi ha venduto le ciliegie fuori dalla sagra, ha rovinato inevitabilmente la vendita di chi regolarmente e con volont\u00e0 si era impegnato a portare in sagra la propria produzione&#8221;.<\/p>\n<p style=\"text-align: justify;\"><strong>Centro storico. Qualche commento \u00e8 arrivato sullo scarso coinvolgimento del centro storico. Cosa volete rispondere?<\/strong><\/p>\n<p style=\"text-align: justify;\">&#8220;Coinvolgere il centro storico \u00e8 stata una nostra idea iniziale, da inserire come novit\u00e0 per la manifestazione del 2012, poi, abbiamo dovuto mettere da parte tale pensiero per diversi motivi. Principalmente la coincidenza di un avvenimento religioso che si doveva realizzare in concomitanza con la Sagra, parliamo del Corpus Domini e non potevamo impegnare spazi e strade attraversate piuttosto dalla processione. Nelle giornate della Sagra, per\u00f2, diversi sono stati i gruppi turistici che abbiamo accompagnato a visitare il nostro centro storico, come anche il Forno in via D&#8217;Addante&#8221;.<\/p>\n<p style=\"text-align: justify;\"><strong>Alan Sorrenti e le polemiche.<\/strong><\/p>\n<p style=\"text-align: justify;\">&#8220;Vogliamo sottolineare che il concerto di Alan Sorrenti non \u00e8 stato pagato da noi. Lo spettacolo, come ogni anno, \u00e8 stato offerto dalla Provincia di Bari e la Pro Loco ha solo dovuto accettare la volont\u00e0 della Provincia. La nostra proposta \u00e8 stata ben altra, come differente era l&#8217;alternativa a noi proposta ed inizialmente pensata per Turi. Poi, ci \u00e8 stata comunicata la variazione e noi non potevamo cambiare in quanto appunto, offerto&#8221;.<\/p>\n<p style=\"text-align: justify;\"><strong>La Pro Loco ha organizzato la manifestazione, ma questa \u00e8 tale se si operano delle collaborazioni. Vuole ringraziare qualcuno? <\/strong><\/p>\n<p style=\"text-align: justify;\">&#8220;Come presidente dell&#8217;associazione, voglio ringraziare prima di tutto il direttivo e tutti i soci della Pro Loco che in questi 24 giorni di preparazione, si sono impegnati per la buona riuscita dell&#8217;evento. Ringrazio Stefano Dell&#8217;Aera per la vetrina presso le Gallerie Auchan. Poi ringraziamo l&#8217;Amministrazione comunale ed in particolar modo Angelo Palmisano che ha permesso la partecipazione dei produttori alla Sagra. Vogliamo ringraziare il Comandante Michele Cassano e tutta la Polizia Municipale, i Carabinieri, la Protezione Civile, la Regione Puglia nel presidente Introna, Stef\u00e0no e Boccardi; la Provincia di Bari con gli assessori Altieri, anche se non era presente, e Caputo; la ditta Catucci Ecologia, l&#8217;Associazione Mule del Carro di Sant&#8217;Oronzo che hanno abbellito piazza S. Orlandi, e tutte le associazioni che hanno preso parte alle serate. Inoltre ringraziamo Don Giovanni Amodio e l&#8217;Associazione Bersaglieri che per l&#8217;occasione hanno permesso la visita della grotta di Sant&#8217;Oronzo. Non dimentichiamo gli sponsor. Si ringrazia in particolar modo la Pernice, Giuliano PugliaFruit, la Banca Popolare di Bari e il Feudo di Monteferraro. Infine ringraziamo tutti gli esercizi commerciali di Turi del percorso Sagra, che hanno collaborato attivamente alla manifestazione.<\/p>\n<p style=\"text-align: justify;\">Ritengo che la collaborazione e il lavoro di squadra siano fondamentali per realizzare manifestazioni cos\u00ec grandi e belle utili per valorizzare il nostro territorio e dare la giusta visibilit\u00e0 che la nostra Turi merita&#8221;.<\/p>\n<p style=\"text-align: justify;\"><strong>Ed ora quali sono i prossimi impegni della Pro Loco?<\/strong><\/p>\n<p style=\"text-align: justify;\">Ci stiamo impegnando per un&#8217;azione di solidariet\u00e0 verso le popolazioni dell&#8217;Emilia Romagna e, accogliendo una proposta dell&#8217;UNPLI nazionale, in questa settimana, cio\u00e8 sino a sabato 23 la nostra Pro Loco, tutte le sere, \u00e8 aperta per ricevere le prenotazioni per l&#8217;acquisto del Parmigiano Reggiano. Il formaggio arriver\u00e0 in pezzi da 1 Kg, ma chiunque potr\u00e0 prenotare il proprio quantitativo, lasciando i propri dati ed un acconto. Nel momento in cui raccoglieremo le prenotazioni e comunque sino al termine della prossima settimana, effettueremo la richiesta alle aziende della zona terremotata. Ci auguriamo che la cittadinanza partecipi.<\/p>\n<p><embed type=\"application\/x-shockwave-flash\" src=\"https:\/\/picasaweb.google.com\/s\/c\/bin\/slideshow.swf\" width=\"660\" height=\"660\" flashvars=\"host=picasaweb.google.com&#038;noautoplay=1&#038;hl=it&#038;feat=flashalbum&#038;RGB=0x000000&#038;feed=https%3A%2F%2Fpicasaweb.google.com%2Fdata%2Ffeed%2Fapi%2Fuser%2Fredazioneturiweb%2Falbumid%2F5752300992008677233%3Falt%3Drss%26kind%3Dphoto%26authkey%3DGv1sRgCL_GhPyD0b3I9AE%26hl%3Dit\" pluginspage=\"http:\/\/www.macromedia.com\/go\/getflashplayer\"><\/embed><br \/>\n<embed type=\"application\/x-shockwave-flash\" src=\"https:\/\/picasaweb.google.com\/s\/c\/bin\/slideshow.swf\" width=\"660\" height=\"660\" flashvars=\"host=picasaweb.google.com&#038;noautoplay=1&#038;hl=it&#038;feat=flashalbum&#038;RGB=0x000000&#038;feed=https%3A%2F%2Fpicasaweb.google.com%2Fdata%2Ffeed%2Fapi%2Fuser%2Fredazioneturiweb%2Falbumid%2F5755636870660000753%3Falt%3Drss%26kind%3Dphoto%26authkey%3DGv1sRgCIqorNLV8vSw0QE%26hl%3Dit\" pluginspage=\"http:\/\/www.macromedia.com\/go\/getflashplayer\"><\/embed><br \/>\n<embed type=\"application\/x-shockwave-flash\" src=\"https:\/\/picasaweb.google.com\/s\/c\/bin\/slideshow.swf\" width=\"660\" height=\"660\" flashvars=\"host=picasaweb.google.com&#038;noautoplay=1&#038;hl=it&#038;feat=flashalbum&#038;RGB=0x000000&#038;feed=https%3A%2F%2Fpicasaweb.google.com%2Fdata%2Ffeed%2Fapi%2Fuser%2Fredazioneturiweb%2Falbumid%2F5755637436720320673%3Falt%3Drss%26kind%3Dphoto%26authkey%3DGv1sRgCOry18zcjKPAVQ%26hl%3Dit\" pluginspage=\"http:\/\/www.macromedia.com\/go\/getflashplayer\"><\/embed><\/p>\n","protected":false},"excerpt":{"rendered":"<p style=\"text-align: justify;\"><img loading=\"lazy\" decoding=\"async\" class=\" size-full wp-image-9381\" src=\"https:\/\/archivioturi.lavocedelpaese.info\/wp-content\/uploads\/2012\/06\/sagra-rina.JPG\" width=\"320\" height=\"150\" alt=\"sagra rina\" style=\"margin: 0px 3px;\" srcset=\"https:\/\/archivioturi.lavocedelpaese.info\/wp-content\/uploads\/2012\/06\/sagra-rina.JPG 640w, https:\/\/archivioturi.lavocedelpaese.info\/wp-content\/uploads\/2012\/06\/sagra-rina-300x141.jpg 300w\" sizes=\"auto, (max-width: 320px) 100vw, 320px\" \/><\/p>\n","protected":false},"author":1,"featured_media":9381,"comment_status":"open","ping_status":"closed","sticky":false,"template":"","format":"standard","meta":{"colormag_page_container_layout":"default_layout","colormag_page_sidebar_layout":"default_layout","footnotes":""},"categories":[7],"tags":[],"class_list":["post-9382","post","type-post","status-publish","format-standard","has-post-thumbnail","hentry","category-attualita"],"_links":{"self":[{"href":"https:\/\/archivioturi.lavocedelpaese.info\/index.php\/wp-json\/wp\/v2\/posts\/9382","targetHints":{"allow":["GET"]}}],"collection":[{"href":"https:\/\/archivioturi.lavocedelpaese.info\/index.php\/wp-json\/wp\/v2\/posts"}],"about":[{"href":"https:\/\/archivioturi.lavocedelpaese.info\/index.php\/wp-json\/wp\/v2\/types\/post"}],"author":[{"embeddable":true,"href":"https:\/\/archivioturi.lavocedelpaese.info\/index.php\/wp-json\/wp\/v2\/users\/1"}],"replies":[{"embeddable":true,"href":"https:\/\/archivioturi.lavocedelpaese.info\/index.php\/wp-json\/wp\/v2\/comments?post=9382"}],"version-history":[{"count":0,"href":"https:\/\/archivioturi.lavocedelpaese.info\/index.php\/wp-json\/wp\/v2\/posts\/9382\/revisions"}],"wp:featuredmedia":[{"embeddable":true,"href":"https:\/\/archivioturi.lavocedelpaese.info\/index.php\/wp-json\/wp\/v2\/media\/9381"}],"wp:attachment":[{"href":"https:\/\/archivioturi.lavocedelpaese.info\/index.php\/wp-json\/wp\/v2\/media?parent=9382"}],"wp:term":[{"taxonomy":"category","embeddable":true,"href":"https:\/\/archivioturi.lavocedelpaese.info\/index.php\/wp-json\/wp\/v2\/categories?post=9382"},{"taxonomy":"post_tag","embeddable":true,"href":"https:\/\/archivioturi.lavocedelpaese.info\/index.php\/wp-json\/wp\/v2\/tags?post=9382"}],"curies":[{"name":"wp","href":"https:\/\/api.w.org\/{rel}","templated":true}]}}