{"id":927,"date":"2009-12-16T12:47:41","date_gmt":"2009-12-16T12:47:41","guid":{"rendered":"https:\/\/archivioturi.lavocedelpaese.info\/index.php\/2009\/12\/16\/una-turese-alle-selezioni-per-sanremo-giovani\/"},"modified":"2009-12-16T12:47:41","modified_gmt":"2009-12-16T12:47:41","slug":"una-turese-alle-selezioni-per-sanremo-giovani","status":"publish","type":"post","link":"https:\/\/archivioturi.lavocedelpaese.info\/index.php\/2009\/12\/16\/una-turese-alle-selezioni-per-sanremo-giovani\/","title":{"rendered":"UNA TURESE ALLE SELEZIONI PER SANREMO GIOVANI"},"content":{"rendered":"<p><img loading=\"lazy\" decoding=\"async\" class=\" alignleft size-full wp-image-926\" src=\"https:\/\/archivioturi.lavocedelpaese.info\/wp-content\/uploads\/2009\/12\/fausta.jpg\" alt=\"fausta\" style=\"margin: 5px; float: left;\" height=\"149\" width=\"319\" srcset=\"https:\/\/archivioturi.lavocedelpaese.info\/wp-content\/uploads\/2009\/12\/fausta.jpg 640w, https:\/\/archivioturi.lavocedelpaese.info\/wp-content\/uploads\/2009\/12\/fausta-300x141.jpg 300w\" sizes=\"auto, (max-width: 319px) 100vw, 319px\" \/> <\/p>\n<p>\u00c8 turese, nata il 16 giugno 1991, e sta partecipando alla selezione si Sanremo dedicata alle nuove leve della musica leggera italiana.<\/p>\n<p>Si chiama <strong>Natasha Nanna<\/strong>, in arte Nadia Fellini. ha iniziato a cantare a otto anni nel coro della scuola. Tutto \u00e8 nato come un gioco. Alla fine \u00e8 diventata\u00a0per lei una passione e il suo lavoro. Dopo tanti provini e concorsi di Provincia ha conosciuto a Valenzano, durante l&#8217;AXS (Accademia per lo spettacolo) il suo attuale produttore, Bruno Rubino, noto al grande pubblico per aver prodotto i PQuadro e aver scritto alcuni loro brani. Ha scritto anche per Anna Tatangelo, collaborato con D&#8217;Alessio&#8221;. Insomma, non il primo arrivato. L&#8217;ha scoperta e prodotta lui. Ora, insieme a Giuseppe Di Tella sono i suoi angeli custodi.<\/p>\n<p>Il brano \u00e8 stato scritto da Rubino e dal compositore Di Tella; si chiama &#8220;<strong>Sabato<\/strong>&#8220;, rientra nella sezione &#8220;Sanremo Nuova Generazione&#8221; e parla di una ragazza che studia, una ragazza normale, che il sabato ama divertirsi con le amiche. Un p\u00f2 la storia delle ragazze di oggi.<\/p>\n<p>Passando la selezione avrebbe diritto d&#8217;accesso diretto al SanremoLab, l&#8217;accademia musicale della citt\u00e0 del festival.<\/p>\n<p>Ci sono voluti tanti sacrifici, grinta e studio per raggiungere questo risultato, e per lei, essere alle fasi di ammissione per Sanremo \u00e8 ancora un sogno ad occhi aperti.<\/p>\n<p>Per tutti i fans di Natasha: cliccate su <a href=\"http:\/\/www.sanremo.rai.it\/\">www.Sanremo.Rai.It<\/a> e accedendo alla categoria nuova generazione \u00e8 possibile ascoltare la sua canzone in concorso per Sanremo; \u00e8 la numero 21: Nad\u00eca &#8211; Sabato. Prima bisogna effettuare una semplice registrazione<\/p>\n<p>Su facebook il suo gruppo fan \u00e8 &#8220;Natasha in arte NADIA FELLINI Fan Club&#8221;.<img decoding=\"async\" src=\"data:image\/png;base64,iVBORw0KGgoAAAANSUhEUgAAABYAAAAUCAYAAACJfM0wAAAABHNCSVQICAgIfAhkiAAAAAlwSFlzAAAK8AAACvABQqw0mAAAAB90RVh0U29mdHdhcmUATWFjcm9tZWRpYSBGaXJld29ya3MgOLVo0ngAAAAWdEVYdENyZWF0aW9uIFRpbWUAMDQvMDQvMDhrK9wWAAACLklEQVQ4jbXUP0wTcRQH8O\/9ekdjkT8CUqpee00bRyNNmSRSV0PcJJoQg2i6ODTExEUHg04OaNSppqtCjQ4ukDSKSuLUwcm4NNZcQYsIGtD+u\/f7MZSWXltqo\/Ul7\/JL7u7z3r3fLye53e5xj8ejoYWRSCSSstfr1YLBYHcr4XA4rMmMMciy3EoXjDHIjDEoivL\/4fefrP1P3nYEvqzLajOIo8fQz5\/cfH3cnVttCM8udQaODBxQFx44Ye9h4HxvdGWtgMlbSXV2SQoMHf0RNcGSJJlmvPLdos7fdyIWL+D5myx+ZwwUDAIRh2EU1wYRFItA6FwvIjdcGJr4qFYakiSBlTavlABwsJth7mUWmSyBOAfnAkQE4gKccxBx\/MoYmHmcxuH+NgAwGQ03j3NeRjjnoGqcC\/zcIgghAMBkNISJuKlbEy4EaKdoKerC5nNMxQdlgVx+t0siKhYQovwV1rbdtyoNxlhxxoqilBMA0uuES6Pt6NqP2hHsoDarhJuXD2F5NV\/uuJR1T4XLzvTJ25\/VyHUnzgzba0YkKq6pdB4T00m47EyvPhU1M54asy3ee5o55bvwQQWAr\/PHMBfbQGhGrykCANqARZ8asy3+ccYjg\/K3kcF9UQAYvrJ29dmrDUxHlnOxu72P+rpYrq5eFU39K649TCF0tnPB0WdtCt2z48rQHIp+8XTHu9ET7alm0aY6fnFHjda98a\/w3wZjDJLP5xv3+\/1aK+F4PJ7cBm32CUNiyI2GAAAAAElFTkSuQmCC\" style=\"border: medium none; margin: 0px; position: absolute; visibility: visible; color: transparent; z-index: 2147483647; left: 616px; top: 169px;\" id=\"fvdkoff-target-image\" \/><\/p>\n","protected":false},"excerpt":{"rendered":"<p><img loading=\"lazy\" decoding=\"async\" class=\" alignleft size-full wp-image-926\" src=\"https:\/\/archivioturi.lavocedelpaese.info\/wp-content\/uploads\/2009\/12\/fausta.jpg\" alt=\"fausta\" style=\"margin: 5px; float: left;\" height=\"149\" width=\"319\" srcset=\"https:\/\/archivioturi.lavocedelpaese.info\/wp-content\/uploads\/2009\/12\/fausta.jpg 640w, https:\/\/archivioturi.lavocedelpaese.info\/wp-content\/uploads\/2009\/12\/fausta-300x141.jpg 300w\" sizes=\"auto, (max-width: 319px) 100vw, 319px\" \/> <\/p>\n","protected":false},"author":1,"featured_media":926,"comment_status":"open","ping_status":"closed","sticky":false,"template":"","format":"standard","meta":{"colormag_page_container_layout":"default_layout","colormag_page_sidebar_layout":"default_layout","footnotes":""},"categories":[7],"tags":[],"class_list":["post-927","post","type-post","status-publish","format-standard","has-post-thumbnail","hentry","category-attualita"],"_links":{"self":[{"href":"https:\/\/archivioturi.lavocedelpaese.info\/index.php\/wp-json\/wp\/v2\/posts\/927","targetHints":{"allow":["GET"]}}],"collection":[{"href":"https:\/\/archivioturi.lavocedelpaese.info\/index.php\/wp-json\/wp\/v2\/posts"}],"about":[{"href":"https:\/\/archivioturi.lavocedelpaese.info\/index.php\/wp-json\/wp\/v2\/types\/post"}],"author":[{"embeddable":true,"href":"https:\/\/archivioturi.lavocedelpaese.info\/index.php\/wp-json\/wp\/v2\/users\/1"}],"replies":[{"embeddable":true,"href":"https:\/\/archivioturi.lavocedelpaese.info\/index.php\/wp-json\/wp\/v2\/comments?post=927"}],"version-history":[{"count":0,"href":"https:\/\/archivioturi.lavocedelpaese.info\/index.php\/wp-json\/wp\/v2\/posts\/927\/revisions"}],"wp:featuredmedia":[{"embeddable":true,"href":"https:\/\/archivioturi.lavocedelpaese.info\/index.php\/wp-json\/wp\/v2\/media\/926"}],"wp:attachment":[{"href":"https:\/\/archivioturi.lavocedelpaese.info\/index.php\/wp-json\/wp\/v2\/media?parent=927"}],"wp:term":[{"taxonomy":"category","embeddable":true,"href":"https:\/\/archivioturi.lavocedelpaese.info\/index.php\/wp-json\/wp\/v2\/categories?post=927"},{"taxonomy":"post_tag","embeddable":true,"href":"https:\/\/archivioturi.lavocedelpaese.info\/index.php\/wp-json\/wp\/v2\/tags?post=927"}],"curies":[{"name":"wp","href":"https:\/\/api.w.org\/{rel}","templated":true}]}}