{"id":9250,"date":"2012-06-08T13:11:47","date_gmt":"2012-06-08T13:11:47","guid":{"rendered":"https:\/\/archivioturi.lavocedelpaese.info\/index.php\/2012\/06\/08\/turi-per-vignola-la-proposta-di-impegno-per-turi\/"},"modified":"2012-06-08T13:11:47","modified_gmt":"2012-06-08T13:11:47","slug":"turi-per-vignola-la-proposta-di-impegno-per-turi","status":"publish","type":"post","link":"https:\/\/archivioturi.lavocedelpaese.info\/index.php\/2012\/06\/08\/turi-per-vignola-la-proposta-di-impegno-per-turi\/","title":{"rendered":"Turi per Vignola: la proposta di Impegno per Turi"},"content":{"rendered":"<p style=\"text-align: justify;\">&nbsp;<img loading=\"lazy\" decoding=\"async\" class=\" size-full wp-image-9249\" src=\"https:\/\/archivioturi.lavocedelpaese.info\/wp-content\/uploads\/2012\/06\/impegno-x-turi.JPG\" width=\"320\" height=\"150\" alt=\"impegno x turi\" style=\"margin: 0px 3px;\" \/><\/p>\n<p style=\"text-align: right;\" align=\"right\"><strong>AL PRESIDENTE DEL CONSIGLIO COMUNALE<\/strong><\/p>\n<p style=\"text-align: right;\" align=\"right\"><strong>AI CONSIGLIERI DEL CONSIGLIO DEL COMUNE <\/strong><\/p>\n<p style=\"text-align: right;\" align=\"right\"><strong>T U R I <\/strong><\/p>\n<p style=\"text-align: right;\" align=\"right\"><strong>&nbsp;<\/strong><\/p>\n<p style=\"text-align: justify;\"><strong>Oggetto : &nbsp;Mozione ai sensi dell\u2019art.16 comma 8 del vigente &nbsp;&nbsp;&nbsp;&nbsp;&nbsp;&nbsp;&nbsp;&nbsp;&nbsp;&nbsp;&nbsp;&nbsp;&nbsp;&nbsp;&nbsp;&nbsp;&nbsp;&nbsp;&nbsp;&nbsp;&nbsp;&nbsp;&nbsp;&nbsp;&nbsp;&nbsp;&nbsp; &nbsp;&nbsp;&nbsp;&nbsp;&nbsp;&nbsp;&nbsp;&nbsp; Regolamento Comunale.<\/strong><\/p>\n<p style=\"text-align: justify;\"><strong>&nbsp;<\/strong><\/p>\n<p style=\"text-align: justify;\">Alla luce dei drammatici avvenimenti che hanno colpito&nbsp; l\u2019Emilia Romagna, devastata dal sisma &nbsp;i cui effetti non sembrano ancora arrestarsi;<\/p>\n<p style=\"text-align: justify;\">Considerato che Vignola (Modena), Comune partner insieme a Turi nell\u2019Associazione \u201cCitt\u00e0 delle Ciliegie\u201d, pur non essendo un comune particolarmente danneggiato dal terremoto, si sta prodigando in un\u2019opera di primo soccorso, accoglienza ed aiuto nel fronteggiare questa terribile emergenza;<\/p>\n<p style=\"text-align: justify;\">Spinti dallo spirito di solidariet\u00e0 che naturalmente dovrebbe caratterizzare la partecipazione attiva ad associazioni ed organismi&nbsp; sovra territoriali anche oltre le loro specifiche finalit\u00e0 costitutive;<\/p>\n<p style=\"text-align: justify;\">Ancor pi\u00f9 motivati dalla volont\u00e0 di esprimere un concreto gesto di vicinanza non solo emotiva con le popolazioni cos\u00ec duramente colpite,<\/p>\n<p style=\"text-align: justify;\">I Consiglieri comunali del gruppo \u201cImpegno per Turi\u201d propongono al Consiglio comunale che, lo stesso, si faccia promotore, attraverso il proprio Presidente, di una iniziativa di solidariet\u00e0 che tenda a coinvolgere tutti i Comuni e gli Enti iscritti all\u2019Associazione Nazionale \u201cCitt\u00e0 delle Ciliegie\u201d, istituendo uno specifico intervento di spesa nel Bilancio di Previsione 2012, per un importo eventualmente da concordare, a beneficio delle popolazioni dell\u2019Emilia Romagna.<\/p>\n<p style=\"text-align: justify;\">Affinch\u00e9 &nbsp;la nostra proposta non abbia a gravare oltre misura sul bilancio del Comune di Turi, i sottoscritti Consiglieri&nbsp; suggeriscono di finanziare l\u2019intervento di spesa rinunciando alla indennit\u00e0 di presenza a loro spettante per i Consigli comunali di tutto il 2012 e lasciando alla sensibilit\u00e0 della Giunta e della Maggioranza la quantificazione del proprio contributo personale.<\/p>\n<p style=\"text-align: justify;\">Le modalit\u00e0 di raccolta, gestione e destinazione del fondo di solidariet\u00e0, costituito insieme agli altri Comuni coinvolti, possono essere concordate con l\u2019organismo direttivo della stessa associazione nazionale.<\/p>\n<p style=\"text-align: justify;\">Confidando in un favorevole accoglimento della presente mozione, ispirata esclusivamente da nobili finalit\u00e0 e da spontanea sensibilit\u00e0 istituzionale, i sottoscritti consiglieri auspicano che nel contempo l\u2019Amministrazione Comunale ponga in essere ogni possibile iniziativa di coinvolgimento dell\u2019intera cittadinanza oltrech\u00e9 degli operatori economici direttamente interessati alla produzione ed alla commercializzazione delle ciliegie, soprattutto alla vigilia dell\u2019importante appuntamento della sagra.<\/p>\n<p style=\"text-align: justify;\">&nbsp;<\/p>\n<p style=\"text-align: right;\">I Consiglieri Comunali :<\/p>\n<p style=\"text-align: right;\">Francesco Nicola MERCIERI&nbsp;<\/p>\n<p style=\"text-align: right;\">Rocco BIRARDI<\/p>\n<p style=\"text-align: right;\">Domenica LENATO<\/p>\n","protected":false},"excerpt":{"rendered":"<p style=\"text-align: justify;\">&nbsp;<img loading=\"lazy\" decoding=\"async\" class=\" size-full wp-image-9249\" src=\"https:\/\/archivioturi.lavocedelpaese.info\/wp-content\/uploads\/2012\/06\/impegno-x-turi.JPG\" width=\"320\" height=\"150\" alt=\"impegno x turi\" style=\"margin: 0px 3px;\" \/><\/p>\n","protected":false},"author":1,"featured_media":9249,"comment_status":"open","ping_status":"closed","sticky":false,"template":"","format":"standard","meta":{"colormag_page_container_layout":"default_layout","colormag_page_sidebar_layout":"default_layout","footnotes":""},"categories":[4],"tags":[],"class_list":["post-9250","post","type-post","status-publish","format-standard","has-post-thumbnail","hentry","category-politica"],"_links":{"self":[{"href":"https:\/\/archivioturi.lavocedelpaese.info\/index.php\/wp-json\/wp\/v2\/posts\/9250","targetHints":{"allow":["GET"]}}],"collection":[{"href":"https:\/\/archivioturi.lavocedelpaese.info\/index.php\/wp-json\/wp\/v2\/posts"}],"about":[{"href":"https:\/\/archivioturi.lavocedelpaese.info\/index.php\/wp-json\/wp\/v2\/types\/post"}],"author":[{"embeddable":true,"href":"https:\/\/archivioturi.lavocedelpaese.info\/index.php\/wp-json\/wp\/v2\/users\/1"}],"replies":[{"embeddable":true,"href":"https:\/\/archivioturi.lavocedelpaese.info\/index.php\/wp-json\/wp\/v2\/comments?post=9250"}],"version-history":[{"count":0,"href":"https:\/\/archivioturi.lavocedelpaese.info\/index.php\/wp-json\/wp\/v2\/posts\/9250\/revisions"}],"wp:featuredmedia":[{"embeddable":true,"href":"https:\/\/archivioturi.lavocedelpaese.info\/index.php\/wp-json\/wp\/v2\/media\/9249"}],"wp:attachment":[{"href":"https:\/\/archivioturi.lavocedelpaese.info\/index.php\/wp-json\/wp\/v2\/media?parent=9250"}],"wp:term":[{"taxonomy":"category","embeddable":true,"href":"https:\/\/archivioturi.lavocedelpaese.info\/index.php\/wp-json\/wp\/v2\/categories?post=9250"},{"taxonomy":"post_tag","embeddable":true,"href":"https:\/\/archivioturi.lavocedelpaese.info\/index.php\/wp-json\/wp\/v2\/tags?post=9250"}],"curies":[{"name":"wp","href":"https:\/\/api.w.org\/{rel}","templated":true}]}}