{"id":9244,"date":"2012-06-08T06:06:21","date_gmt":"2012-06-08T06:06:21","guid":{"rendered":"https:\/\/archivioturi.lavocedelpaese.info\/index.php\/2012\/06\/08\/a-turi-si-parla-con-i-libri-in-edicola\/"},"modified":"2012-06-08T06:06:21","modified_gmt":"2012-06-08T06:06:21","slug":"a-turi-si-parla-con-i-libri-in-edicola","status":"publish","type":"post","link":"https:\/\/archivioturi.lavocedelpaese.info\/index.php\/2012\/06\/08\/a-turi-si-parla-con-i-libri-in-edicola\/","title":{"rendered":"A Turi si parla con i libri &#8211; in edicola"},"content":{"rendered":"<p><img loading=\"lazy\" decoding=\"async\" class=\" size-full wp-image-9243\" src=\"https:\/\/archivioturi.lavocedelpaese.info\/wp-content\/uploads\/2012\/06\/turi22-12.JPG\" width=\"320\" height=\"150\" alt=\"turi22 12\" style=\"margin: 0px 3px;\" srcset=\"https:\/\/archivioturi.lavocedelpaese.info\/wp-content\/uploads\/2012\/06\/turi22-12.JPG 640w, https:\/\/archivioturi.lavocedelpaese.info\/wp-content\/uploads\/2012\/06\/turi22-12-300x141.jpg 300w\" sizes=\"auto, (max-width: 320px) 100vw, 320px\" \/><\/p>\n<p>Sicurezza, legalit\u00e0 e ordine pubblico: alcune delle pro\u00eciorit\u00e0 dell&#8217;Amministrazione Resta<\/p>\n<p>Learning Coffee 2012: Stop all&#8217;economia dell&#8217;usa e getta<\/p>\n<p>Campo sportivo: il primo sopralluogo<\/p>\n<p>Stef\u00e0no &#8211; Boccardi: proposte che fanno discutere<\/p>\n<p>Commissione di esperti: il commento di Nico Catalano<\/p>\n<p>&#8220;Sagra della Ciliegia Ferrovia&#8221;: presentata in conferenza stampa<\/p>\n<p>&#8220;Perla Rossa&#8221;: Presentato il nuovo marchio<\/p>\n<p>Euro: i retroscena di un alto tradimento<\/p>\n<p>Ancora attesa per l&#8217;area dell&#8217;ex ospedale<\/p>\n<p>Senza infermieri sul 118<\/p>\n<p>&#8220;Entro 5 mesi ristriuttureremo l&#8217;ex conema Zaccheo&#8221;<\/p>\n<p>Il Maresciallo sacchetti alla Cerimonia dell&#8217;Arma<\/p>\n<p>Camion contro auto: nessun ferito<\/p>\n<p>Tamponamento in via Putignano<\/p>\n<p>Sopravvissuti al terremoto di Finale Emilia<\/p>\n<p>Al via &#8220;DiDiario&#8221; &#8211; i buoni e i cattivi di carta&#8221;<\/p>\n<p>Pro Loco: vicini ai terremotati dell&#8217;Emilia<\/p>\n<p>Buche stradali: un percorso per Turi<\/p>\n<p>Le parole di Fiorente<\/p>\n<p>I margini di crescita economica sono nella valorizzazione del capitale umano<\/p>\n<p>Pi\u00f9 soprio, ma pur sempre, 2 giugno<\/p>\n<p>Bollenti spiriti Camp: Turi tra i partecipanti<\/p>\n<p>Presentata la nuova collezione Marazzi<\/p>\n<p>Le Cignette. Insieme per donare<\/p>\n<p>Scienza e fede si incotrano in parrocchia<\/p>\n<p>Turi a &#8220;Gusto Polis&#8221;<\/p>\n<p>La comunicazione: il viaggio nel tempo della scuola Primaria<\/p>\n<p>Pegaso: successo ai paralimpici<\/p>\n<p>&#8220;Senza Corpi&#8221; si colorano i sogni e si accendono le speranze<\/p>\n<p>Un laboratorio davvero sorprendente<\/p>\n<p>Forti emozioni per il saluto alla &#8220;Don Tonino Bello&#8221;<\/p>\n<p>Il sabato turese a Castellana con &#8230; Richard Sinclair<\/p>\n<p>Successo per la gara di Karate children<\/p>\n<p>Barbaro: &#8220;Turi, che bella realt\u00e0&#8221;<\/p>\n<p>Bianco vola a Conversano<\/p>\n<p>Vigore batte Esperienza 2 -0<\/p>\n<p>La pagina di religione<\/p>\n<p>La pagina di giochi<\/p>\n<p>Oroscopo e meteo<\/p>\n","protected":false},"excerpt":{"rendered":"<p><img loading=\"lazy\" decoding=\"async\" class=\" size-full wp-image-9243\" src=\"https:\/\/archivioturi.lavocedelpaese.info\/wp-content\/uploads\/2012\/06\/turi22-12.JPG\" width=\"320\" height=\"150\" alt=\"turi22 12\" style=\"margin: 0px 3px;\" srcset=\"https:\/\/archivioturi.lavocedelpaese.info\/wp-content\/uploads\/2012\/06\/turi22-12.JPG 640w, https:\/\/archivioturi.lavocedelpaese.info\/wp-content\/uploads\/2012\/06\/turi22-12-300x141.jpg 300w\" sizes=\"auto, (max-width: 320px) 100vw, 320px\" \/><\/p>\n","protected":false},"author":1,"featured_media":9243,"comment_status":"open","ping_status":"closed","sticky":false,"template":"","format":"standard","meta":{"colormag_page_container_layout":"default_layout","colormag_page_sidebar_layout":"default_layout","footnotes":""},"categories":[6],"tags":[],"class_list":["post-9244","post","type-post","status-publish","format-standard","has-post-thumbnail","hentry","category-cultura"],"_links":{"self":[{"href":"https:\/\/archivioturi.lavocedelpaese.info\/index.php\/wp-json\/wp\/v2\/posts\/9244","targetHints":{"allow":["GET"]}}],"collection":[{"href":"https:\/\/archivioturi.lavocedelpaese.info\/index.php\/wp-json\/wp\/v2\/posts"}],"about":[{"href":"https:\/\/archivioturi.lavocedelpaese.info\/index.php\/wp-json\/wp\/v2\/types\/post"}],"author":[{"embeddable":true,"href":"https:\/\/archivioturi.lavocedelpaese.info\/index.php\/wp-json\/wp\/v2\/users\/1"}],"replies":[{"embeddable":true,"href":"https:\/\/archivioturi.lavocedelpaese.info\/index.php\/wp-json\/wp\/v2\/comments?post=9244"}],"version-history":[{"count":0,"href":"https:\/\/archivioturi.lavocedelpaese.info\/index.php\/wp-json\/wp\/v2\/posts\/9244\/revisions"}],"wp:featuredmedia":[{"embeddable":true,"href":"https:\/\/archivioturi.lavocedelpaese.info\/index.php\/wp-json\/wp\/v2\/media\/9243"}],"wp:attachment":[{"href":"https:\/\/archivioturi.lavocedelpaese.info\/index.php\/wp-json\/wp\/v2\/media?parent=9244"}],"wp:term":[{"taxonomy":"category","embeddable":true,"href":"https:\/\/archivioturi.lavocedelpaese.info\/index.php\/wp-json\/wp\/v2\/categories?post=9244"},{"taxonomy":"post_tag","embeddable":true,"href":"https:\/\/archivioturi.lavocedelpaese.info\/index.php\/wp-json\/wp\/v2\/tags?post=9244"}],"curies":[{"name":"wp","href":"https:\/\/api.w.org\/{rel}","templated":true}]}}