{"id":9199,"date":"2012-06-05T08:04:39","date_gmt":"2012-06-05T08:04:39","guid":{"rendered":"https:\/\/archivioturi.lavocedelpaese.info\/index.php\/2012\/06\/05\/qdoppia-preferenzaq-una-raccolta-firme-trasversale\/"},"modified":"2012-06-05T08:04:39","modified_gmt":"2012-06-05T08:04:39","slug":"qdoppia-preferenzaq-una-raccolta-firme-trasversale","status":"publish","type":"post","link":"https:\/\/archivioturi.lavocedelpaese.info\/index.php\/2012\/06\/05\/qdoppia-preferenzaq-una-raccolta-firme-trasversale\/","title":{"rendered":"&#8220;Doppia Preferenza&#8221;: una raccolta firme trasversale"},"content":{"rendered":"<p style=\"text-align: justify;\"><img loading=\"lazy\" decoding=\"async\" class=\" size-full wp-image-9198\" src=\"https:\/\/archivioturi.lavocedelpaese.info\/wp-content\/uploads\/2012\/06\/lavinia-orl.JPG\" width=\"320\" height=\"160\" alt=\"lavinia orl\" style=\"margin: 0px 3px;\" srcset=\"https:\/\/archivioturi.lavocedelpaese.info\/wp-content\/uploads\/2012\/06\/lavinia-orl.JPG 640w, https:\/\/archivioturi.lavocedelpaese.info\/wp-content\/uploads\/2012\/06\/lavinia-orl-300x150.jpg 300w\" sizes=\"auto, (max-width: 320px) 100vw, 320px\" \/><\/p>\n<p style=\"text-align: justify;\">Domenica pomeriggio la villa comunale \u00e8 stata interessata da una raccolta firme che ha coinvolto numerosi cittadini. Ne abbiamo parlato con l&#8217;organizzatrice della stessa. Di cosa si tratta e le motivazioni. Le chiediamo a Lavinia Orlando.<\/p>\n<p style=\"text-align: justify;\"><strong>Per cosa era finalizzata la raccolta firme e perch\u00e9?<\/strong><\/p>\n<p style=\"text-align: justify;\">Si tratta della raccolta firme a sostegno della proposta di legge regionale di iniziativa popolare per la pari rappresentanza di donne e uomini nel Consiglio Regionale della Puglia. Le novit\u00e0 introdotte dalla proposta consistono nel fatto che in ogni lista nessuno dei due sessi possa essere rappresentato in misura superiore al 50% (a pena di inammissibilit\u00e0 della lista) e che nei programmi di comunicazione politica debba essere assicurata la presenza paritaria dei candidati di entrambi i sessi. Ulteriore innovazione \u00e8 rappresentata dalla possibilit\u00e0 per l&#8217;elettore di scegliere se esprimere uno o due voti di preferenza: qualora dovesse esprimerne due, i voti non potranno riferirsi a candidati dello stesso sesso (a pena di nullit\u00e0 della seconda preferenza). Tali modifiche, ovviamente, andrebbero ad innestarsi sulla gi\u00e0 vigente legge regionale per l&#8217;elezione del Consiglio regionale, al fine di incentivare la presenza femminile in politica.<\/p>\n<p style=\"text-align: justify;\"><strong>Quante firme avete raccolto e come ha recepito, la cittadinanza, l&#8217;iniziativa?<\/strong><\/p>\n<p style=\"text-align: justify;\">Abbiamo gi\u00e0 sperimentato, nelle precedenti raccolte firme che abbiamo organizzato, di come sia difficile, qui a Turi, riuscire ad avvicinare la gente, spiegare il senso dell&#8217;iniziativa, chiedere di fornire dati personali e, addirittura, far apporre una firma. In ogni caso, abbiamo cercato di fermare quanti pi\u00f9 concittadini fosse possibile: alcuni si sono dimostrati totalmente indifferenti, mentre altri hanno apposto la propria firma e si sono fermati con noi a chiacchierare, dando vita ad un proficuo scambio di opinioni e considerazioni. Nei due giorni finora impiegati abbiamo raccolto all&#8217;incirca un centinaio di consensi, un risultato comunque positivo.<\/p>\n<p style=\"text-align: justify;\"><strong>Non si \u00e8 avuta molta pubblicizzazione della stessa, quindi qualcuno avrebbe voluto porre anche la sua firma, ma non ha potuto. Pu\u00f2 ancora farlo?<\/strong><\/p>\n<p style=\"text-align: justify;\">Certo, impiegheremo di sicuro altre serate per raccogliere ulteriori firme, cercando di&nbsp; pubblicizzarle meglio rispetto alle giornate passate. Stiamo, inoltre, pensando di organizzare delle iniziative volte a spiegare in modo pi\u00f9 particolareggiato la proposta di modifica, invitando relatori qualificati e coinvolgendo le stesse relatrici della legge.<\/p>\n<p style=\"text-align: justify;\"><strong>A chi le presenterete e cosa sperate di ottenere? In quali tempi?<\/strong><\/p>\n<p style=\"text-align: justify;\">Le firme saranno consegnate al Consiglio regionale della Puglia, affinch\u00e9 lo stesso provveda a discutere e votare la proposta. Perch\u00e9 questo possa avvenire, sar\u00e0 necessario raccogliere almeno 15000 firme in tutta la nostra regione. La raccolta si \u00e8 aperta il 3 marzo e si chiuder\u00e0 all&#8217;inizio di settembre. La necessit\u00e0 di una legge di questo tipo deriva da una semplice constatazione: la nostra Regione fornisce l&#8217;imbarazzante primato della presenza di tre sole donne in Consiglio Regionale, su di un totale di settanta consiglieri (pari al 4,28% dell&#8217;intera rappresentanza). Per quanto si possa essere contrari alla forzatura presente nella proposta di legge, non si pu\u00f2 non essere altrettanto convinti che tale forzatura sia necessaria al fine di rendere la nostra democrazia effettivamente paritaria.<\/p>\n<p style=\"text-align: justify;\"><strong>La raccolta firme \u00e8 a nome di Rifondazione Comunista o di Turi citt\u00e0 Futura? Se quest&#8217;ultimo, rappresenta la prima azione politica dell&#8217;opposizione in piazza?<\/strong><\/p>\n<p style=\"text-align: justify;\">La raccolta firme \u00e8 a nome del Comitato &#8220;Doppia Preferenza&#8221;; noi di Turi Citt\u00e0 Futura abbiamo ritenuto di organizzare materialmente l&#8217;iniziativa, ma \u00e8 bene sottolineare che si tratta di una proposta di legge assolutamente trasversale, basti pensare che tra le relatrici della modifica vi sono anche donne di destra. Nulla a che vedere, dunque, con le beghe politiche locali, si tratta di un progetto che \u00e8 stato condiviso in modo bipartisan e sarebbe bello se, anche qui a Turi, vi aderissero donne e uomini in maniera trasversale, a cominciare, ovviamente, dalle consigliere comunali (la consigliera di &#8220;Impegno per Turi&#8221;, Domenica Lenato, ci sta gi\u00e0 dando una mano).<strong><\/strong><\/p>\n","protected":false},"excerpt":{"rendered":"<p style=\"text-align: justify;\"><img loading=\"lazy\" decoding=\"async\" class=\" size-full wp-image-9198\" src=\"https:\/\/archivioturi.lavocedelpaese.info\/wp-content\/uploads\/2012\/06\/lavinia-orl.JPG\" width=\"320\" height=\"160\" alt=\"lavinia orl\" style=\"margin: 0px 3px;\" srcset=\"https:\/\/archivioturi.lavocedelpaese.info\/wp-content\/uploads\/2012\/06\/lavinia-orl.JPG 640w, https:\/\/archivioturi.lavocedelpaese.info\/wp-content\/uploads\/2012\/06\/lavinia-orl-300x150.jpg 300w\" sizes=\"auto, (max-width: 320px) 100vw, 320px\" \/><\/p>\n","protected":false},"author":1,"featured_media":9198,"comment_status":"open","ping_status":"closed","sticky":false,"template":"","format":"standard","meta":{"colormag_page_container_layout":"default_layout","colormag_page_sidebar_layout":"default_layout","footnotes":""},"categories":[4],"tags":[],"class_list":["post-9199","post","type-post","status-publish","format-standard","has-post-thumbnail","hentry","category-politica"],"_links":{"self":[{"href":"https:\/\/archivioturi.lavocedelpaese.info\/index.php\/wp-json\/wp\/v2\/posts\/9199","targetHints":{"allow":["GET"]}}],"collection":[{"href":"https:\/\/archivioturi.lavocedelpaese.info\/index.php\/wp-json\/wp\/v2\/posts"}],"about":[{"href":"https:\/\/archivioturi.lavocedelpaese.info\/index.php\/wp-json\/wp\/v2\/types\/post"}],"author":[{"embeddable":true,"href":"https:\/\/archivioturi.lavocedelpaese.info\/index.php\/wp-json\/wp\/v2\/users\/1"}],"replies":[{"embeddable":true,"href":"https:\/\/archivioturi.lavocedelpaese.info\/index.php\/wp-json\/wp\/v2\/comments?post=9199"}],"version-history":[{"count":0,"href":"https:\/\/archivioturi.lavocedelpaese.info\/index.php\/wp-json\/wp\/v2\/posts\/9199\/revisions"}],"wp:featuredmedia":[{"embeddable":true,"href":"https:\/\/archivioturi.lavocedelpaese.info\/index.php\/wp-json\/wp\/v2\/media\/9198"}],"wp:attachment":[{"href":"https:\/\/archivioturi.lavocedelpaese.info\/index.php\/wp-json\/wp\/v2\/media?parent=9199"}],"wp:term":[{"taxonomy":"category","embeddable":true,"href":"https:\/\/archivioturi.lavocedelpaese.info\/index.php\/wp-json\/wp\/v2\/categories?post=9199"},{"taxonomy":"post_tag","embeddable":true,"href":"https:\/\/archivioturi.lavocedelpaese.info\/index.php\/wp-json\/wp\/v2\/tags?post=9199"}],"curies":[{"name":"wp","href":"https:\/\/api.w.org\/{rel}","templated":true}]}}