{"id":9189,"date":"2012-06-06T07:13:11","date_gmt":"2012-06-06T07:13:11","guid":{"rendered":"https:\/\/archivioturi.lavocedelpaese.info\/index.php\/2012\/06\/06\/qlegalita-e-trasparenzaq-le-indicazioni-di-denovellis\/"},"modified":"2012-06-06T07:13:11","modified_gmt":"2012-06-06T07:13:11","slug":"qlegalita-e-trasparenzaq-le-indicazioni-di-denovellis","status":"publish","type":"post","link":"https:\/\/archivioturi.lavocedelpaese.info\/index.php\/2012\/06\/06\/qlegalita-e-trasparenzaq-le-indicazioni-di-denovellis\/","title":{"rendered":"&#8220;Legalit\u00e0 e trasparenza&#8221;. Le indicazioni di Denovellis"},"content":{"rendered":"<p style=\"text-align: justify;\"><img loading=\"lazy\" decoding=\"async\" class=\" size-full wp-image-9041\" src=\"https:\/\/archivioturi.lavocedelpaese.info\/wp-content\/uploads\/2012\/05\/denovellis-gaetano.png\" width=\"320\" height=\"151\" alt=\"denovellis gaetano\" style=\"margin: 0px 3px;\" srcset=\"https:\/\/archivioturi.lavocedelpaese.info\/wp-content\/uploads\/2012\/05\/denovellis-gaetano.png 638w, https:\/\/archivioturi.lavocedelpaese.info\/wp-content\/uploads\/2012\/05\/denovellis-gaetano-300x142.png 300w\" sizes=\"auto, (max-width: 320px) 100vw, 320px\" \/><\/p>\n<p style=\"text-align: justify;\"><strong>Un&#8217;importante assessorato, quello dell&#8217;urbanistica, anche se al centro dell&#8217;attenzione da parte di tutti in virt\u00f9 di eventi passati che hanno fatto molto discutere. Come mai ha accettato questo incarico alla sua prima esperienza?<\/strong><\/p>\n<p style=\"text-align: justify;\">Questo incarico mi \u00e8 stato offerto ed \u00e8 stato molto naturale e spontaneo accettare, senza alcuna riserva, la fiducia che il nostro Sindaco ha dimostrato nei miei confronti.<strong><\/strong><\/p>\n<p style=\"text-align: justify;\"><strong>Sa gi\u00e0 cosa le aspetta? Teme di scoprire il vaso di Pandora o \u00e8 fiducioso sulla documentazione inerente questo settore?<\/strong><\/p>\n<p style=\"text-align: justify;\">So che mi aspetta un grandissimo lavoro, ma questo penso valga per tutti i miei colleghi assessori e per i vari consiglieri incaricati. Sono sicuro comunque che, favorendo il gioco di squadra, faremo un buon lavoro.<\/p>\n<p style=\"text-align: justify;\"><strong>Suo padre \u00e8 stato in passato gi\u00e0 artefice di denunce contro l&#8217;amministrazione uscente che riguardavano proprio concessioni edilizie. Sar\u00e0 da l\u00ec che inizier\u00e0 il suo percorso?<\/strong><\/p>\n<p style=\"text-align: justify;\">Il percorso di tutta la nuova amministrazione \u00e8 improntato sulla legalit\u00e0 e sulla trasparenza.<\/p>\n<p style=\"text-align: justify;\"><strong>Il PUG approvato poco tempo fa, pone determinate regole in materia di concessioni edilizie. \u00c8 anche vero che prima di questa approvazione, sono state concesse circa quaranta concessioni. Come mai? E cosa ci aspetta per l\u2019imminente futuro?<\/strong><\/p>\n<p style=\"text-align: justify;\">Questa \u00e8 una domanda da porre al responsabile dell\u2019ufficio tecnico che le ha rilasciate, per l\u2019imminente futuro prevedo di finire l\u2019iter burocratico del PUG.<\/p>\n<p style=\"text-align: justify;\"><strong>Turi continuer\u00e0 ad essere invasa incautamente dal cemento come sta succedendo da un po\u2019 di tempo a questa parte?<\/strong><\/p>\n<p style=\"text-align: justify;\">Il mio assessorato si occuper\u00e0 principalmente di offrire a quelle zone gi\u00e0 edificate i necessari servizi e spazi per la collettivit\u00e0, naturalmente ove questo sia possibile.<\/p>\n<p style=\"text-align: justify;\"><strong>In tanti sostengono che nel P.U.G. appena approvato ci sono molti punti che indurrebbero ad interpretazioni diverse. In sostanza, non ci sono regole univoche e assolute. \u00c8 vero?<\/strong><\/p>\n<p style=\"text-align: justify;\">Il PUG \u00e8 al vaglio della regione, se sorgeranno problemi sulla non univocit\u00e0 di alcune \u201cregole\u201d prenderemo provvedimenti in materia.<\/p>\n<p style=\"text-align: justify;\"><strong>Quale sar\u00e0 la prima azione che intende compiere in qualit\u00e0 di Assessore all\u2019Urbanistica?<\/strong><\/p>\n<p style=\"text-align: justify;\">Ottimizzare i servizi che offre il settore urbanistico al cittadino, accorciando i tempi di attesa, favorendo quelle che sono le esigenze dei cittadini.<\/p>\n","protected":false},"excerpt":{"rendered":"<p style=\"text-align: justify;\"><img loading=\"lazy\" decoding=\"async\" class=\" size-full wp-image-9041\" src=\"https:\/\/archivioturi.lavocedelpaese.info\/wp-content\/uploads\/2012\/05\/denovellis-gaetano.png\" width=\"320\" height=\"151\" alt=\"denovellis gaetano\" style=\"margin: 0px 3px;\" srcset=\"https:\/\/archivioturi.lavocedelpaese.info\/wp-content\/uploads\/2012\/05\/denovellis-gaetano.png 638w, https:\/\/archivioturi.lavocedelpaese.info\/wp-content\/uploads\/2012\/05\/denovellis-gaetano-300x142.png 300w\" sizes=\"auto, (max-width: 320px) 100vw, 320px\" \/><\/p>\n","protected":false},"author":1,"featured_media":9041,"comment_status":"open","ping_status":"closed","sticky":false,"template":"","format":"standard","meta":{"colormag_page_container_layout":"default_layout","colormag_page_sidebar_layout":"default_layout","footnotes":""},"categories":[4],"tags":[],"class_list":["post-9189","post","type-post","status-publish","format-standard","has-post-thumbnail","hentry","category-politica"],"_links":{"self":[{"href":"https:\/\/archivioturi.lavocedelpaese.info\/index.php\/wp-json\/wp\/v2\/posts\/9189","targetHints":{"allow":["GET"]}}],"collection":[{"href":"https:\/\/archivioturi.lavocedelpaese.info\/index.php\/wp-json\/wp\/v2\/posts"}],"about":[{"href":"https:\/\/archivioturi.lavocedelpaese.info\/index.php\/wp-json\/wp\/v2\/types\/post"}],"author":[{"embeddable":true,"href":"https:\/\/archivioturi.lavocedelpaese.info\/index.php\/wp-json\/wp\/v2\/users\/1"}],"replies":[{"embeddable":true,"href":"https:\/\/archivioturi.lavocedelpaese.info\/index.php\/wp-json\/wp\/v2\/comments?post=9189"}],"version-history":[{"count":0,"href":"https:\/\/archivioturi.lavocedelpaese.info\/index.php\/wp-json\/wp\/v2\/posts\/9189\/revisions"}],"wp:featuredmedia":[{"embeddable":true,"href":"https:\/\/archivioturi.lavocedelpaese.info\/index.php\/wp-json\/wp\/v2\/media\/9041"}],"wp:attachment":[{"href":"https:\/\/archivioturi.lavocedelpaese.info\/index.php\/wp-json\/wp\/v2\/media?parent=9189"}],"wp:term":[{"taxonomy":"category","embeddable":true,"href":"https:\/\/archivioturi.lavocedelpaese.info\/index.php\/wp-json\/wp\/v2\/categories?post=9189"},{"taxonomy":"post_tag","embeddable":true,"href":"https:\/\/archivioturi.lavocedelpaese.info\/index.php\/wp-json\/wp\/v2\/tags?post=9189"}],"curies":[{"name":"wp","href":"https:\/\/api.w.org\/{rel}","templated":true}]}}