{"id":9100,"date":"2012-05-29T07:49:17","date_gmt":"2012-05-29T07:49:17","guid":{"rendered":"https:\/\/archivioturi.lavocedelpaese.info\/index.php\/2012\/05\/29\/notarnicola-qnon-penso-al-passo-indietroq\/"},"modified":"2012-05-29T07:49:17","modified_gmt":"2012-05-29T07:49:17","slug":"notarnicola-qnon-penso-al-passo-indietroq","status":"publish","type":"post","link":"https:\/\/archivioturi.lavocedelpaese.info\/index.php\/2012\/05\/29\/notarnicola-qnon-penso-al-passo-indietroq\/","title":{"rendered":"Notarnicola: &#8220;Non penso al passo indietro&#8221;"},"content":{"rendered":"<p style=\"text-align: justify;\"><img loading=\"lazy\" decoding=\"async\" class=\" size-full wp-image-9099\" src=\"https:\/\/archivioturi.lavocedelpaese.info\/wp-content\/uploads\/2012\/05\/vito-notarnicola.JPG\" width=\"320\" height=\"150\" alt=\"vito notarnicola\" style=\"margin: 0px 3px;\" \/><\/p>\n<div class=\"WordSection1\" style=\"text-align: justify;\">\n<p class=\"Quotations\">\u00c8 appena iniziata la sua attivit\u00e0 politica, ma gi\u00e0 ha acceso i riflettori sulla sua posizione in consiglio comunale: parliamo di Vito Notarnicola.<\/p>\n<p class=\"Quotations\"><strong><em>Tu e Nico Catalano in Consiglio Comunale a rappresentare la sinistra turese. Confermi quanto commentato che da questo nuovo panorama \u00e8 fuori il PD?<\/em><\/strong><\/p>\n<p class=\"Standard\">Confermo che il PD non \u00e8 presente in Consiglio Comunale; e questo per la banale constatazione che nessuno dei suoi esponenti ha raggiunto il numero sufficiente di voti. Tengo tuttavia a sottolineare che il partito in questione \u00e8 comunque all&#8217;interno del nostro percorso di opposizione, che siamo sicuri potr\u00e0 far affidamento sul sostegno e sull&#8217;esperienza del consigliere uscente, Pietro Risplendente. Noi del circolo &#8220;Gramsci&#8221; ci siamo fatti promotori di un contenitore politico di centrosinistra (risale al lontano agosto 2010, il dibattito da noi organizzato sul tema &#8220;Quale centrosinistra per Turi&#8221;), nell&#8217;ottica di generare un gruppo, in cui tutti i partiti che si riconoscessero in quei valori potessero contribuire al raggiungimento dell&#8217;obiettivo comune di governare in nostro paese. Tale risultato \u00e8 momentaneamente sfumato, ma ci\u00f2 non significa che il centrosinistra sia morto, anzi Catalano ed io rappresentiamo tutto il centrosinistra, PD incluso e cercheremo di consolidare ed accrescere il gruppo di &#8220;Turi Citt\u00e0 Futura&#8221;.<\/p>\n<p class=\"Standard\"><strong><em>&#8220;Esempio di buona politica sarebbe che Vito Notarnicola facesse un passo indietro e lasciasse il posto al PD&#8221;&#8230; Come giudichi questa voce?<\/em><\/strong><\/p>\n<p class=\"Standard\">Non ritengo che un mio eventuale passo indietro rappresenterebbe un esempio di buona politica. Le mie dimissioni, al contrario, sarebbero una pessima risposta nei confronti dei duecentoventi cittadini che hanno creduto in me e nel mio ultradecennale impegno politico e sociale. Del resto, chiunque partecipi ad una competizione politica, non pu\u00f2 non mettere in conto i rischi connessi, tra i quali anche quello di un consenso elettorale negativo. Nel mio caso, il rischio di non raccogliere un numero sufficiente di voti era, tra l&#8217;altro, accresciuto dal fatto che le primarie siano state vinte da Nico Catalano, esponente (come me) di S.E.L. e che il mio partito, proprio in seguito alla leardership di Catalano, abbia dovuto fare uno sforzo ulteriore nella composizione della lista, inserendo un buon numero di suoi militanti, con una conseguente frammentazione del voto, che avrebbe potuto andare a mio nocumento (cosa che, per fortuna, non si \u00e8 verificata).<\/p>\n<p class=\"Standard\"><strong><em>Tu e Catalano in opposizione con tre membri di &#8220;Impegno per Turi&#8221;. Avete gi\u00e0 pensato a che tipo di azione politica realizzerete?<\/em><\/strong><\/p>\n<p class=\"Standard\">La nostra opposizione sar\u00e0 attenta, puntuale e meticolosa; abbiamo gi\u00e0 dimostrato di non aver alcun timore nel denunciare tutto ci\u00f2 che non va, poteri forti e conflitti d&#8217;interesse inclusi. Con &#8220;Impegno per Turi&#8221;, abbiamo trovato alcuni punti di unione sin dalla campagna elettorale, vista la civilt\u00e0 e correttezza con cui entrambi l&#8217;abbiamo condotta e con loro stiamo tentando di mettere in atto un&#8217;opposizione organizzata e ben strutturata. Cercheremo di dialogare costantemente e di fare sintesi su ogni argomento: avremo sicuramente delle divergenze di opinioni, ma le utilizzeremo come spunto per arricchire la discussione e per creare i presupposti idonei per un&#8217;opposizione ancora pi\u00f9 incisiva.<\/p>\n<p class=\"Standard\"><strong><em>Quali saranno i vostri maggiori obiettivi?<\/em><\/strong><\/p>\n<p class=\"Standard\">Gli obiettivi sono e rimangono i punti del nostro programma. Come membri dell&#8217;opposizione, non vigileremo solo su tutti gli atti, ma cercheremo anche di essere propositivi, fornendo alcuni spunti programmatici per migliorare la situazione turese. Pensiamo, ad esempio, alla necessit\u00e0 di risanare il bilancio comunale, con un processo immediato di riscossione di tutti gli oneri arretrati; alla riorganizzazione della macchina amministrativa, cercando di equilibrare le risorse in tutti i settori; alla necessit\u00e0 di fornire adeguate risposte ai numerosi disagi che, nel sociale, molti turesi subiscono.<\/p>\n<p class=\"Standard\"><strong><em>Come lo stesso Catalano parl\u00f2, &#8220;Turi citt\u00e0 Futura&#8221; proseguir\u00e0 il suo percorso anche dopo le elezioni. Avete gi\u00e0 iniziato e in che modo pensate di portare in &#8220;piazza&#8221; quanto accade in Consiglio?<\/em><\/strong><\/p>\n<\/div>\n<p style=\"text-align: justify;\">&nbsp;<\/p>\n<p class=\"Standard\" style=\"text-align: justify;\">Certo, &#8220;Turi Citt\u00e0 Futura&#8221; continuer\u00e0 ad esistere, a cominciare dal nome che abbiamo deciso di dare al nostro gruppo consigliare. Inizieremo un percorso fatto di riunioni e confronti con la cittadinanza, per denunciare le irregolarit\u00e0 riscontrate, ma anche e soprattutto per ascoltare i bisogni e le istanze della gente. Tali incontri serviranno, inoltre, per supportare la nostra attivit\u00e0 di consiglieri, attraverso la messa a disposizione dei saperi e delle esperienze di ognuno come sinergia d&#8217;idee, d&#8217;impegno e di tanta sana partecipazione politica.&nbsp;<\/p>\n","protected":false},"excerpt":{"rendered":"<p style=\"text-align: justify;\"><img loading=\"lazy\" decoding=\"async\" class=\" size-full wp-image-9099\" src=\"https:\/\/archivioturi.lavocedelpaese.info\/wp-content\/uploads\/2012\/05\/vito-notarnicola.JPG\" width=\"320\" height=\"150\" alt=\"vito notarnicola\" style=\"margin: 0px 3px;\" \/><\/p>\n","protected":false},"author":1,"featured_media":9099,"comment_status":"open","ping_status":"closed","sticky":false,"template":"","format":"standard","meta":{"colormag_page_container_layout":"default_layout","colormag_page_sidebar_layout":"default_layout","footnotes":""},"categories":[4],"tags":[],"class_list":["post-9100","post","type-post","status-publish","format-standard","has-post-thumbnail","hentry","category-politica"],"_links":{"self":[{"href":"https:\/\/archivioturi.lavocedelpaese.info\/index.php\/wp-json\/wp\/v2\/posts\/9100","targetHints":{"allow":["GET"]}}],"collection":[{"href":"https:\/\/archivioturi.lavocedelpaese.info\/index.php\/wp-json\/wp\/v2\/posts"}],"about":[{"href":"https:\/\/archivioturi.lavocedelpaese.info\/index.php\/wp-json\/wp\/v2\/types\/post"}],"author":[{"embeddable":true,"href":"https:\/\/archivioturi.lavocedelpaese.info\/index.php\/wp-json\/wp\/v2\/users\/1"}],"replies":[{"embeddable":true,"href":"https:\/\/archivioturi.lavocedelpaese.info\/index.php\/wp-json\/wp\/v2\/comments?post=9100"}],"version-history":[{"count":0,"href":"https:\/\/archivioturi.lavocedelpaese.info\/index.php\/wp-json\/wp\/v2\/posts\/9100\/revisions"}],"wp:featuredmedia":[{"embeddable":true,"href":"https:\/\/archivioturi.lavocedelpaese.info\/index.php\/wp-json\/wp\/v2\/media\/9099"}],"wp:attachment":[{"href":"https:\/\/archivioturi.lavocedelpaese.info\/index.php\/wp-json\/wp\/v2\/media?parent=9100"}],"wp:term":[{"taxonomy":"category","embeddable":true,"href":"https:\/\/archivioturi.lavocedelpaese.info\/index.php\/wp-json\/wp\/v2\/categories?post=9100"},{"taxonomy":"post_tag","embeddable":true,"href":"https:\/\/archivioturi.lavocedelpaese.info\/index.php\/wp-json\/wp\/v2\/tags?post=9100"}],"curies":[{"name":"wp","href":"https:\/\/api.w.org\/{rel}","templated":true}]}}