{"id":9087,"date":"2012-05-22T08:37:16","date_gmt":"2012-05-22T08:37:16","guid":{"rendered":"https:\/\/archivioturi.lavocedelpaese.info\/index.php\/2012\/05\/22\/moramarcoho-sempre-creduto-nella-salvezza\/"},"modified":"2012-05-22T08:37:16","modified_gmt":"2012-05-22T08:37:16","slug":"moramarcoho-sempre-creduto-nella-salvezza","status":"publish","type":"post","link":"https:\/\/archivioturi.lavocedelpaese.info\/index.php\/2012\/05\/22\/moramarcoho-sempre-creduto-nella-salvezza\/","title":{"rendered":"Moramarco:\u201dHo sempre creduto nella salvezza\u201d"},"content":{"rendered":"<p>&nbsp;<img loading=\"lazy\" decoding=\"async\" class=\" size-full wp-image-9086\" src=\"https:\/\/archivioturi.lavocedelpaese.info\/wp-content\/uploads\/2012\/05\/Acqua-amata-Moramarco.jpg\" width=\"320\" height=\"150\" alt=\"Acqua-amata-Moramarco\" style=\"margin: 0px 3px;\" srcset=\"https:\/\/archivioturi.lavocedelpaese.info\/wp-content\/uploads\/2012\/05\/Acqua-amata-Moramarco.jpg 320w, https:\/\/archivioturi.lavocedelpaese.info\/wp-content\/uploads\/2012\/05\/Acqua-amata-Moramarco-300x141.jpg 300w\" sizes=\"auto, (max-width: 320px) 100vw, 320px\" \/><\/p>\n<p>&nbsp;<\/p>\n<p>&nbsp;<\/p>\n<p style=\"text-align: justify;\">Terminato il campionato di B2 femminile di volley abbiamo incontrato il tecnico dell\u2019Acqua Amata Turi, Pasquale Moramarco, 55 anni di Altamura che prima di andare a difendere i titoli di coppa Italia e scudetto &nbsp;nel campionato di beach volley in programma da met\u00e0 giugno con l\u2019Urbino ci racconta dal suo punto di vista la stagione appena conclusa.<\/p>\n<p style=\"text-align: justify;\"><strong>Obiettivo salvezza raggiunto, come valuti la stagione?<\/strong><\/p>\n<p style=\"text-align: justify;\">Estremamente positiva. Avevamo l\u2019obiettivo di migliorare l\u2019aspetto tecnico rispetto allo scorso anno e l\u2019acquisto di Branco ci ha garantito il salto di qualit\u00e0. Avevamo programmato anche di avere tre attaccanti importanti sulle bande, ma ad un certo punto della stagione abbiamo dovuto far a meno di una pedina rilevante (Rodriguez) che, per\u00f2, ci ha fatto sviluppare altre qualit\u00e0.<\/p>\n<p style=\"text-align: justify;\"><strong>Ad un certo punto qualche infortunio ha condizionato il percorso della squadra. Hai mai temuto di non farcela?<\/strong><\/p>\n<p style=\"text-align: justify;\">Fortunatamente non abbiamo mai subito infortuni gravi, soltanto qualche acciacco. In alcuni ruoli avevo le scelte obbligate, non avendo cambi a disposizione. Il gruppo \u00e8 stato molto bravo a tenere duro ogni volta che si presentava qualche difficolt\u00e0 sia sotto l\u2019aspetto fisico sia sotto l\u2019aspetto nervoso. Mi rendo conto che non era semplice. Con il mio compagno di viaggio, Antonio, ho sempre cercato di caricare le ragazze perch\u00e9 ho sempre ritenuto che la squadra potesse raggiungere l\u2019obiettivo finale.<\/p>\n<p style=\"text-align: justify;\"><strong>Condividi la scelta della rosa ridotta?<\/strong><\/p>\n<p style=\"text-align: justify;\">Quando si raggiungono degli obiettivi, tutti hanno ragione. A mio avviso ci sono due motivi per cui non si riesce a completare l\u2019organico. Da un lato non ci sono le risorse economiche e dall\u2019altro manca la tempestivit\u00e0. Sulla tempestivit\u00e0 ci dobbiamo assumere la responsabilit\u00e0. Il senso del nostro progetto \u00e8 la crescita. Se non siamo capaci da maggio a luglio di integrare nella rosa almeno due elementi vuol dire che qualcosa non quadra. Ritengo che la tempestivit\u00e0 non sia il nostro forte.<\/p>\n<p style=\"text-align: justify;\"><strong>Quindi per la prossima stagione vorresti due rinforzi?<\/strong><\/p>\n<p style=\"text-align: justify;\">Per la prossima stagione sempre riguardo alla tempestivit\u00e0 devo ancora sentire la societ\u00e0. Posso parlarti di ci\u00f2 che \u00e8 successo. Di quello che verr\u00e0 sto aspettando ancora che qualcuno si faccia vivo considerando che in dieci giorni non ho ricevuto nessuna telefonata.<\/p>\n<p style=\"text-align: justify;\"><strong>Un giudizio sulle tue ragazze?<\/strong><\/p>\n<p style=\"text-align: justify;\">Sono estremamente soddisfatto di tutte e te le nominer\u00f2 uno ad uno partendo da chi ha giocato di meno. Un plauso va sicuramente a Giardinelli, Sanitate e De Gennaro che hanno dato sempre il massimo in allenamento cercando di mettersi anche in mostra. Topputi d\u00e0 sempre un grosso contributo alla squadra. Il ruolo di capitano le \u00e8 entrato nella pelle. Se va in difficolt\u00e0 \u00e8 solo una difficolt\u00e0 mentale. A livello tecnico non si discute. Per quanto riguarda Branco e Renna ti posso parlare indifferentemente di entrambe. Penso che siano state il valore aggiunto di quest\u2019anno. Hanno fatto la differenza sia in fase d\u2019attacco sia in fase di muro. Boccuzzi ha faticato un po\u2019 all\u2019inizio poi \u00e8 venuta fuori ed ha mostrato una crescita costante. Per la prima volta titolare dall\u2019inizio ha disputato un buon campionato. La Forgia si \u00e8 sacrificata molto in un ruolo non suo. E\u2019 normale che uno pretende il massimo dalle sue giocatrici, ma riconosco che si \u00e8 sacrificata veramente per la bandiera. Non posso che ringraziare Silvia. Raguso \u00e8 cresciuta tanto. Se \u00e8 vero che le centrali sono state le migliori del campionato, questo lo devono anche a Mavi. Considerando l\u2019et\u00e0 di Mavi posso dire che Turi pu\u00f2 stare tranquillo perch\u00e9 avere una palleggiatrice in casa \u00e8 un grande vantaggio. Mi sono tenuto Monitillo per ultimo perch\u00e9 ha fatto un campionato ottimo. In attacco \u00e8 stata importante. Proviene da una terra (Altamura) dove hanno la testa dura e io ne so qualcosa. Se lei pensasse di pi\u00f9 a quelle che possono essere le sue qualit\u00e0, penso possa diventare il vero punto di riferimento della squadra. Non posso che essere contento delle sue performance in attacco ma pu\u00f2 dare qualcosa in pi\u00f9 in fase di ricezione.&nbsp;&nbsp;&nbsp;<\/p>\n","protected":false},"excerpt":{"rendered":"<p>&nbsp;<img loading=\"lazy\" decoding=\"async\" class=\" size-full wp-image-9086\" src=\"https:\/\/archivioturi.lavocedelpaese.info\/wp-content\/uploads\/2012\/05\/Acqua-amata-Moramarco.jpg\" width=\"320\" height=\"150\" alt=\"Acqua-amata-Moramarco\" style=\"margin: 0px 3px;\" srcset=\"https:\/\/archivioturi.lavocedelpaese.info\/wp-content\/uploads\/2012\/05\/Acqua-amata-Moramarco.jpg 320w, https:\/\/archivioturi.lavocedelpaese.info\/wp-content\/uploads\/2012\/05\/Acqua-amata-Moramarco-300x141.jpg 300w\" sizes=\"auto, (max-width: 320px) 100vw, 320px\" \/><\/p>\n<p>&nbsp;<\/p>\n","protected":false},"author":1,"featured_media":9086,"comment_status":"open","ping_status":"closed","sticky":false,"template":"","format":"standard","meta":{"colormag_page_container_layout":"default_layout","colormag_page_sidebar_layout":"default_layout","footnotes":""},"categories":[5],"tags":[],"class_list":["post-9087","post","type-post","status-publish","format-standard","has-post-thumbnail","hentry","category-sport"],"_links":{"self":[{"href":"https:\/\/archivioturi.lavocedelpaese.info\/index.php\/wp-json\/wp\/v2\/posts\/9087","targetHints":{"allow":["GET"]}}],"collection":[{"href":"https:\/\/archivioturi.lavocedelpaese.info\/index.php\/wp-json\/wp\/v2\/posts"}],"about":[{"href":"https:\/\/archivioturi.lavocedelpaese.info\/index.php\/wp-json\/wp\/v2\/types\/post"}],"author":[{"embeddable":true,"href":"https:\/\/archivioturi.lavocedelpaese.info\/index.php\/wp-json\/wp\/v2\/users\/1"}],"replies":[{"embeddable":true,"href":"https:\/\/archivioturi.lavocedelpaese.info\/index.php\/wp-json\/wp\/v2\/comments?post=9087"}],"version-history":[{"count":0,"href":"https:\/\/archivioturi.lavocedelpaese.info\/index.php\/wp-json\/wp\/v2\/posts\/9087\/revisions"}],"wp:featuredmedia":[{"embeddable":true,"href":"https:\/\/archivioturi.lavocedelpaese.info\/index.php\/wp-json\/wp\/v2\/media\/9086"}],"wp:attachment":[{"href":"https:\/\/archivioturi.lavocedelpaese.info\/index.php\/wp-json\/wp\/v2\/media?parent=9087"}],"wp:term":[{"taxonomy":"category","embeddable":true,"href":"https:\/\/archivioturi.lavocedelpaese.info\/index.php\/wp-json\/wp\/v2\/categories?post=9087"},{"taxonomy":"post_tag","embeddable":true,"href":"https:\/\/archivioturi.lavocedelpaese.info\/index.php\/wp-json\/wp\/v2\/tags?post=9087"}],"curies":[{"name":"wp","href":"https:\/\/api.w.org\/{rel}","templated":true}]}}