{"id":9028,"date":"2012-05-23T15:41:18","date_gmt":"2012-05-23T15:41:18","guid":{"rendered":"https:\/\/archivioturi.lavocedelpaese.info\/index.php\/2012\/05\/23\/ecco-la-giuntaseguiranno-i-rimpasti\/"},"modified":"2012-05-23T15:41:18","modified_gmt":"2012-05-23T15:41:18","slug":"ecco-la-giuntaseguiranno-i-rimpasti","status":"publish","type":"post","link":"https:\/\/archivioturi.lavocedelpaese.info\/index.php\/2012\/05\/23\/ecco-la-giuntaseguiranno-i-rimpasti\/","title":{"rendered":"Ecco la Giunta&#8230;e le indiscrezioni sulle deleghe"},"content":{"rendered":"<p><img loading=\"lazy\" decoding=\"async\" class=\" size-full wp-image-9027\" style=\"margin: 0px 3px;\" src=\"https:\/\/archivioturi.lavocedelpaese.info\/wp-content\/uploads\/2012\/05\/giunta-la-prima-edizione.png\" alt=\"giunta-la-prima-edizione\" width=\"320\" height=\"150\" srcset=\"https:\/\/archivioturi.lavocedelpaese.info\/wp-content\/uploads\/2012\/05\/giunta-la-prima-edizione.png 640w, https:\/\/archivioturi.lavocedelpaese.info\/wp-content\/uploads\/2012\/05\/giunta-la-prima-edizione-300x141.png 300w\" sizes=\"auto, (max-width: 320px) 100vw, 320px\" \/><\/p>\n<p style=\"text-align: justify;\"><strong>Turi: Le nostre fonti erano giuste e la Giunta sembra quella gi\u00e0 annunciata domenica scorsa.<\/strong><\/p>\n<p style=\"text-align: justify;\">Mariangela Volpicella, oltre ad essere Vicesindaco, avr\u00e0 la delega assessorile ai Servizi Sociali e Piani di Zona<\/p>\n<p style=\"text-align: justify;\">Flavio Tundo: lavori pubblici, Sport e Sanit\u00e0<\/p>\n<p style=\"text-align: justify;\">Maurizio Coppi: Polizia Municipale<\/p>\n<p style=\"text-align: justify;\">Gaetano Denovellis: Urbanistica<\/p>\n<p style=\"text-align: justify;\">Angelo Palmisano: Agricoltura<\/p>\n<p style=\"text-align: justify;\">Onofrio Resta, manterr\u00e0 il Bilancio, Finanza e Tributi<\/p>\n<p style=\"text-align: justify;\">Anche le voci su Tateo Capogruppo, sembrano confermate.<\/p>\n<p style=\"text-align: justify;\">____<\/p>\n<p style=\"text-align: justify;\">Ecco la Giunta. Definitiva secondo le nostre indiscrezioni. Tuttavia se poniamo qualche domanda ai neo eletti, nessuno sa nulla. Allora, stanchi di questo, li aiutiamo noi.<\/p>\n<p style=\"text-align: justify;\">Vicesindaco \u00e8 lei, Mariangela Volpicella. Nessuna novit\u00e0.<\/p>\n<p style=\"text-align: justify;\">Nessun dubbio anche per Flavio Tundo, primo degli eletti, in staffetta proprio per la carica di vicesindaco con la Volpicella, che alcune non confermabili voci, danno dimissionaria fra qualche tempo in favore di Cannito, secondo gli accordi iniziali, per onorare Gigantelli.<\/p>\n<p style=\"text-align: justify;\">Agricoltura per Angelo Palmisano che, secondo indiscrezioni, dovrebbe essere in staffetta con l&#8217;altro Palmisano, Tonio.<\/p>\n<p style=\"text-align: justify;\">Maurizio Coppi, Polizia Municipale, in staffetta&#8230; con molti.&nbsp;Denovellis dovrebbe dare il cambio alla Schettini.<\/p>\n<p style=\"text-align: justify;\">Tateo, sembra abbia dovuto lasciare il posto a Coppi, e dovr\u00e0 &#8220;accontentarsi&#8221; di essere capogruppo anche se qualcuno annuncia gi\u00e0 per lui alcune deleghe esterne. Cos\u00ec come altre deleghe saranno &#8220;sparse&#8221; fra i consiglieri.<\/p>\n<p style=\"text-align: justify;\">Cazzetta (e il suo gruppo) sono fuori&#8230; e questo \u00e8 il problema.<\/p>\n<p style=\"text-align: justify;\">L&#8217;ufficialit\u00e0 giunger\u00e0 a breve&#8230; ma noi auguriamo gi\u00e0 Buon Lavoro a tutti.<\/p>\n","protected":false},"excerpt":{"rendered":"<p><img loading=\"lazy\" decoding=\"async\" class=\" size-full wp-image-9027\" style=\"margin: 0px 3px;\" src=\"https:\/\/archivioturi.lavocedelpaese.info\/wp-content\/uploads\/2012\/05\/giunta-la-prima-edizione.png\" alt=\"giunta-la-prima-edizione\" width=\"320\" height=\"150\" srcset=\"https:\/\/archivioturi.lavocedelpaese.info\/wp-content\/uploads\/2012\/05\/giunta-la-prima-edizione.png 640w, https:\/\/archivioturi.lavocedelpaese.info\/wp-content\/uploads\/2012\/05\/giunta-la-prima-edizione-300x141.png 300w\" sizes=\"auto, (max-width: 320px) 100vw, 320px\" \/><\/p>\n","protected":false},"author":1,"featured_media":9027,"comment_status":"open","ping_status":"closed","sticky":false,"template":"","format":"standard","meta":{"colormag_page_container_layout":"default_layout","colormag_page_sidebar_layout":"default_layout","footnotes":""},"categories":[4],"tags":[],"class_list":["post-9028","post","type-post","status-publish","format-standard","has-post-thumbnail","hentry","category-politica"],"_links":{"self":[{"href":"https:\/\/archivioturi.lavocedelpaese.info\/index.php\/wp-json\/wp\/v2\/posts\/9028","targetHints":{"allow":["GET"]}}],"collection":[{"href":"https:\/\/archivioturi.lavocedelpaese.info\/index.php\/wp-json\/wp\/v2\/posts"}],"about":[{"href":"https:\/\/archivioturi.lavocedelpaese.info\/index.php\/wp-json\/wp\/v2\/types\/post"}],"author":[{"embeddable":true,"href":"https:\/\/archivioturi.lavocedelpaese.info\/index.php\/wp-json\/wp\/v2\/users\/1"}],"replies":[{"embeddable":true,"href":"https:\/\/archivioturi.lavocedelpaese.info\/index.php\/wp-json\/wp\/v2\/comments?post=9028"}],"version-history":[{"count":0,"href":"https:\/\/archivioturi.lavocedelpaese.info\/index.php\/wp-json\/wp\/v2\/posts\/9028\/revisions"}],"wp:featuredmedia":[{"embeddable":true,"href":"https:\/\/archivioturi.lavocedelpaese.info\/index.php\/wp-json\/wp\/v2\/media\/9027"}],"wp:attachment":[{"href":"https:\/\/archivioturi.lavocedelpaese.info\/index.php\/wp-json\/wp\/v2\/media?parent=9028"}],"wp:term":[{"taxonomy":"category","embeddable":true,"href":"https:\/\/archivioturi.lavocedelpaese.info\/index.php\/wp-json\/wp\/v2\/categories?post=9028"},{"taxonomy":"post_tag","embeddable":true,"href":"https:\/\/archivioturi.lavocedelpaese.info\/index.php\/wp-json\/wp\/v2\/tags?post=9028"}],"curies":[{"name":"wp","href":"https:\/\/api.w.org\/{rel}","templated":true}]}}