{"id":902,"date":"2009-12-05T18:24:37","date_gmt":"2009-12-05T18:24:37","guid":{"rendered":"https:\/\/archivioturi.lavocedelpaese.info\/index.php\/2009\/12\/05\/ventrella-turi-rischia-dissesto-finanziario\/"},"modified":"2009-12-05T18:24:37","modified_gmt":"2009-12-05T18:24:37","slug":"ventrella-turi-rischia-dissesto-finanziario","status":"publish","type":"post","link":"https:\/\/archivioturi.lavocedelpaese.info\/index.php\/2009\/12\/05\/ventrella-turi-rischia-dissesto-finanziario\/","title":{"rendered":"VENTRELLA: TURI RISCHIA DISSESTO FINANZIARIO"},"content":{"rendered":"<p><img loading=\"lazy\" decoding=\"async\" class=\" alignleft size-full wp-image-901\" style=\"float: left;\" alt=\"ventrella_640_x_300\" src=\"https:\/\/archivioturi.lavocedelpaese.info\/wp-content\/uploads\/2009\/12\/ventrella_640_x_300.jpg\" width=\"320\" height=\"150\" srcset=\"https:\/\/archivioturi.lavocedelpaese.info\/wp-content\/uploads\/2009\/12\/ventrella_640_x_300.jpg 640w, https:\/\/archivioturi.lavocedelpaese.info\/wp-content\/uploads\/2009\/12\/ventrella_640_x_300-300x141.jpg 300w\" sizes=\"auto, (max-width: 320px) 100vw, 320px\" \/> <\/p>\n<p>Alla luce delle vicende politiche e sociali di questa settimana abbiamo ascoltato il consigliere <strong>Natalino Ventrella.<\/strong><\/p>\n<p>Esordisce spiegandoci che \u00e8 &#8220;dispiaciuto che maggioranza e opposizione non si fossero confrontati in commissione riguardo il bilancio. Si sarebbe alleggerito di molto il dibattito il sala consiliare&#8221;.<\/p>\n<p><strong>Sull&#8217;assestamento di bilancio, s<\/strong>i \u00e8 astenuto ma ha apprezzato la decisione della giunta di non sottoscrivere ulteriori mutui. Ha apprezzato il risparmio di 20mila \u20ac per i contenziosi, la costituzione di un fondo di riserva per l&#8217;ICI (Imposta Comunale sugli Immobili) e gli accertamenti del ragioniere comunale Faustino sull&#8217;evasione tributi. Ritiene ottima la sottoscrizione del protocollo d&#8217;intesa con la Guardia di Finanza e lo stanziamento di 20mila \u20ac per l&#8217;affitto della nuova caserma.<\/p>\n<p>Si \u00e8 astenuto perch\u00e9 ha &#8220;condiviso l&#8217;intervento di Denovellis e Leogrande relativi alla ricerca e allo sviluppo di una politica di contenimento della spesa corrente ed esposizione debitoria&#8221;.<\/p>\n<p><strong>Tuttavia rimane fiducioso sull&#8217;operato di Gigantelli, che secondo lui &#8220;riuscir\u00e0 a chiudere i bilanci per tutto il suo mandato&#8221;, anche se per il futuro bisogner\u00e0 avere le idee chiare in campo economico, altrimenti Turi rischier\u00e0 il dissesto finanziario. &#8220;E allora non baster\u00e0 vendere il cinema, ma ci venderemo anche le mutande&#8221;.<\/strong><\/p>\n<p>Riguardo la vendita dell&#8217;immobile dell&#8217;<strong>ex Cinema Zaccheo, <\/strong>che con l&#8217;abbattimento e la vendita doveva rimpinguare le casse comunali con un introito di 600mila \u20ac, abbiamo chiesto a Ventrella se ritiene opportuna l&#8217;idea dell&#8217;Amministrazione di valutare l&#8217;intercettazione di fondi FESR per trasformarlo in una struttura sanitaria, e accantonare l&#8217;idea della vendita. Ci ha detto che &#8220;quella di vendere \u00e8 una attivit\u00e0 propedeutica per il 2011 quando non ci saranno pi\u00f9 gli oneri di urbanizzazione a far quadrare i conti del bilancio che hanno aiutato finora. Non avendo entrate non potremo fare altrimenti che vendere i beni comunali per ridurre lo stoc debitorio&#8221;.<\/p>\n<p><strong>Ricorso al TAR dell&#8217;opposizione. <\/strong>&#8220;Era meglio fare una richiesta al Consiglio per revisionare e\/o annullare la delibera in via di autotutela.<\/p>\n<p><strong>BOC (Buoni Obbligazionari Comunali).<\/strong> Nonostante i risparmi che in questi anni si stanno ottenendo sui BOC, Ventrella rimane scettico in quanto pensa che sia &#8220;solo fortuna che in questi anni la crisi mondiale ha portato ad un abbassamento dei tassi d&#8217;interessi; in altre circostante Turi avrebbe pagato molto di pi\u00f9&#8221;. A tal proposito ha ricordato la sua idea di creare una apposita commissione di studio sui Buoni per capire se negli anni futuri questo potr\u00e0 portare gravi problemi finanziari al nostro Comune&#8221;.<\/p>\n<p><strong>Lottizzazioni. &#8220;<\/strong>Non capisce perch\u00e9 in Consiglio comunale Petrera abbia votato a favore quando nelle altre occasioni abbandonava l&#8217;aula criticando la cementificazione&#8221;.<\/p>\n<p><strong>Agricoltura<\/strong>. Argomento che sta a cuore del consigliere Ventrella. Consiglia agli agricoltori di &#8220;riunirsi in consorzi o associazioni: ci sono 660milioni di fondi destinati dalla regione per i PIF (Progetti Integradi di Filiera). Bisogna fare sistema per risolvere i problemi nella nostra agricoltura e staccarsi dalla mentalit\u00e0 individualistica che caratterizza il Mezzogiorno&#8221;.<\/p>\n","protected":false},"excerpt":{"rendered":"<p><img loading=\"lazy\" decoding=\"async\" class=\" alignleft size-full wp-image-901\" style=\"float: left;\" alt=\"ventrella_640_x_300\" src=\"https:\/\/archivioturi.lavocedelpaese.info\/wp-content\/uploads\/2009\/12\/ventrella_640_x_300.jpg\" width=\"320\" height=\"150\" srcset=\"https:\/\/archivioturi.lavocedelpaese.info\/wp-content\/uploads\/2009\/12\/ventrella_640_x_300.jpg 640w, https:\/\/archivioturi.lavocedelpaese.info\/wp-content\/uploads\/2009\/12\/ventrella_640_x_300-300x141.jpg 300w\" sizes=\"auto, (max-width: 320px) 100vw, 320px\" \/> <\/p>\n","protected":false},"author":1,"featured_media":901,"comment_status":"open","ping_status":"closed","sticky":false,"template":"","format":"standard","meta":{"colormag_page_container_layout":"default_layout","colormag_page_sidebar_layout":"default_layout","footnotes":""},"categories":[4],"tags":[],"class_list":["post-902","post","type-post","status-publish","format-standard","has-post-thumbnail","hentry","category-politica"],"_links":{"self":[{"href":"https:\/\/archivioturi.lavocedelpaese.info\/index.php\/wp-json\/wp\/v2\/posts\/902","targetHints":{"allow":["GET"]}}],"collection":[{"href":"https:\/\/archivioturi.lavocedelpaese.info\/index.php\/wp-json\/wp\/v2\/posts"}],"about":[{"href":"https:\/\/archivioturi.lavocedelpaese.info\/index.php\/wp-json\/wp\/v2\/types\/post"}],"author":[{"embeddable":true,"href":"https:\/\/archivioturi.lavocedelpaese.info\/index.php\/wp-json\/wp\/v2\/users\/1"}],"replies":[{"embeddable":true,"href":"https:\/\/archivioturi.lavocedelpaese.info\/index.php\/wp-json\/wp\/v2\/comments?post=902"}],"version-history":[{"count":0,"href":"https:\/\/archivioturi.lavocedelpaese.info\/index.php\/wp-json\/wp\/v2\/posts\/902\/revisions"}],"wp:featuredmedia":[{"embeddable":true,"href":"https:\/\/archivioturi.lavocedelpaese.info\/index.php\/wp-json\/wp\/v2\/media\/901"}],"wp:attachment":[{"href":"https:\/\/archivioturi.lavocedelpaese.info\/index.php\/wp-json\/wp\/v2\/media?parent=902"}],"wp:term":[{"taxonomy":"category","embeddable":true,"href":"https:\/\/archivioturi.lavocedelpaese.info\/index.php\/wp-json\/wp\/v2\/categories?post=902"},{"taxonomy":"post_tag","embeddable":true,"href":"https:\/\/archivioturi.lavocedelpaese.info\/index.php\/wp-json\/wp\/v2\/tags?post=902"}],"curies":[{"name":"wp","href":"https:\/\/api.w.org\/{rel}","templated":true}]}}