{"id":9013,"date":"2012-05-16T15:02:48","date_gmt":"2012-05-16T15:02:48","guid":{"rendered":"https:\/\/archivioturi.lavocedelpaese.info\/index.php\/2012\/05\/16\/discariche-abusive-tra-i-rifiuti-sotterrati-anche-polvere-damianto\/"},"modified":"2012-05-16T15:02:48","modified_gmt":"2012-05-16T15:02:48","slug":"discariche-abusive-tra-i-rifiuti-sotterrati-anche-polvere-damianto","status":"publish","type":"post","link":"https:\/\/archivioturi.lavocedelpaese.info\/index.php\/2012\/05\/16\/discariche-abusive-tra-i-rifiuti-sotterrati-anche-polvere-damianto\/","title":{"rendered":"Discariche abusive, tra i rifiuti sotterrati anche polvere d&#8217;amianto"},"content":{"rendered":"<p><img loading=\"lazy\" decoding=\"async\" class=\" size-full wp-image-9012\" src=\"https:\/\/archivioturi.lavocedelpaese.info\/wp-content\/uploads\/2012\/05\/discarica.jpeg\" width=\"320\" height=\"150\" alt=\"discarica\" style=\"margin-top: 0px; margin-right: 3px; margin-bottom: 0px; margin-left: 3px;\" srcset=\"https:\/\/archivioturi.lavocedelpaese.info\/wp-content\/uploads\/2012\/05\/discarica.jpeg 640w, https:\/\/archivioturi.lavocedelpaese.info\/wp-content\/uploads\/2012\/05\/discarica-300x141.jpeg 300w\" sizes=\"auto, (max-width: 320px) 100vw, 320px\" \/><\/p>\n<p>Sono iniziati gli scavi nei suoli di propriet\u00e0 della Lombardi Ecologia, sequestrati venerd\u00ec 11 maggio dopo che l&#8217;attivit\u00e0 investigativa aveva portato a avvalorare la presenza di discarica abusive.<\/p>\n<p>Questa mattina, intorno alle ore 9, si \u00e8 proceduto al carotaggio del primo sito ubicato in c.da San Vincenzo (Mola). Come testimoniato dalle immagini, nel campo, a pochi metri di distanza da un vigneto, erano sepolti rifiuti di ogni tipo.<\/p>\n<p>Secondo le prime informazioni, sarebbe stati rinvenuti rifiuti cimiteriali e agricoli, polvere d&#8217;amianto, scarti industriali, carcasse di automobili e ossa animali. Tuttavia, la certezza sulle reale natura, e dunque sulla pericolosit\u00e0, del materiale sepolto potr\u00e0 essere accertata solo dopo le opportune analisi.<\/p>\n<p>L&#8217;operazione, disposta dalla Procura di Bari, \u00e8 avvenuta sotto la supervisione del Comandante dei Carabinieri di Conversano,&nbsp;<strong>Maresciallo<\/strong>&nbsp;<strong>Spinelli<\/strong>, degli agenti del&nbsp;<strong>NOE&nbsp;<\/strong>(Nucleo Operativo Ecologico)&nbsp;e dei tecni dell&#8217;<strong>ARPA Puglia<\/strong>.<\/p>\n<p>Le indagini proseguiranno nei prossimi giorni.&nbsp;<\/p>\n<p><embed type=\"application\/x-shockwave-flash\" src=\"https:\/\/picasaweb.google.com\/s\/c\/bin\/slideshow.swf\" width=\"640\" height=\"550\" flashvars=\"host=picasaweb.google.com&amp;hl=it&amp;feat=flashalbum&amp;RGB=0x000000&amp;feed=https%3A%2F%2Fpicasaweb.google.com%2Fdata%2Ffeed%2Fapi%2Fuser%2Fredazioneconversanoweb%2Falbumid%2F5743094180432752337%3Falt%3Drss%26kind%3Dphoto%26hl%3Dit\" pluginspage=\"http:\/\/www.macromedia.com\/go\/getflashplayer\" \/><\/p>\n<div class=\"socialdance\">\n<div class=\"socialdance_retweet\" style=\"float: left; margin: 0 0 0 0;\"><\/div>\n<p>&nbsp;<\/p>\n<div class=\"socialdance_like\" style=\"float: left; width: 100px; height: 20px; margin: 0 0 0 0;\"><iframe src=\"http:\/\/www.facebook.com\/plugins\/like.php?href=http%3A%2F%2Fwww.conversanoweb.it%2Findex.php%2Fcronaca%2F3114-discariche-abusive-tra-i-rifiuti-sotterrati-anche-polvere-damianto.html&amp;layout=button_count&amp;width=100&amp;show_faces=false&amp;action=like&amp;colorscheme=light&amp;height=20\" scrolling=\"no\" frameborder=\"0\" style=\"border: none; overflow: hidden; width: 100px; height: 20px;\" allowtransparency=\"true\"><\/iframe><\/div>\n<div style=\"clear: both;\"><\/div>\n<\/div>\n","protected":false},"excerpt":{"rendered":"<p><img loading=\"lazy\" decoding=\"async\" class=\" size-full wp-image-9012\" src=\"https:\/\/archivioturi.lavocedelpaese.info\/wp-content\/uploads\/2012\/05\/discarica.jpeg\" width=\"320\" height=\"150\" alt=\"discarica\" style=\"margin-top: 0px; margin-right: 3px; margin-bottom: 0px; margin-left: 3px;\" srcset=\"https:\/\/archivioturi.lavocedelpaese.info\/wp-content\/uploads\/2012\/05\/discarica.jpeg 640w, https:\/\/archivioturi.lavocedelpaese.info\/wp-content\/uploads\/2012\/05\/discarica-300x141.jpeg 300w\" sizes=\"auto, (max-width: 320px) 100vw, 320px\" \/><\/p>\n","protected":false},"author":1,"featured_media":9012,"comment_status":"open","ping_status":"closed","sticky":false,"template":"","format":"standard","meta":{"colormag_page_container_layout":"default_layout","colormag_page_sidebar_layout":"default_layout","footnotes":""},"categories":[8],"tags":[],"class_list":["post-9013","post","type-post","status-publish","format-standard","has-post-thumbnail","hentry","category-cronaca"],"_links":{"self":[{"href":"https:\/\/archivioturi.lavocedelpaese.info\/index.php\/wp-json\/wp\/v2\/posts\/9013","targetHints":{"allow":["GET"]}}],"collection":[{"href":"https:\/\/archivioturi.lavocedelpaese.info\/index.php\/wp-json\/wp\/v2\/posts"}],"about":[{"href":"https:\/\/archivioturi.lavocedelpaese.info\/index.php\/wp-json\/wp\/v2\/types\/post"}],"author":[{"embeddable":true,"href":"https:\/\/archivioturi.lavocedelpaese.info\/index.php\/wp-json\/wp\/v2\/users\/1"}],"replies":[{"embeddable":true,"href":"https:\/\/archivioturi.lavocedelpaese.info\/index.php\/wp-json\/wp\/v2\/comments?post=9013"}],"version-history":[{"count":0,"href":"https:\/\/archivioturi.lavocedelpaese.info\/index.php\/wp-json\/wp\/v2\/posts\/9013\/revisions"}],"wp:featuredmedia":[{"embeddable":true,"href":"https:\/\/archivioturi.lavocedelpaese.info\/index.php\/wp-json\/wp\/v2\/media\/9012"}],"wp:attachment":[{"href":"https:\/\/archivioturi.lavocedelpaese.info\/index.php\/wp-json\/wp\/v2\/media?parent=9013"}],"wp:term":[{"taxonomy":"category","embeddable":true,"href":"https:\/\/archivioturi.lavocedelpaese.info\/index.php\/wp-json\/wp\/v2\/categories?post=9013"},{"taxonomy":"post_tag","embeddable":true,"href":"https:\/\/archivioturi.lavocedelpaese.info\/index.php\/wp-json\/wp\/v2\/tags?post=9013"}],"curies":[{"name":"wp","href":"https:\/\/api.w.org\/{rel}","templated":true}]}}