{"id":8997,"date":"2012-05-12T15:17:37","date_gmt":"2012-05-12T15:17:37","guid":{"rendered":"https:\/\/archivioturi.lavocedelpaese.info\/index.php\/2012\/05\/12\/per-non-dimenticare-don-giovanni-cipriani\/"},"modified":"2012-05-12T15:17:37","modified_gmt":"2012-05-12T15:17:37","slug":"per-non-dimenticare-don-giovanni-cipriani","status":"publish","type":"post","link":"https:\/\/archivioturi.lavocedelpaese.info\/index.php\/2012\/05\/12\/per-non-dimenticare-don-giovanni-cipriani\/","title":{"rendered":"Per non dimenticare &#8230; Don Giovanni Cipriani"},"content":{"rendered":"<p style=\"text-align: justify;\"><img loading=\"lazy\" decoding=\"async\" class=\" size-full wp-image-8996\" src=\"https:\/\/archivioturi.lavocedelpaese.info\/wp-content\/uploads\/2012\/05\/dgciprian.jpg\" width=\"320\" height=\"150\" alt=\"dgciprian\" style=\"margin-top: 0px; margin-right: 3px; margin-bottom: 0px; margin-left: 3px;\" srcset=\"https:\/\/archivioturi.lavocedelpaese.info\/wp-content\/uploads\/2012\/05\/dgciprian.jpg 640w, https:\/\/archivioturi.lavocedelpaese.info\/wp-content\/uploads\/2012\/05\/dgciprian-300x141.jpg 300w\" sizes=\"auto, (max-width: 320px) 100vw, 320px\" \/><\/p>\n<p style=\"text-align: justify;\">Si \u00e8 tenuta marted\u00ec 8 maggio, alle ore 19.00, presso la parrocchia Maria SS. Ausiliatrice la messa in suffragio di Don Giovanni Cipriani, fondatore dell\u2019oratorio e della banda cittadina, da tutti ricordato per la sua aderenza schietta, semplice e nativa alla nostra umana esperienza. Alla celebrazione eucaristica, eseguita in occasione del primo anniversario dalla morte, \u00e8 seguita una conferenza stampa in cui \u00e8 stato illustrato il progetto commemorativo presentato dalla banda musicale cittadina \u201cDon Giovanni Cipriani\u201d in collaborazione con don Maurizio Caldararo e il consiglio parrocchiale Maria SS.Ausiliatrice.<\/p>\n<p style=\"text-align: justify;\">La conferenza stampa \u00e8 stata presieduta dall\u2019Arch. Angela Rossi, che ha illustrato l\u2019opera di bonifica dell\u2019area in cui sar\u00e0 collocata la scultura, angolo tra Via G. Palmisano e Via Ten. M. Gasparro, e Renzo Volpicella , nonch\u00e9 membro della banda musicale cittadina, che ha esplicato le motivazioni e le modalit\u00e0 di partecipazione al progetto. L\u2019opera di bonifica verter\u00e0 essenzialmente sui seguenti punti: ricollocazione della statua lignea di San Pio, sostituzione delle vetrate della Sagrestia, eliminazione della recensione, nuova sistemazione del giardino e potenziamento dell\u2019impianto d\u2019illuminazione. Sar\u00e0 inoltre realizzata una separazione tra la Sagrestia e la zona di preghiera che potr\u00e0 restare aperta indipendentemente dalla Chiesa. I progetti di realizzazione della scultura, che dovr\u00e0 rappresentare Don Giovanni circondato da fanciulli, dovranno pervenire all\u2019associazione entro le ore 12.00 del 26 agosto. I progetti saranno in seguito sottoposti all\u2019insindacabile giudizio di una giuria che decreter\u00e0 il vincitore, entro il 17 ottobre 2012, che a sua volta si impegner\u00e0 a consegnare l\u2019opera entro il 24\/05\/2013, festa della Vergine Maria SS. Ausiliatrice. \u201cQuesta iniziativa \u00e8 nata con la finalit\u00e0 &#8211; ha affermato Renzo Volpicella,&nbsp; in qualit\u00e0 di portavoce della banda cittadina \u2013 di non dimenticare mons. Giovanni Cipriani , a cui va il merito di aver trasmesso valori forti, sani e importanti della vita come quello di voler bene e soprattutto fare del bene senza nulla chiedere in cambio.\u201d<\/p>\n","protected":false},"excerpt":{"rendered":"<p style=\"text-align: justify;\"><img loading=\"lazy\" decoding=\"async\" class=\" size-full wp-image-8996\" src=\"https:\/\/archivioturi.lavocedelpaese.info\/wp-content\/uploads\/2012\/05\/dgciprian.jpg\" width=\"320\" height=\"150\" alt=\"dgciprian\" style=\"margin-top: 0px; margin-right: 3px; margin-bottom: 0px; margin-left: 3px;\" srcset=\"https:\/\/archivioturi.lavocedelpaese.info\/wp-content\/uploads\/2012\/05\/dgciprian.jpg 640w, https:\/\/archivioturi.lavocedelpaese.info\/wp-content\/uploads\/2012\/05\/dgciprian-300x141.jpg 300w\" sizes=\"auto, (max-width: 320px) 100vw, 320px\" \/><\/p>\n","protected":false},"author":1,"featured_media":8996,"comment_status":"open","ping_status":"closed","sticky":false,"template":"","format":"standard","meta":{"colormag_page_container_layout":"default_layout","colormag_page_sidebar_layout":"default_layout","footnotes":""},"categories":[8],"tags":[],"class_list":["post-8997","post","type-post","status-publish","format-standard","has-post-thumbnail","hentry","category-cronaca"],"_links":{"self":[{"href":"https:\/\/archivioturi.lavocedelpaese.info\/index.php\/wp-json\/wp\/v2\/posts\/8997","targetHints":{"allow":["GET"]}}],"collection":[{"href":"https:\/\/archivioturi.lavocedelpaese.info\/index.php\/wp-json\/wp\/v2\/posts"}],"about":[{"href":"https:\/\/archivioturi.lavocedelpaese.info\/index.php\/wp-json\/wp\/v2\/types\/post"}],"author":[{"embeddable":true,"href":"https:\/\/archivioturi.lavocedelpaese.info\/index.php\/wp-json\/wp\/v2\/users\/1"}],"replies":[{"embeddable":true,"href":"https:\/\/archivioturi.lavocedelpaese.info\/index.php\/wp-json\/wp\/v2\/comments?post=8997"}],"version-history":[{"count":0,"href":"https:\/\/archivioturi.lavocedelpaese.info\/index.php\/wp-json\/wp\/v2\/posts\/8997\/revisions"}],"wp:featuredmedia":[{"embeddable":true,"href":"https:\/\/archivioturi.lavocedelpaese.info\/index.php\/wp-json\/wp\/v2\/media\/8996"}],"wp:attachment":[{"href":"https:\/\/archivioturi.lavocedelpaese.info\/index.php\/wp-json\/wp\/v2\/media?parent=8997"}],"wp:term":[{"taxonomy":"category","embeddable":true,"href":"https:\/\/archivioturi.lavocedelpaese.info\/index.php\/wp-json\/wp\/v2\/categories?post=8997"},{"taxonomy":"post_tag","embeddable":true,"href":"https:\/\/archivioturi.lavocedelpaese.info\/index.php\/wp-json\/wp\/v2\/tags?post=8997"}],"curies":[{"name":"wp","href":"https:\/\/api.w.org\/{rel}","templated":true}]}}