{"id":8956,"date":"2012-05-06T14:13:46","date_gmt":"2012-05-06T14:13:46","guid":{"rendered":"https:\/\/archivioturi.lavocedelpaese.info\/index.php\/2012\/05\/06\/agricoltura-e-associazionismo-le-ricette-di-tonio-palmisano\/"},"modified":"2012-05-06T14:13:46","modified_gmt":"2012-05-06T14:13:46","slug":"agricoltura-e-associazionismo-le-ricette-di-tonio-palmisano","status":"publish","type":"post","link":"https:\/\/archivioturi.lavocedelpaese.info\/index.php\/2012\/05\/06\/agricoltura-e-associazionismo-le-ricette-di-tonio-palmisano\/","title":{"rendered":"Agricoltura e associazionismo: le ricette di Tonio Palmisano"},"content":{"rendered":"<p style=\"text-align: justify;\"><img loading=\"lazy\" decoding=\"async\" class=\" size-full wp-image-8955\" src=\"https:\/\/archivioturi.lavocedelpaese.info\/wp-content\/uploads\/2012\/05\/Antonio-PAlmisano.JPG\" width=\"320\" height=\"150\" alt=\"Antonio PAlmisano\" style=\"margin-top: 0px; margin-right: 3px; margin-bottom: 0px; margin-left: 3px;\" \/><\/p>\n<p style=\"text-align: justify;\"><strong>Chi \u00e8 Tonio Palmisano e perch\u00e8 ha deciso di scendere in campo con la lista &#8216;LeAli per Turi&#8217;?<\/strong><\/p>\n<p style=\"text-align: justify;\">Sono un imprenditore agricolo, diplomato in agraria. Ho 36 anni,&nbsp; sposato, vivo e lavoro a Turi, e la cosa pi\u00f9 bella che sta per accadermi \u00e8 che fra un po\u2019 diventer\u00f2 pap\u00e0! Mi occupo con amore passione e dedizione di uva da tavola e ciliegie. Ho accettato di candidarmi con la lista \u201cLeAli per Turi\u201d perch\u00e9 penso che abbia i requisiti giusti per amministrare in modo eccellente la nostra cittadina. Come imprenditore agricolo penso che sia il momento che la nostra agricoltura abbia un rappresentante vero e che viva quotidianamente i problemi del settore.<\/p>\n<p style=\"text-align: justify;\"><strong>In quanto imprenditore agricolo, cosa ritiene che sia necessario attuare per il futuro del settore a Turi, che sino ad ora non \u00e8 stato fatto?<\/strong><\/p>\n<p style=\"text-align: justify;\">Ritengo che Turi abbia bisogno di seguire un percorso associativo tale da portarci alla consapevolezza che \u201cl\u2019unione fa la forza\u201d dal momento che ormai tutti i mass-media ci invitano a stare insieme per avere forza contrattuale, non solo nella vendita dei prodotti ma soprattutto nella quotidianit\u00e0 in quanto, in questo momento storico, l\u2019immediato guadagno di un\u2019azienda viene dal risparmio delle spese stesse che essa ha. Ad esempio, mille produttori, in base alla stipulazione dell\u2019assicurazione sugli agenti atmosferici delle ciliegie e dello spacco di quest\u2019ultima, ricaverebbero un prezzo sicuramente migliore di quello che ricaverebbe un singolo produttore o ancora, l\u2019acquisto di fitofarmaci e concimi in quantit\u00e0 elevata ridurrebbe il loro costo. Di esempi ne potrei fare tanti altri e tutti direbbero che questo risparmio \u00e8 gi\u00e0 un guadagno per l\u2019azienda. Inoltre creando un Consorzio dei nostri prodotti potremmo attingere a finanziamenti pubblici che aiuterebbero le aziende a migliorarsi com&#8217;\u00e8 riuscito a fare il Consorzio della ciliegia di Bisceglie che ha ottenuto un finanziamento pubblico di 21 milioni di euro per miglioramenti nelle aziende agricole, formazione, centri di raccolta e trasformazione etc etc. Per questo mi prodigher\u00f2 al massimo per portare il produttore e il lavoratore agricolo ad una condizione economica e sociale pi\u00f9 elevata e rispettata da tutti, in quanto noi siamo la base del sistema alimentare mondiale.<\/p>\n<p style=\"text-align: justify;\"><strong>Da diversi anni \u00e8 impegnato in un&#8217;associazione cittadina. Come valuta lo stato dell&#8217;associazionismo qui a Turi e cosa sarebbe necessario per migliorarlo?<\/strong><\/p>\n<p style=\"text-align: justify;\">Sono stato presidente dell\u2019associazione \u201cTuresi a cavallo\u201d che, grazie alla collaborazione e alla presenza costante dei soci, ha organizzato, tra i tanti eventi, la festa in onore di Sant&#8217;Antonio Abate , Babbo Natale a cavallo, cavalcate storiche e passeggiate a cavallo. Attualmente &nbsp;sono socio dell\u2019associazione \u201cMule del carro di Sant\u2019Oronzo\u201d dove mio padre \u00e8 il presidente, e penso che ormai da anni ci prodighiamo per la realizzazione di uno scopo comune: riscoprire e mantenere vive le radici delle nostre tradizioni e nello stesso tempo cercare di creare un indotto turistico alternativo, dando spazio anche alle nostre tradizioni enogastronomiche. Ritengo che basti che una singola associazione si prodighi per il nostro paese ma \u00e8 necessario creare una sinergia tra tutte le associazioni affinch\u00e8 si dia vita e movimento a Turi. Sarebbe bello unire tutte le associazioni sotto un unico tetto in modo tale che si possano confrontare, aiutare e collaborare per gli scopi comuni.<\/p>\n<p style=\"text-align: justify;\"><strong>LeAli per Turi, la lista per cui Lei \u00e8 candidato, ha posto come requisito&nbsp;fondamentale&nbsp;un rinnovamento responsabile. <\/strong><\/p>\n<p style=\"text-align: justify;\"><strong>Ritiene che questo presupposto sia stato rispettato?<\/strong><\/p>\n<p style=\"text-align: justify;\">Ritengo che questo requisito sia stato rispettato in quanto, sin dal primo giorno, mi era stato garantito un rinnovamento almeno del 50% e che invece \u00e8 addirittura salito all\u201980%.&nbsp; Con grande responsabilit\u00e0 e consapevolezza Onofrio Resta e Michele Boccardi e gli altri partiti di centro destra, hanno deciso di investire sui giovani per dare un volto nuovo a Turi. Anche se mi ripeto, gradisco puntualizzare la mia stima e ammirazione per le capacit\u00e0 di sincerit\u00e0, lealt\u00e0 e concretezza nei miei confronti dimostratemi fino ad oggi e sono sicuro anche in futuro da parte del candidato Resta e del consigliere regionale, Boccardi, con i quali ho un rapporto veramente fraterno e che mi sostengono e consigliano in questo mio progetto politico.<\/p>\n<p style=\"text-align: justify;\"><strong>Ultima domanda: dia tre motivi per cui il 6 &#8211; 7 maggio la cittadinanza debba votarlo.<\/strong><\/p>\n<p style=\"text-align: justify;\">Di motivi ne avrei anche quattro: Sono un rappresentante dell\u2019agricoltura turese che fino ad oggi non \u00e8 mai stata rappresentata da un vero operatore del settore, che ne conosce i veri problemi e che intende risolverli. Sono un ragazzo volenteroso e laborioso, fermo nelle mie idee e che segue i suoi obiettivi e quelli comuni fino in fondo senza arrendersi e scendere a compromessi. Sono da tempo un&#8217;espressione attiva dell\u2019associazionismo a Turi ottenendo eccellenti risultati, e per questo ringrazio i miei amici e collaboratori soci. Infine so cosa vuol dire fare dei sacrifici per me e per altri e se ne avr\u00f2 la possibilit\u00e0 sar\u00f2 felicissimo di farli per il mio paese e per i miei amati compaesani, in modo tale che i giovani turesi rimangano a dar vita e forza al nostro paese sfruttando la nostra stessa economia, che \u00e8 la pi\u00f9 grande forza che abbiamo: l&#8217;agricoltura.&nbsp;<\/p>\n","protected":false},"excerpt":{"rendered":"<p style=\"text-align: justify;\"><img loading=\"lazy\" decoding=\"async\" class=\" size-full wp-image-8955\" src=\"https:\/\/archivioturi.lavocedelpaese.info\/wp-content\/uploads\/2012\/05\/Antonio-PAlmisano.JPG\" width=\"320\" height=\"150\" alt=\"Antonio PAlmisano\" style=\"margin-top: 0px; margin-right: 3px; margin-bottom: 0px; margin-left: 3px;\" \/><\/p>\n","protected":false},"author":1,"featured_media":8955,"comment_status":"open","ping_status":"closed","sticky":false,"template":"","format":"standard","meta":{"colormag_page_container_layout":"default_layout","colormag_page_sidebar_layout":"default_layout","footnotes":""},"categories":[4],"tags":[],"class_list":["post-8956","post","type-post","status-publish","format-standard","has-post-thumbnail","hentry","category-politica"],"_links":{"self":[{"href":"https:\/\/archivioturi.lavocedelpaese.info\/index.php\/wp-json\/wp\/v2\/posts\/8956","targetHints":{"allow":["GET"]}}],"collection":[{"href":"https:\/\/archivioturi.lavocedelpaese.info\/index.php\/wp-json\/wp\/v2\/posts"}],"about":[{"href":"https:\/\/archivioturi.lavocedelpaese.info\/index.php\/wp-json\/wp\/v2\/types\/post"}],"author":[{"embeddable":true,"href":"https:\/\/archivioturi.lavocedelpaese.info\/index.php\/wp-json\/wp\/v2\/users\/1"}],"replies":[{"embeddable":true,"href":"https:\/\/archivioturi.lavocedelpaese.info\/index.php\/wp-json\/wp\/v2\/comments?post=8956"}],"version-history":[{"count":0,"href":"https:\/\/archivioturi.lavocedelpaese.info\/index.php\/wp-json\/wp\/v2\/posts\/8956\/revisions"}],"wp:featuredmedia":[{"embeddable":true,"href":"https:\/\/archivioturi.lavocedelpaese.info\/index.php\/wp-json\/wp\/v2\/media\/8955"}],"wp:attachment":[{"href":"https:\/\/archivioturi.lavocedelpaese.info\/index.php\/wp-json\/wp\/v2\/media?parent=8956"}],"wp:term":[{"taxonomy":"category","embeddable":true,"href":"https:\/\/archivioturi.lavocedelpaese.info\/index.php\/wp-json\/wp\/v2\/categories?post=8956"},{"taxonomy":"post_tag","embeddable":true,"href":"https:\/\/archivioturi.lavocedelpaese.info\/index.php\/wp-json\/wp\/v2\/tags?post=8956"}],"curies":[{"name":"wp","href":"https:\/\/api.w.org\/{rel}","templated":true}]}}