{"id":890,"date":"2009-12-04T13:26:34","date_gmt":"2009-12-04T13:26:34","guid":{"rendered":"https:\/\/archivioturi.lavocedelpaese.info\/index.php\/2009\/12\/04\/anche-la-neve-puo-avere-un-suono\/"},"modified":"2009-12-04T13:26:34","modified_gmt":"2009-12-04T13:26:34","slug":"anche-la-neve-puo-avere-un-suono","status":"publish","type":"post","link":"https:\/\/archivioturi.lavocedelpaese.info\/index.php\/2009\/12\/04\/anche-la-neve-puo-avere-un-suono\/","title":{"rendered":"ANCHE LA NEVE PU\u00d2 AVERE UN SUONO"},"content":{"rendered":"<p><img loading=\"lazy\" decoding=\"async\" class=\" alignleft size-full wp-image-888\" height=\"150\" width=\"320\" src=\"https:\/\/archivioturi.lavocedelpaese.info\/wp-content\/uploads\/2009\/12\/libro-neve.jpg\" alt=\"libro-neve\" style=\"margin: 5px; float: left;\" srcset=\"https:\/\/archivioturi.lavocedelpaese.info\/wp-content\/uploads\/2009\/12\/libro-neve.jpg 640w, https:\/\/archivioturi.lavocedelpaese.info\/wp-content\/uploads\/2009\/12\/libro-neve-300x141.jpg 300w\" sizes=\"auto, (max-width: 320px) 100vw, 320px\" \/> <\/p>\n<p style=\"text-align: justify;\">Il 2 dicembre, presso l\u2019<strong>Associazione Culturale Musicale \u201cChi \u00e8 di scena?\u201d<\/strong>, il <strong>Presidio del libro di Turi <\/strong>ha presentato l\u2019incontro con <strong>Silvio Danese<\/strong>, autore del romanzo <strong><em>Il suono della neve<\/em><\/strong>, edito da Bompiani.<strong> <\/strong><\/p>\n<div style=\"text-align: justify;\"><\/div>\n<p style=\"text-align: justify;\">L\u2019intervento dell\u2019autore \u00e8 stato preceduto dalla lettura della <strong>voce narrante<\/strong> di <strong>Ferdinando Redavid,<\/strong> dell\u2019ultimo racconto del libro intitolato \u201cCanzonetta\u201d che ha come incipit \u201cIl nostro concerto\u201d di Umberto Bimbi, suonato dal <strong>violinista Francesco Masi<\/strong> .<\/p>\n<div style=\"text-align: justify;\"><\/div>\n<p style=\"text-align: justify;\"><strong>Silvio Danese<\/strong><strong> <\/strong>\u00e8 giornalista de \u201cIl Giorno\u201d e critico cinematografico. \u00c8 stato orchestrale, attore, insegnante, consulente della Biennale per la Mostra del Cinema di Venezia. Ha pubblicato tra l\u2019altro \u201cAbel Ferrara\u201d, \u201cL\u2019anarchico e il cattolico\u201d, \u201cAnni fuggenti\u201d e \u201cIl romanzo del cinema italiano\u201d.<\/p>\n<div style=\"text-align: justify;\"><\/div>\n<p style=\"text-align: justify;\">Il romanzo \u00e8 costituito da nove racconti pi\u00f9 dieci \u201cintermezzi\u201d dialogati; si tratta di un libro-composizione in cui letteratura e musica si fondono perfettamente dando vita a una sinfonia di storie singole che finiscono con\u00a0l&#8217;intrecciarsi tra loro.<\/p>\n<div style=\"text-align: justify;\"><\/div>\n<p style=\"text-align: justify;\">Danese scrive il libro come musicista, dando un suono anche ai silenzi, alle pause; il suo libro ha un profondo significato esistenziale che appartiene al destino umano di tutti gli uomini.<\/p>\n<div style=\"text-align: justify;\"><\/div>\n<p style=\"text-align: justify;\">Tra i racconti c\u2019\u00e8 quello sul rapporto nonna-nipote che verte su quello che eravamo ieri, siamo oggi e saremo domani. Nel 2034 i ragazzi suonano sul web: questo \u00e8 il futuro, e la nonna ricorda con malinconia i teatri come luoghi privilegiati del far musica.<\/p>\n<div style=\"text-align: justify;\"><\/div>\n<p style=\"text-align: justify;\">Il racconto \u201cIl maestro\u201d narra di un uomo arrogante che vive di musica, ne conosce perfettamente l\u2019etica, ma non sa amare. \u00c9 un uomo che sfrutta una donna: come \u00e8, dunque, possibile che si possa essere grandi musicisti senza amore?<\/p>\n<div style=\"text-align: justify;\"><\/div>\n<p style=\"text-align: justify;\">Una madre apre il cuore alla figlia dopo una tragedia, un ragazzino si racconta in un diario.<\/p>\n<div style=\"text-align: justify;\"><\/div>\n<p style=\"text-align: justify;\"><img loading=\"lazy\" decoding=\"async\" class=\" alignright size-full wp-image-889\" height=\"242\" width=\"320\" src=\"https:\/\/archivioturi.lavocedelpaese.info\/wp-content\/uploads\/2009\/12\/libro-neve-bis.jpg\" alt=\"libro-neve-bis\" style=\"margin: 5px; float: right;\" srcset=\"https:\/\/archivioturi.lavocedelpaese.info\/wp-content\/uploads\/2009\/12\/libro-neve-bis.jpg 320w, https:\/\/archivioturi.lavocedelpaese.info\/wp-content\/uploads\/2009\/12\/libro-neve-bis-300x227.jpg 300w\" sizes=\"auto, (max-width: 320px) 100vw, 320px\" \/>All\u2019interno del libro, molte sono le rime baciate, come nella canzone. Intenso, dunque, il legame tra la musica, le parole, i personaggi e i racconti. Il linguaggio \u00e8 forte, perch\u00e9 espressivo. I suoni possono sorgere anche dal marmo e dal legno quando si ha un orecchio \u201cbambino\u201d, capace di ascoltare.<\/p>\n<div style=\"text-align: justify;\"><\/div>\n<p style=\"text-align: justify;\">Il finale \u00e8 drammatico. L\u2019ultima parola \u201cbianco\u201d ripete ad anello la prima, e come i poeti della \u201cBeat generation\u201d conclude una pagina sfumata, propria della scrittura visiva, usata per raccontare storie.<\/p>\n<div style=\"text-align: justify;\"><\/div>\n<p style=\"text-align: justify;\">La coordinatrice della sezione turese del Presidio <strong>Alina Laruccia<\/strong> ha chiesto allo scrittore: \u201cLeggendo il libro si ha proprio la sensazione che ognuno possa attribuire ad ogni pagina una musica, un suono, un significato. Il libro \u00e8 pieno di emozioni, ma perch\u00e9 questo titolo?<\/p>\n<div style=\"text-align: justify;\"><\/div>\n<p style=\"text-align: justify;\">\u201cHo provato una grandissima commozione per il fatto che senza che ci conoscessimo, due musicisti abbiano scelto di rappresentare l\u2019ultimo racconto pi\u00f9 difficile, pi\u00f9 arduo, pi\u00f9 rischioso, pi\u00f9 personale. Esso \u00e8 un tentativo: la ricerca di un uomo che giunto alla fine della propria vita, sul letto di morte, ricorda gli amori della sua vita, i sentimenti, il sesso\u2026 Sono immagini un po\u2019 forti ma fanno parte della vita.<\/p>\n<div style=\"text-align: justify;\"><\/div>\n<p style=\"text-align: justify;\">Nel mio libro la parola si fa musica come con la canzone grazie alla rima e ci\u00f2 avviene nella poesia, quando la parola tenta di raccontare.<\/p>\n<div style=\"text-align: justify;\"><\/div>\n<p style=\"text-align: justify;\">C\u2019\u00e8 un violino perch\u00e9 \u00e8 il diavolo che chiama il morente.<\/p>\n<div style=\"text-align: justify;\"><\/div>\n<p style=\"text-align: justify;\">La scelta del titolo deriva dall\u2019idea che si possa dare un suono a tutte le emozioni: anche ad un fiocco di neve che cade silenzioso sull\u2019asfalto.\u201d<\/p>\n<p>\u00a0<\/p>\n","protected":false},"excerpt":{"rendered":"<p><img loading=\"lazy\" decoding=\"async\" class=\" alignleft size-full wp-image-888\" height=\"150\" width=\"320\" src=\"https:\/\/archivioturi.lavocedelpaese.info\/wp-content\/uploads\/2009\/12\/libro-neve.jpg\" alt=\"libro-neve\" style=\"margin: 5px; float: left;\" srcset=\"https:\/\/archivioturi.lavocedelpaese.info\/wp-content\/uploads\/2009\/12\/libro-neve.jpg 640w, https:\/\/archivioturi.lavocedelpaese.info\/wp-content\/uploads\/2009\/12\/libro-neve-300x141.jpg 300w\" sizes=\"auto, (max-width: 320px) 100vw, 320px\" \/> <\/p>\n","protected":false},"author":1,"featured_media":888,"comment_status":"open","ping_status":"closed","sticky":false,"template":"","format":"standard","meta":{"colormag_page_container_layout":"default_layout","colormag_page_sidebar_layout":"default_layout","footnotes":""},"categories":[6],"tags":[],"class_list":["post-890","post","type-post","status-publish","format-standard","has-post-thumbnail","hentry","category-cultura"],"_links":{"self":[{"href":"https:\/\/archivioturi.lavocedelpaese.info\/index.php\/wp-json\/wp\/v2\/posts\/890","targetHints":{"allow":["GET"]}}],"collection":[{"href":"https:\/\/archivioturi.lavocedelpaese.info\/index.php\/wp-json\/wp\/v2\/posts"}],"about":[{"href":"https:\/\/archivioturi.lavocedelpaese.info\/index.php\/wp-json\/wp\/v2\/types\/post"}],"author":[{"embeddable":true,"href":"https:\/\/archivioturi.lavocedelpaese.info\/index.php\/wp-json\/wp\/v2\/users\/1"}],"replies":[{"embeddable":true,"href":"https:\/\/archivioturi.lavocedelpaese.info\/index.php\/wp-json\/wp\/v2\/comments?post=890"}],"version-history":[{"count":0,"href":"https:\/\/archivioturi.lavocedelpaese.info\/index.php\/wp-json\/wp\/v2\/posts\/890\/revisions"}],"wp:featuredmedia":[{"embeddable":true,"href":"https:\/\/archivioturi.lavocedelpaese.info\/index.php\/wp-json\/wp\/v2\/media\/888"}],"wp:attachment":[{"href":"https:\/\/archivioturi.lavocedelpaese.info\/index.php\/wp-json\/wp\/v2\/media?parent=890"}],"wp:term":[{"taxonomy":"category","embeddable":true,"href":"https:\/\/archivioturi.lavocedelpaese.info\/index.php\/wp-json\/wp\/v2\/categories?post=890"},{"taxonomy":"post_tag","embeddable":true,"href":"https:\/\/archivioturi.lavocedelpaese.info\/index.php\/wp-json\/wp\/v2\/tags?post=890"}],"curies":[{"name":"wp","href":"https:\/\/api.w.org\/{rel}","templated":true}]}}