{"id":8879,"date":"2012-04-30T18:26:23","date_gmt":"2012-04-30T18:26:23","guid":{"rendered":"https:\/\/archivioturi.lavocedelpaese.info\/index.php\/2012\/04\/30\/tante-risate-e-beneficenza-per-miseria-e-nobilta\/"},"modified":"2012-04-30T18:26:23","modified_gmt":"2012-04-30T18:26:23","slug":"tante-risate-e-beneficenza-per-miseria-e-nobilta","status":"publish","type":"post","link":"https:\/\/archivioturi.lavocedelpaese.info\/index.php\/2012\/04\/30\/tante-risate-e-beneficenza-per-miseria-e-nobilta\/","title":{"rendered":"Tante risate e beneficenza per Miseria e Nobilt\u00e0"},"content":{"rendered":"<p style=\"text-align: justify;\"><img loading=\"lazy\" decoding=\"async\" class=\" size-full wp-image-8878\" src=\"https:\/\/archivioturi.lavocedelpaese.info\/wp-content\/uploads\/2012\/04\/Foto-di-gruppo-finale.JPG\" width=\"320\" height=\"151\" alt=\"Foto di gruppo finale\" style=\"margin-top: 0px; margin-right: 3px; margin-bottom: 0px; margin-left: 3px;\" srcset=\"https:\/\/archivioturi.lavocedelpaese.info\/wp-content\/uploads\/2012\/04\/Foto-di-gruppo-finale.JPG 640w, https:\/\/archivioturi.lavocedelpaese.info\/wp-content\/uploads\/2012\/04\/Foto-di-gruppo-finale-300x141.jpg 300w\" sizes=\"auto, (max-width: 320px) 100vw, 320px\" \/><\/p>\n<p style=\"text-align: justify;\">Domenica 22 aprile, presso l\u2019Auditorium I.T.E.S. \u201cSandro Pertini\u201d, l\u2019Amopuglia sez. Anna Dell\u2019Aera (Presidente dott.ssa Sabina De Nigris) ha messo in scena con l\u2019Associazione Culturale Teatro di Adelfia (Acta) la commedia in tre atti&nbsp; \u201cMiseria e Nobilt\u00e0\u201ddi Eduardo Scarpetta con la regia di Antonio Di Benedetto.<\/p>\n<p style=\"text-align: justify;\">Gli attori hanno mostrato tutta la loro bravura nell\u2019interpretare i personaggi della commedia, allietando un folto pubblico intervenuto per l\u2019occasione, con la propria spontaneit\u00e0 scenica.<\/p>\n<p style=\"text-align: justify;\">Durante l\u2019evento sono state raccolte delle offerte devolute in beneficenza.<\/p>\n<p style=\"text-align: justify;\">L\u2019Amopuglia ha omaggiato l\u2019associazione Acta di una targa di ringraziamento.<\/p>\n<p style=\"text-align: justify;\">La commedia brillante del 1888 racconta la storia di Felice Sciosciammocca, uno squattrinato scrivano napoletano che vive con il figlio Peppiniello, la compagna Luisella, l&#8217;amico Pasquale, con la rispettiva moglie Concetta e la figlia Pupella.<\/p>\n<p style=\"text-align: justify;\">Un giorno il marchese Eugenio chiede a Felice e Pasquale con moglie e figlia, di fingere di essere i suoi nobili familiari e di presentarsi con lui a casa della donna che ama, Gemma, dato il rifiuto dei genitori a dare il consenso al matrimonio con la ballerina, non di nobili origini. Il padre della ragazza infatti, don Gaetano, ex cuoco divenuto molto ricco per aver ereditato i beni del suo padrone, \u00e8 felice di benedire l\u2019unione, ma pretende di conoscere i parenti del giovane. Dopo l\u2019incontro, don Gaetano, ignaro di tutto, invita i suoi futuri consuoceri a pranzo. Sar\u00e0 un evento imprevisto a risolvere l\u2019ingarbugliata situazione: Gemma \u00e8 corteggiata da tempo dal signor Beb\u00e8, che altri non \u00e8 se non il marchese Ottavio Favetti, padre di Eugenio. Il marchesino scopre la doppia identit\u00e0 del padre e lo costringe ad acconsentire al suo fidanzamento con Gemma.<\/p>\n<p style=\"text-align: justify;\">I ringraziamenti per la riuscita dell\u2019evento sono andati alla Protezione Civile e all&#8217;ITC.<\/p>\n<p><embed type=\"application\/x-shockwave-flash\" src=\"https:\/\/picasaweb.google.com\/s\/c\/bin\/slideshow.swf\" width=\"660\" height=\"660\" flashvars=\"host=picasaweb.google.com&amp;noautoplay=1&amp;hl=it&amp;feat=flashalbum&amp;RGB=0x000000&amp;feed=https%3A%2F%2Fpicasaweb.google.com%2Fdata%2Ffeed%2Fapi%2Fuser%2Fredazioneturiweb%2Falbumid%2F5737123251331329809%3Falt%3Drss%26kind%3Dphoto%26authkey%3DGv1sRgCL7-r5mSnebGEw%26hl%3Dit\" pluginspage=\"http:\/\/www.macromedia.com\/go\/getflashplayer\" \/><\/p>\n","protected":false},"excerpt":{"rendered":"<p style=\"text-align: justify;\"><img loading=\"lazy\" decoding=\"async\" class=\" size-full wp-image-8878\" src=\"https:\/\/archivioturi.lavocedelpaese.info\/wp-content\/uploads\/2012\/04\/Foto-di-gruppo-finale.JPG\" width=\"320\" height=\"151\" alt=\"Foto di gruppo finale\" style=\"margin-top: 0px; margin-right: 3px; margin-bottom: 0px; margin-left: 3px;\" srcset=\"https:\/\/archivioturi.lavocedelpaese.info\/wp-content\/uploads\/2012\/04\/Foto-di-gruppo-finale.JPG 640w, https:\/\/archivioturi.lavocedelpaese.info\/wp-content\/uploads\/2012\/04\/Foto-di-gruppo-finale-300x141.jpg 300w\" sizes=\"auto, (max-width: 320px) 100vw, 320px\" \/><\/p>\n","protected":false},"author":1,"featured_media":8878,"comment_status":"open","ping_status":"closed","sticky":false,"template":"","format":"standard","meta":{"colormag_page_container_layout":"default_layout","colormag_page_sidebar_layout":"default_layout","footnotes":""},"categories":[6],"tags":[],"class_list":["post-8879","post","type-post","status-publish","format-standard","has-post-thumbnail","hentry","category-cultura"],"_links":{"self":[{"href":"https:\/\/archivioturi.lavocedelpaese.info\/index.php\/wp-json\/wp\/v2\/posts\/8879","targetHints":{"allow":["GET"]}}],"collection":[{"href":"https:\/\/archivioturi.lavocedelpaese.info\/index.php\/wp-json\/wp\/v2\/posts"}],"about":[{"href":"https:\/\/archivioturi.lavocedelpaese.info\/index.php\/wp-json\/wp\/v2\/types\/post"}],"author":[{"embeddable":true,"href":"https:\/\/archivioturi.lavocedelpaese.info\/index.php\/wp-json\/wp\/v2\/users\/1"}],"replies":[{"embeddable":true,"href":"https:\/\/archivioturi.lavocedelpaese.info\/index.php\/wp-json\/wp\/v2\/comments?post=8879"}],"version-history":[{"count":0,"href":"https:\/\/archivioturi.lavocedelpaese.info\/index.php\/wp-json\/wp\/v2\/posts\/8879\/revisions"}],"wp:featuredmedia":[{"embeddable":true,"href":"https:\/\/archivioturi.lavocedelpaese.info\/index.php\/wp-json\/wp\/v2\/media\/8878"}],"wp:attachment":[{"href":"https:\/\/archivioturi.lavocedelpaese.info\/index.php\/wp-json\/wp\/v2\/media?parent=8879"}],"wp:term":[{"taxonomy":"category","embeddable":true,"href":"https:\/\/archivioturi.lavocedelpaese.info\/index.php\/wp-json\/wp\/v2\/categories?post=8879"},{"taxonomy":"post_tag","embeddable":true,"href":"https:\/\/archivioturi.lavocedelpaese.info\/index.php\/wp-json\/wp\/v2\/tags?post=8879"}],"curies":[{"name":"wp","href":"https:\/\/api.w.org\/{rel}","templated":true}]}}