{"id":8863,"date":"2012-04-30T07:07:22","date_gmt":"2012-04-30T07:07:22","guid":{"rendered":"https:\/\/archivioturi.lavocedelpaese.info\/index.php\/2012\/04\/30\/dallemilia-a-turi-per-il-suo-mercante-maledetto\/"},"modified":"2012-04-30T07:07:22","modified_gmt":"2012-04-30T07:07:22","slug":"dallemilia-a-turi-per-il-suo-mercante-maledetto","status":"publish","type":"post","link":"https:\/\/archivioturi.lavocedelpaese.info\/index.php\/2012\/04\/30\/dallemilia-a-turi-per-il-suo-mercante-maledetto\/","title":{"rendered":"Dall\u2019Emilia a Turi per il suo mercante \u201cmaledetto\u201d"},"content":{"rendered":"<p style=\"text-align: justify;\"><img loading=\"lazy\" decoding=\"async\" class=\" size-full wp-image-8860\" style=\"margin-top: 0px; margin-right: 3px; margin-bottom: 0px; margin-left: 3px;\" src=\"https:\/\/archivioturi.lavocedelpaese.info\/wp-content\/uploads\/2012\/04\/Marcello-simoni2.JPG\" alt=\"Marcello simoni2\" width=\"320\" height=\"152\" srcset=\"https:\/\/archivioturi.lavocedelpaese.info\/wp-content\/uploads\/2012\/04\/Marcello-simoni2.JPG 640w, https:\/\/archivioturi.lavocedelpaese.info\/wp-content\/uploads\/2012\/04\/Marcello-simoni2-300x143.jpg 300w\" sizes=\"auto, (max-width: 320px) 100vw, 320px\" \/><\/p>\n<p style=\"text-align: justify;\">\u00c8 solo al suo primo lavoro letterario, ma gi\u00e0 ha conquistato la 27\u00b0 ristampa. Stiamo parlando dello scrittorie ospitato luned\u00ec 23 aprile dal Presidio del Libro di Turi: Marcello Simoni.<\/p>\n<p style=\"text-align: justify;\"><img loading=\"lazy\" decoding=\"async\" class=\" alignright size-full wp-image-8861\" style=\"margin-top: 10px; margin-bottom: 10px; margin-left: 10px; float: right;\" src=\"https:\/\/archivioturi.lavocedelpaese.info\/wp-content\/uploads\/2012\/04\/Marcello-simoni1.jpg\" alt=\"Marcello simoni1\" width=\"314\" height=\"235\" srcset=\"https:\/\/archivioturi.lavocedelpaese.info\/wp-content\/uploads\/2012\/04\/Marcello-simoni1.jpg 314w, https:\/\/archivioturi.lavocedelpaese.info\/wp-content\/uploads\/2012\/04\/Marcello-simoni1-300x225.jpg 300w\" sizes=\"auto, (max-width: 314px) 100vw, 314px\" \/>Archeologo e studioso di storia, appassionato del periodo medioevale \u201cun periodo in cui l\u2019uomo vive quasi a met\u00e0, a cavallo tra l\u2019antico e il moderno, in cui s\u2019incastrano superstizioni, folclore, scaramanzia, arti mediche, scientifiche, chimiche, a volte scambiate per magiche\u201d. Autore di diversi saggi storici, Simone, emiliano e laureato in lettere, ha esordito nella letteratura italiana con un thriller che gi\u00e0 si presenta come candidato al Premio Barcellona 2012. \u201cIl mercante dei libri maledetti\u201d, esordio di una trilogia, ha governato la curiosit\u00e0 e dirottato le attenzioni dei ragazzi dell\u2019ITC \u201cS. Pertini\u201d e del pubblico della libreria Eleutera.<\/p>\n<p style=\"text-align: justify;\">Gli studenti del Pertini hanno accolto il giovane scrittore nella mattinata di luned\u00ec, lasciandosi trasportare in una lezione coinvolgente. Simoni, come con una proiezione, ha condotto gli studenti in un percorso di ricerca tra i misteri del Medioevo e l&#8217;avvincente trama del romanzo, ormai distribuito all\u2019estero in nove nazioni. Il professor Osvaldo Buonaccino, moderatore dell\u2019incontro, ha condiviso con soddisfazione la vivace partecipazione degli alunni, i quali hanno intervistato l\u2019autore ponendogli domande relative alla sua opera di enorme successo e alla sua attivit\u00e0 di scrittore.<\/p>\n<p style=\"text-align: justify;\"><img loading=\"lazy\" decoding=\"async\" class=\" alignleft size-full wp-image-8862\" style=\"margin-top: 10px; margin-right: 10px; margin-bottom: 10px; margin-left: 0px; float: left;\" src=\"https:\/\/archivioturi.lavocedelpaese.info\/wp-content\/uploads\/2012\/04\/Marcello-simoni3.JPG\" alt=\"Marcello simoni3\" width=\"314\" height=\"235\" srcset=\"https:\/\/archivioturi.lavocedelpaese.info\/wp-content\/uploads\/2012\/04\/Marcello-simoni3.JPG 314w, https:\/\/archivioturi.lavocedelpaese.info\/wp-content\/uploads\/2012\/04\/Marcello-simoni3-300x225.jpg 300w\" sizes=\"auto, (max-width: 314px) 100vw, 314px\" \/>Parimenti coinvolgente il pomeriggio trascorso presso la Libreria Eleutera dove, dopo una breve presentazione della padrona di casa, Alina Laruccia, una curiosa e affascinante chiacchierata tra l\u2019autore, il dott. Domenico Resta e il pubblico, ha accompagnato tutti nel mondo enigmatico, noir, esoterico del mercante Ignatio da Toledo.<\/p>\n<p style=\"text-align: justify;\">\u201cCuriosamente ambientato nel medioevo del 1200\u201d, come lo stesso dott. Resta ha posto l\u2019accento, Simoni ha sfruttato la scarsa presenza di documentazione e di fonti per creare una storia in cui muovono personaggi inventari, che si spostano in spazi reali, compiendo azioni o operando in situazioni tipiche per l\u2019epoca. Come amante di questo periodo di mezzo, l\u2019autore ha incentrato tutta la vicenda attorno al mercante di reliquie, questo spagnolo che si accompagna con altri due personaggi che come lui nascondono un alone di mistero. \u201cHo iniziato a scrivere questo romanzo quando ho capito chi fosse il mio personaggio e sar\u00e0 attorno a lui che si snoder\u00e0 la trilogia, anche se ognuna sar\u00e0 una storia a se stante, con un inizio ed una fine\u201d. Ecco che l\u2019autore, che con questo primo lavoro non ha \u201cvoluto insegnare nulla a nessuno, bens\u00ec divertire\u201d, racchiude in queste prime pagine narrative gli accenti di Salgari, Jack London, Dumas, Allan Poe \u201co comunque autori d\u2019appendice e ai loro \u2018feuilleton\u201d, dando appuntamento a settembre in libreria con la seconda parte della trilogia.<\/p>\n<p style=\"text-align: justify;\">Particolarmente soddisfatta della bellissima giornata in compagnia di questo nuovo e promettente autore italiano, cos\u00ec apprezzato anche all\u2019estero, Alina Laruccia ha ringraziato tutti gli intervenuti alla serata, gli amici del libro, gli appassionati, gli estimatori del genere e chi, come Ornella Senesi (della Stefano da Putignano) e Nicole Cascione (del Quotidiano di Bari), sono stati ospiti del Presidio del Libro.<\/p>\n","protected":false},"excerpt":{"rendered":"<p style=\"text-align: justify;\"><img loading=\"lazy\" decoding=\"async\" class=\" size-full wp-image-8860\" style=\"margin-top: 0px; margin-right: 3px; margin-bottom: 0px; margin-left: 3px;\" src=\"https:\/\/archivioturi.lavocedelpaese.info\/wp-content\/uploads\/2012\/04\/Marcello-simoni2.JPG\" alt=\"Marcello simoni2\" width=\"320\" height=\"152\" srcset=\"https:\/\/archivioturi.lavocedelpaese.info\/wp-content\/uploads\/2012\/04\/Marcello-simoni2.JPG 640w, https:\/\/archivioturi.lavocedelpaese.info\/wp-content\/uploads\/2012\/04\/Marcello-simoni2-300x143.jpg 300w\" sizes=\"auto, (max-width: 320px) 100vw, 320px\" \/><\/p>\n","protected":false},"author":1,"featured_media":8860,"comment_status":"open","ping_status":"closed","sticky":false,"template":"","format":"standard","meta":{"colormag_page_container_layout":"default_layout","colormag_page_sidebar_layout":"default_layout","footnotes":""},"categories":[6],"tags":[],"class_list":["post-8863","post","type-post","status-publish","format-standard","has-post-thumbnail","hentry","category-cultura"],"_links":{"self":[{"href":"https:\/\/archivioturi.lavocedelpaese.info\/index.php\/wp-json\/wp\/v2\/posts\/8863","targetHints":{"allow":["GET"]}}],"collection":[{"href":"https:\/\/archivioturi.lavocedelpaese.info\/index.php\/wp-json\/wp\/v2\/posts"}],"about":[{"href":"https:\/\/archivioturi.lavocedelpaese.info\/index.php\/wp-json\/wp\/v2\/types\/post"}],"author":[{"embeddable":true,"href":"https:\/\/archivioturi.lavocedelpaese.info\/index.php\/wp-json\/wp\/v2\/users\/1"}],"replies":[{"embeddable":true,"href":"https:\/\/archivioturi.lavocedelpaese.info\/index.php\/wp-json\/wp\/v2\/comments?post=8863"}],"version-history":[{"count":0,"href":"https:\/\/archivioturi.lavocedelpaese.info\/index.php\/wp-json\/wp\/v2\/posts\/8863\/revisions"}],"wp:featuredmedia":[{"embeddable":true,"href":"https:\/\/archivioturi.lavocedelpaese.info\/index.php\/wp-json\/wp\/v2\/media\/8860"}],"wp:attachment":[{"href":"https:\/\/archivioturi.lavocedelpaese.info\/index.php\/wp-json\/wp\/v2\/media?parent=8863"}],"wp:term":[{"taxonomy":"category","embeddable":true,"href":"https:\/\/archivioturi.lavocedelpaese.info\/index.php\/wp-json\/wp\/v2\/categories?post=8863"},{"taxonomy":"post_tag","embeddable":true,"href":"https:\/\/archivioturi.lavocedelpaese.info\/index.php\/wp-json\/wp\/v2\/tags?post=8863"}],"curies":[{"name":"wp","href":"https:\/\/api.w.org\/{rel}","templated":true}]}}