{"id":8836,"date":"2012-05-02T08:15:32","date_gmt":"2012-05-02T08:15:32","guid":{"rendered":"https:\/\/archivioturi.lavocedelpaese.info\/index.php\/2012\/05\/02\/antonio-tateo-il-progetto-intrapreso-era-confacente-ai-nostri-programmi\/"},"modified":"2012-05-02T08:15:32","modified_gmt":"2012-05-02T08:15:32","slug":"antonio-tateo-il-progetto-intrapreso-era-confacente-ai-nostri-programmi","status":"publish","type":"post","link":"https:\/\/archivioturi.lavocedelpaese.info\/index.php\/2012\/05\/02\/antonio-tateo-il-progetto-intrapreso-era-confacente-ai-nostri-programmi\/","title":{"rendered":"Antonio Tateo: \u201cil progetto intrapreso era confacente ai nostri programmi\u201d"},"content":{"rendered":"<p>&nbsp;<img loading=\"lazy\" decoding=\"async\" class=\" size-full wp-image-8835\" src=\"https:\/\/archivioturi.lavocedelpaese.info\/wp-content\/uploads\/2012\/05\/tateo.JPG\" width=\"231\" height=\"150\" alt=\"tateo\" style=\"margin-top: 0px; margin-right: 3px; margin-bottom: 0px; margin-left: 3px;\" srcset=\"https:\/\/archivioturi.lavocedelpaese.info\/wp-content\/uploads\/2012\/05\/tateo.JPG 792w, https:\/\/archivioturi.lavocedelpaese.info\/wp-content\/uploads\/2012\/05\/tateo-300x195.jpg 300w, https:\/\/archivioturi.lavocedelpaese.info\/wp-content\/uploads\/2012\/05\/tateo-768x499.jpg 768w\" sizes=\"auto, (max-width: 231px) 100vw, 231px\" \/><\/p>\n<p style=\"text-align: justify;\">Fra tutti i candidati che hanno attraversato il palazzo nell\u2019era Gigantelli, Antonio Tateo \u00e8 fra i pochi che sembra essersi \u201csalvato\u201d. Da coordinatore di Forza Italia, ad assessore esterno, \u00e8 oggi con LeAli per Turi, questa volta, per\u00f2, \u00e8 sceso in campo.<br \/>Antonio Tateo. \u00c8 pronto alla prova del nove?<br \/>Nessuna prova ma, prontissimo, determinato e, nello stesso tempo, sereno di proporre ai cittadini turesi la candidatura a consigliere comunale nella lista LeAli per Turi con Onofrio Resta Sindaco. Gli attestati di stima e la fiducia delle persone non sono mai mancati. Si tratter\u00e0 di verificare la risposta elettorale. Nei colloqui giornalieri che ho con gli elettori, parlo delle cose fatte e di programmi realizzabili per il futuro. La gente vuole concretezza.<br \/>Che cosa ritiene di aver fatto da assessore alla comunicazione e cultura nel poco tempo a disposizione?<br \/>Innanzitutto, \u00e8 per me motivo di orgoglio e soddisfazione vedere la riapertura della Biblioteca al pubblico con la sistemazione e catalogazione dei fondi librari e i web Point con l\u2019utilizzo di 2 dipendenti regionali ex Crsec di Putignano a costo ZERO per le casse comunali e la collaborazione di un\u2019Associazione Culturale locale costituita da giovani esperti del settore cos\u00ec come dettato dalla normativa vigente (tantissimi sono i frequentatori dei web Point e della biblioteca);<br \/>L\u2019assegnazione del Chiostro dei Francescani al Teatro Kismet per la gestione del Progetto Bandeapart per le Politiche Giovanili (vi era l\u2019obbligo di assegnarlo a una cooperativa sociale con determinati criteri fissati dalla Regione);<br \/>La dotazione di Pannelli divulgativi Turistici &#8211; culturali installati in prospiciente di tutte le Chiese di Turi e dei Monumenti principali con la collaborazione del Ministero dei Beni Culturali e la Regione Puglia e a costo ZERO per le casse comunali:<br \/>Il rilancio della nuova Pro Loco con la possibilit\u00e0 di utilizzare un locale comunale per la propria sede e piena collaborazione con \u201ctutte\u201d le Associazioni Culturali presenti sul territorio;<br \/>I progetti culturali &#8211; turistici presentati e finanziati alla Regione, alla Provincia e al Ministero: Turi in\u2026Barocco; Le Vie Oronziane; I Segni di Sant\u2019Oronzo nel Mediterraneo; Suoni e Folklore Pugliesi; Prova d\u2019Orchestra;<br \/>Alcune Iniziative volte al rilancio dell\u2019immagine di Turi quali la partecipazione alla Trasmissione Mezzogiorno in Famiglia sulla RAI con un costo di poche centinaia di Euro a carico delle casse comunali e su Galaxy TV Piattaforma SKY;<br \/>La progettazione e la realizzazione (in corso d\u2019esecuzione) del Portale \u201cTURI INFORMA\u201d interamente finanziato dalla Regione (il progetto della precedente amministrazione era stato \u201cbocciato\u201d).<br \/>Infine, l\u2019organizzazione di circa 53 iniziative culturali in favore di bambini, giovani, adulti e anziani (in poco pi\u00f9 di 2 anni) con l\u2019utilizzo di finanziamenti ministeriali, regionali, provinciali e di sponsor privati con cofinanziamento comunale di poche migliaia di Euro;<br \/>Auspico che tutto questo lavoro possa essere apprezzato dai cittadini-elettori.<br \/>Il Paese in Comune e Tateo candidato sindaco. Com\u2019\u00e8 andata?<br \/>Non nego che numerosi aderenti, amiche e amici hanno spinto fino all\u2019ultimo affinch\u00e9 ci fosse una candidatura a Sindaco. Dopo aver fatto una serena valutazione, abbiamo ritenuto che il progetto intrapreso era confacente ai nostri programmi.<br \/>Il laboratorio politico e la situazione attuale del Pdl? Poteva andar meglio secondo lei?<br \/>Non serve parlare del passato. Ho sempre pensato che, per amministrare al meglio una comunit\u00e0&nbsp;<\/p>\n<p style=\"text-align: justify;\">occorre formare un gruppo di persone guidate da un Sindaco che traducano con lealt\u00e0, onest\u00e0, responsabilit\u00e0, coraggio e seriet\u00e0 le idee e le competenze in programmi e, quindi, in atti concreti per la collettivit\u00e0. Sono convinto che le persone che formano la Lista \u201cLeAli per TURI\u201d con Onofrio Resta Sindaco possano rappresentare \u201cal meglio\u201d tutta la comunit\u00e0 turese.<br \/>Un giudizio sulla Giunta uscente di Gigantelli?<br \/>Il Sindaco Gigantelli ha scontato sulla \u201csua pelle\u201d solo ed esclusivamente la litigiosit\u00e0 misera e becera di \u201calcuni singoli\u201d aggravata da inesistenti o futili motivi. L\u2019azione amministrativa non ha mai registrato disaccordi o divergenze di rilievo. Il Sindaco Gigantelli uscir\u00e0 a testa alta innanzitutto per aver risanato il bilancio con una gestione prudente mediante la riduzione considerevole dei residui attivi (entrate poste nei bilanci passati e mai concretamente incassate) e senza aver aumentato l\u2019indebitamento. Nonostante l\u2019utilizzo degli oneri di urbanizzazione per coprire parte della spesa corrente (in percentuale diminuita rispetto al passato) e il peso dei BOC ereditato da altri, quest\u2019amministrazione \u00e8 riuscita a eseguire opere stradali assolutamente necessarie che non erano fatte da svariati anni. Aver posto le basi per avere a Turi strutture per servizi socio-sanitari moderni ed efficienti e un Asilo nido \u00e8 senz\u2019altro positivo. Infine, il PUG e la ormai in dirittura d\u2019arrivo sistemazione della questione Caserma dei Carabinieri completano le azioni positive del Sindaco Gigantelli.<br \/>Quali sono le priorit\u00e0 per il nostro paese nel vostro programma elettorale?<br \/>Innanzitutto, bisogna partire dalla compatibilit\u00e0 economico-finanziaria del Comune di Turi. Noi siamo gli unici ad aver scritto nel programma che ridurremo i costi dell\u2019Indennit\u00e0 del Sindaco e degli Assessori. Viviamo un momento particolare che rende pi\u00f9 difficile affrontare in modo adeguato le difficolt\u00e0 economiche e sociali di oggi. I politici (anche locali) devono dare l\u2019esempio. Compiere una funzione pubblica deve essere autenticamente un onore (non un lavoro per dipendenti e liberi professionisti che arrotondano). Altre priorit\u00e0 sono: quella di procedere nel controllo della spesa -di cui si sente parlare in questi giorni a livello di governo-, riorganizzare l\u2019apparato burocratico comunale a cominciare dall\u2019Ufficio Tecnico; Costituire un ufficio che si occupi di finanziamenti dell\u2019Unione Europea, Statali e Regionali; Applicare una fiscalit\u00e0 locale equa per tutti i cittadini; Muoversi per un rilancio concreto del nostro splendido Centro Storico con interventi mirati con una fiscalit\u00e0 di vantaggio per le attivit\u00e0 economiche da insediare e per i residenti che andranno a ripopolarlo; Una cura attenta verso il verde pubblico, il decoro urbano e la manutenzione di tutte le strade del territorio comunale e degli spazi pubblici, la sistemazione definitiva di luoghi pubblici indispensabili per la vivibilit\u00e0 di tutti; Una particolare attenzione per le politiche sociali verso gli anziani e interventi per i giovani, l\u2019attivit\u00e0 agricola e produttiva, la scuola e la cultura che va potenziata soprattutto con il cofinanziamento di sponsor privati. Maggiori dettagli sul programma si possono trovare sul sito www.scrivitateo.com<br \/>Il rapporto fra Turi e i giovani. Cosa ne pensa? Che cosa propone?<br \/>Ovunque la disoccupazione sta raggiungendo livelli molto elevati. Il momento particolare che rende pi\u00f9 difficile affrontare in modo adeguato le difficolt\u00e0 economiche e sociali di oggi e l\u2019offerta e la domanda di lavoro cambiate fa il resto\u2026 Bisogna essere seri e responsabili: i Comuni non hanno \u201cleve\u201d concrete in questo settore ma possono e devono mettere in campo azioni di \u201cfacilitatori\u201d per dare opportunit\u00e0 ai nostri giovani.<br \/>Immaginiamo che diventi assessore: ci faccia una promessa? E cosa le piacerebbe portare a termine?<br \/>Lasci stare questo gioco&#8230; Innanzitutto, bisogner\u00e0 vincere le elezioni e il Sindaco utilizzer\u00e0 le prerogative che gli riserva la legge. L\u2019unica promessa che sento di fare \u00e8 quella di lavorare assiduamente per la nostra comunit\u00e0 e in qualsiasi ruolo. Mi piacerebbe portare a compimento la dotazione a Turi di un contenitore culturale (piccolo teatro-cinema) nell\u2019ex macello di largo pozzi. I presupposti e la disponibilit\u00e0 all\u2019interno del GAL ci sono tutte\u2026<\/p>\n","protected":false},"excerpt":{"rendered":"<p>&nbsp;<img loading=\"lazy\" decoding=\"async\" class=\" size-full wp-image-8835\" src=\"https:\/\/archivioturi.lavocedelpaese.info\/wp-content\/uploads\/2012\/05\/tateo.JPG\" width=\"231\" height=\"150\" alt=\"tateo\" style=\"margin-top: 0px; margin-right: 3px; margin-bottom: 0px; margin-left: 3px;\" srcset=\"https:\/\/archivioturi.lavocedelpaese.info\/wp-content\/uploads\/2012\/05\/tateo.JPG 792w, https:\/\/archivioturi.lavocedelpaese.info\/wp-content\/uploads\/2012\/05\/tateo-300x195.jpg 300w, https:\/\/archivioturi.lavocedelpaese.info\/wp-content\/uploads\/2012\/05\/tateo-768x499.jpg 768w\" sizes=\"auto, (max-width: 231px) 100vw, 231px\" \/><\/p>\n","protected":false},"author":1,"featured_media":8835,"comment_status":"open","ping_status":"closed","sticky":false,"template":"","format":"standard","meta":{"colormag_page_container_layout":"default_layout","colormag_page_sidebar_layout":"default_layout","footnotes":""},"categories":[4],"tags":[],"class_list":["post-8836","post","type-post","status-publish","format-standard","has-post-thumbnail","hentry","category-politica"],"_links":{"self":[{"href":"https:\/\/archivioturi.lavocedelpaese.info\/index.php\/wp-json\/wp\/v2\/posts\/8836","targetHints":{"allow":["GET"]}}],"collection":[{"href":"https:\/\/archivioturi.lavocedelpaese.info\/index.php\/wp-json\/wp\/v2\/posts"}],"about":[{"href":"https:\/\/archivioturi.lavocedelpaese.info\/index.php\/wp-json\/wp\/v2\/types\/post"}],"author":[{"embeddable":true,"href":"https:\/\/archivioturi.lavocedelpaese.info\/index.php\/wp-json\/wp\/v2\/users\/1"}],"replies":[{"embeddable":true,"href":"https:\/\/archivioturi.lavocedelpaese.info\/index.php\/wp-json\/wp\/v2\/comments?post=8836"}],"version-history":[{"count":0,"href":"https:\/\/archivioturi.lavocedelpaese.info\/index.php\/wp-json\/wp\/v2\/posts\/8836\/revisions"}],"wp:featuredmedia":[{"embeddable":true,"href":"https:\/\/archivioturi.lavocedelpaese.info\/index.php\/wp-json\/wp\/v2\/media\/8835"}],"wp:attachment":[{"href":"https:\/\/archivioturi.lavocedelpaese.info\/index.php\/wp-json\/wp\/v2\/media?parent=8836"}],"wp:term":[{"taxonomy":"category","embeddable":true,"href":"https:\/\/archivioturi.lavocedelpaese.info\/index.php\/wp-json\/wp\/v2\/categories?post=8836"},{"taxonomy":"post_tag","embeddable":true,"href":"https:\/\/archivioturi.lavocedelpaese.info\/index.php\/wp-json\/wp\/v2\/tags?post=8836"}],"curies":[{"name":"wp","href":"https:\/\/api.w.org\/{rel}","templated":true}]}}