{"id":8740,"date":"2012-04-18T09:55:09","date_gmt":"2012-04-18T09:55:09","guid":{"rendered":"https:\/\/archivioturi.lavocedelpaese.info\/index.php\/2012\/04\/18\/la-dof-alla-tre-ponti-di-bari\/"},"modified":"2012-04-18T09:55:09","modified_gmt":"2012-04-18T09:55:09","slug":"la-dof-alla-tre-ponti-di-bari","status":"publish","type":"post","link":"https:\/\/archivioturi.lavocedelpaese.info\/index.php\/2012\/04\/18\/la-dof-alla-tre-ponti-di-bari\/","title":{"rendered":"La Dof alla \u201ctre ponti\u201d di Bari"},"content":{"rendered":"<p>&nbsp;<img loading=\"lazy\" decoding=\"async\" class=\" size-full wp-image-8738\" src=\"https:\/\/archivioturi.lavocedelpaese.info\/wp-content\/uploads\/2012\/04\/vivicitta.jpg\" width=\"320\" height=\"150\" alt=\"vivicitt\u00e0\" style=\"margin-top: 0px; margin-right: 3px; margin-bottom: 0px; margin-left: 3px;\" srcset=\"https:\/\/archivioturi.lavocedelpaese.info\/wp-content\/uploads\/2012\/04\/vivicitta.jpg 320w, https:\/\/archivioturi.lavocedelpaese.info\/wp-content\/uploads\/2012\/04\/vivicitta-300x141.jpg 300w\" sizes=\"auto, (max-width: 320px) 100vw, 320px\" \/><\/p>\n<p>&nbsp;<\/p>\n<p>&nbsp;<\/p>\n<p style=\"text-align: justify;\"><img loading=\"lazy\" decoding=\"async\" class=\" alignright size-full wp-image-8739\" src=\"https:\/\/archivioturi.lavocedelpaese.info\/wp-content\/uploads\/2012\/04\/bianco-vivicittajpg.jpg\" width=\"267\" height=\"400\" alt=\"bianco-vivicitt\u00e0jpg\" style=\"float: right; margin-top: 8px; margin-right: 0px; margin-bottom: 8px; margin-left: 8px;\" srcset=\"https:\/\/archivioturi.lavocedelpaese.info\/wp-content\/uploads\/2012\/04\/bianco-vivicittajpg.jpg 267w, https:\/\/archivioturi.lavocedelpaese.info\/wp-content\/uploads\/2012\/04\/bianco-vivicittajpg-200x300.jpg 200w\" sizes=\"auto, (max-width: 267px) 100vw, 267px\" \/>Dopo due settimane di riposo gli atleti del Dof Amatori Turi sono tornati in pista con la partecipazione alla Vivicitt\u00e0 di Bari, gara non agonistica, ma importante per smaltire i pranzi pasquali in vista delle gare del Corripuglia. La gara non ha visto una partecipazione massiccia di atleti come nelle precedenti edizioni, perch\u00e8 lo svolgimento della manifestazione \u00e8 stato in dubbio fino alla fine per mancanza di fondi.<\/p>\n<p style=\"text-align: justify;\">La \u201ctre ponti\u201d barese prevedeva un percorso di 12 km con partenza ed arrivo al parco 2 giugno.<\/p>\n<p style=\"text-align: justify;\">Alla gara la Dof si \u00e8 presentata con 4 atleti, Angelo De Chirico, Gianpiero Bianco, Franco Laera e Filippo Palumbo, mentre Domenico Valentini ha preferito gareggiare senza pettorale, perch\u00e9 non in sintonia con le modalit\u00e0 organizzative della manifestazione. Il primo a giungere sul traguardo per i colori della Dof \u00e8 stato Bianco con il 74esimo posto in classifica generale. Nonostante la sua giovane et\u00e0, Bianco, grande promessa dell\u2019atletica turese, sta mostrando una forte crescita frutto di un lavoro specifico. A seguire hanno tagliato il traguardo Laera che sta ritrovando la forma migliore, Palumbo, ormai una garanzia per i colori turesi, e De Chirico il quale ha preferito gestire la gara per puntare sulle prossime corse.<\/p>\n<p style=\"text-align: justify;\">Da segnalare la presenza anche dell\u2019ex doffista Angelo Casulli, che per diversi anni ha gareggiato con la maglia della Dof.<\/p>\n<p style=\"text-align: justify;\">Domenica prossima ritorna il Corripuglia con la 12esima edizione della San Pancrazio in corsa.<\/p>\n","protected":false},"excerpt":{"rendered":"<p>&nbsp;<img loading=\"lazy\" decoding=\"async\" class=\" size-full wp-image-8738\" src=\"https:\/\/archivioturi.lavocedelpaese.info\/wp-content\/uploads\/2012\/04\/vivicitta.jpg\" width=\"320\" height=\"150\" alt=\"vivicitt\u00e0\" style=\"margin-top: 0px; margin-right: 3px; margin-bottom: 0px; margin-left: 3px;\" srcset=\"https:\/\/archivioturi.lavocedelpaese.info\/wp-content\/uploads\/2012\/04\/vivicitta.jpg 320w, https:\/\/archivioturi.lavocedelpaese.info\/wp-content\/uploads\/2012\/04\/vivicitta-300x141.jpg 300w\" sizes=\"auto, (max-width: 320px) 100vw, 320px\" \/><\/p>\n<p>&nbsp;<\/p>\n","protected":false},"author":1,"featured_media":8738,"comment_status":"open","ping_status":"closed","sticky":false,"template":"","format":"standard","meta":{"colormag_page_container_layout":"default_layout","colormag_page_sidebar_layout":"default_layout","footnotes":""},"categories":[5],"tags":[],"class_list":["post-8740","post","type-post","status-publish","format-standard","has-post-thumbnail","hentry","category-sport"],"_links":{"self":[{"href":"https:\/\/archivioturi.lavocedelpaese.info\/index.php\/wp-json\/wp\/v2\/posts\/8740","targetHints":{"allow":["GET"]}}],"collection":[{"href":"https:\/\/archivioturi.lavocedelpaese.info\/index.php\/wp-json\/wp\/v2\/posts"}],"about":[{"href":"https:\/\/archivioturi.lavocedelpaese.info\/index.php\/wp-json\/wp\/v2\/types\/post"}],"author":[{"embeddable":true,"href":"https:\/\/archivioturi.lavocedelpaese.info\/index.php\/wp-json\/wp\/v2\/users\/1"}],"replies":[{"embeddable":true,"href":"https:\/\/archivioturi.lavocedelpaese.info\/index.php\/wp-json\/wp\/v2\/comments?post=8740"}],"version-history":[{"count":0,"href":"https:\/\/archivioturi.lavocedelpaese.info\/index.php\/wp-json\/wp\/v2\/posts\/8740\/revisions"}],"wp:featuredmedia":[{"embeddable":true,"href":"https:\/\/archivioturi.lavocedelpaese.info\/index.php\/wp-json\/wp\/v2\/media\/8738"}],"wp:attachment":[{"href":"https:\/\/archivioturi.lavocedelpaese.info\/index.php\/wp-json\/wp\/v2\/media?parent=8740"}],"wp:term":[{"taxonomy":"category","embeddable":true,"href":"https:\/\/archivioturi.lavocedelpaese.info\/index.php\/wp-json\/wp\/v2\/categories?post=8740"},{"taxonomy":"post_tag","embeddable":true,"href":"https:\/\/archivioturi.lavocedelpaese.info\/index.php\/wp-json\/wp\/v2\/tags?post=8740"}],"curies":[{"name":"wp","href":"https:\/\/api.w.org\/{rel}","templated":true}]}}