{"id":8668,"date":"2012-04-11T08:41:19","date_gmt":"2012-04-11T08:41:19","guid":{"rendered":"https:\/\/archivioturi.lavocedelpaese.info\/index.php\/2012\/04\/11\/il-verde-in-degrado\/"},"modified":"2012-04-11T08:41:19","modified_gmt":"2012-04-11T08:41:19","slug":"il-verde-in-degrado","status":"publish","type":"post","link":"https:\/\/archivioturi.lavocedelpaese.info\/index.php\/2012\/04\/11\/il-verde-in-degrado\/","title":{"rendered":"Il verde\u2026. in degrado"},"content":{"rendered":"<p><img loading=\"lazy\" decoding=\"async\" class=\" size-full wp-image-8665\" src=\"https:\/\/archivioturi.lavocedelpaese.info\/wp-content\/uploads\/2012\/04\/verde-pubblico.jpg\" width=\"320\" height=\"150\" alt=\"verde-pubblico\" style=\"margin-top: 0px; margin-right: 3px; margin-bottom: 0px; margin-left: 3px;\" srcset=\"https:\/\/archivioturi.lavocedelpaese.info\/wp-content\/uploads\/2012\/04\/verde-pubblico.jpg 320w, https:\/\/archivioturi.lavocedelpaese.info\/wp-content\/uploads\/2012\/04\/verde-pubblico-300x141.jpg 300w\" sizes=\"auto, (max-width: 320px) 100vw, 320px\" \/><\/p>\n<p>&nbsp;<\/p>\n<p>&nbsp;<\/p>\n<p>Spesso ci soffermiamo ad ammirare le nostre bellezze architettoniche, molte volte raccontiamo la necessit\u00e0 di una maggiore valorizzazione degli spazi cittadini come il centro storico o i monumenti, ma gi\u00e0 in diverse occasioni abbiamo puntato l\u2019attenzione sul verde pubblico e sullo stato delle nostre piazze e ville. Qualche giorno fa, anche su Facebook \u00e8 partito un dibattito sulla condizione di degrado in cui versano i luoghi verdi del comune.<\/p>\n<p><img loading=\"lazy\" decoding=\"async\" class=\" alignright size-full wp-image-8666\" src=\"https:\/\/archivioturi.lavocedelpaese.info\/wp-content\/uploads\/2012\/04\/verde-piazza-venusio.jpg\" width=\"300\" height=\"198\" alt=\"verde-piazza-venusio\" style=\"float: right; margin-top: 8px; margin-right: 0px; margin-bottom: 8px; margin-left: 8px;\" \/>Anche noi siamo andati a verificare e, le immagini che vi mostriamo non si riescono neppure a commentare. Purtroppo l\u2019erba \u00e8 cresciuta fino a raggiungere i circa 50 cm di altezza e non sappiamo fino a quando tale situazione continuer\u00e0 a presentarsi ai nostri occhi. Piazza Venusio, come anche la Villa comunale, sono ormai vittime del degrado e della mancanza di un\u2019Amministrazione che sta percorrendo, in questi giorni, le sue ultime ore di governo cittadino.<\/p>\n<p>E se le strade o alcune di esse stanno subendo qualche modifica, lo stesso non si pu\u00f2 dire degli spazi verdi per i quali non ci sono fondi o appalti di aziende per poterli gestire. Ecco che la natura ha cos\u00ec il suo normale percorso e sviluppo, senza cura umana, a dominarla e lo spettacolo, che ci offre, nel caso degli spazi pubblici, non \u00e8 per niente apprezzabile.<\/p>\n<p><img loading=\"lazy\" decoding=\"async\" class=\" alignleft size-full wp-image-8667\" src=\"https:\/\/archivioturi.lavocedelpaese.info\/wp-content\/uploads\/2012\/04\/Giostrine-piazza.jpg\" width=\"300\" height=\"247\" alt=\"Giostrine-piazza\" style=\"float: left; margin-top: 8px; margin-right: 8px; margin-bottom: 8px; margin-left: 0px;\" \/>Insieme a questa, anche le aree giochi, che come avevamo mostrato solo qualche mese fa, continuano a godere dell\u2019incuria e della disattenzione di tutti.<\/p>\n<p>A poco basta rilevare come qualche miglioria sia stata realizzata nei pressi del cimitero comunale, luogo di preghiera in questi giorni pasquali, o la consapevolezza delle attivit\u00e0 di potatura dei lecci attorno alla villa comunale che verranno effettuati tra qualche giorno per lenire lo sgomento della situazione in cui versano tutti gli altri spazi verdi del paese.<\/p>\n<p><b>&nbsp;<\/b><\/p>\n<p><b>Si legge su Facebook<\/b><\/p>\n<p><b>Lucia Maggiolini<\/b> giusto quel che resta&#8230;.tutti fanno finta di nn vedere<\/p>\n<p><b>Turi com&#8217;era<\/b> che belle le giostrine di Piazza Venusio&#8230;<\/p>\n<p><b>Vincenzo Daprile<\/b> Ben svegliati! Mi spiace per voi ma il degrado dei luoghi pubblici vi assicuro che non c&#8217;entra nulla col tipo di voto dare! Da Cittadino italiano nonch\u00e9 tecnico nel settore mi preme sottolineare che dipende solo dalla disponibilit\u00e0 del patto di stabilit\u00e0 e dalla sensibilit\u00e0 del funzionario dell&#8217;area tecnica dell&#8217;ente coinvolto! L&#8217;amministratore d\u00e0 solo degli indirizzi!<\/p>\n<p><b>Turi com&#8217;era<\/b> noi stiamo solo facendo vedere quello che sta succedendo in luoghi che dovrebbero servire a rendere felici i bimbi ma in sicurezza&#8230;sono figli di tutti e farli giocare in un luogo almeno decente \u00e8 il minimo&#8230;<\/p>\n","protected":false},"excerpt":{"rendered":"<p><img loading=\"lazy\" decoding=\"async\" class=\" size-full wp-image-8665\" src=\"https:\/\/archivioturi.lavocedelpaese.info\/wp-content\/uploads\/2012\/04\/verde-pubblico.jpg\" width=\"320\" height=\"150\" alt=\"verde-pubblico\" style=\"margin-top: 0px; margin-right: 3px; margin-bottom: 0px; margin-left: 3px;\" srcset=\"https:\/\/archivioturi.lavocedelpaese.info\/wp-content\/uploads\/2012\/04\/verde-pubblico.jpg 320w, https:\/\/archivioturi.lavocedelpaese.info\/wp-content\/uploads\/2012\/04\/verde-pubblico-300x141.jpg 300w\" sizes=\"auto, (max-width: 320px) 100vw, 320px\" \/><\/p>\n<p>&nbsp;<\/p>\n","protected":false},"author":1,"featured_media":8665,"comment_status":"open","ping_status":"closed","sticky":false,"template":"","format":"standard","meta":{"colormag_page_container_layout":"default_layout","colormag_page_sidebar_layout":"default_layout","footnotes":""},"categories":[7],"tags":[],"class_list":["post-8668","post","type-post","status-publish","format-standard","has-post-thumbnail","hentry","category-attualita"],"_links":{"self":[{"href":"https:\/\/archivioturi.lavocedelpaese.info\/index.php\/wp-json\/wp\/v2\/posts\/8668","targetHints":{"allow":["GET"]}}],"collection":[{"href":"https:\/\/archivioturi.lavocedelpaese.info\/index.php\/wp-json\/wp\/v2\/posts"}],"about":[{"href":"https:\/\/archivioturi.lavocedelpaese.info\/index.php\/wp-json\/wp\/v2\/types\/post"}],"author":[{"embeddable":true,"href":"https:\/\/archivioturi.lavocedelpaese.info\/index.php\/wp-json\/wp\/v2\/users\/1"}],"replies":[{"embeddable":true,"href":"https:\/\/archivioturi.lavocedelpaese.info\/index.php\/wp-json\/wp\/v2\/comments?post=8668"}],"version-history":[{"count":0,"href":"https:\/\/archivioturi.lavocedelpaese.info\/index.php\/wp-json\/wp\/v2\/posts\/8668\/revisions"}],"wp:featuredmedia":[{"embeddable":true,"href":"https:\/\/archivioturi.lavocedelpaese.info\/index.php\/wp-json\/wp\/v2\/media\/8665"}],"wp:attachment":[{"href":"https:\/\/archivioturi.lavocedelpaese.info\/index.php\/wp-json\/wp\/v2\/media?parent=8668"}],"wp:term":[{"taxonomy":"category","embeddable":true,"href":"https:\/\/archivioturi.lavocedelpaese.info\/index.php\/wp-json\/wp\/v2\/categories?post=8668"},{"taxonomy":"post_tag","embeddable":true,"href":"https:\/\/archivioturi.lavocedelpaese.info\/index.php\/wp-json\/wp\/v2\/tags?post=8668"}],"curies":[{"name":"wp","href":"https:\/\/api.w.org\/{rel}","templated":true}]}}