{"id":8660,"date":"2012-04-10T15:23:18","date_gmt":"2012-04-10T15:23:18","guid":{"rendered":"https:\/\/archivioturi.lavocedelpaese.info\/index.php\/2012\/04\/10\/il-padiglione-d-per-le-classi-dellinfanzia\/"},"modified":"2012-04-10T15:23:18","modified_gmt":"2012-04-10T15:23:18","slug":"il-padiglione-d-per-le-classi-dellinfanzia","status":"publish","type":"post","link":"https:\/\/archivioturi.lavocedelpaese.info\/index.php\/2012\/04\/10\/il-padiglione-d-per-le-classi-dellinfanzia\/","title":{"rendered":"Il padiglione D per le classi dell&#8217;infanzia"},"content":{"rendered":"<p>&nbsp;<img loading=\"lazy\" decoding=\"async\" class=\" size-full wp-image-8659\" src=\"https:\/\/archivioturi.lavocedelpaese.info\/wp-content\/uploads\/2012\/04\/scuola-materna.jpg\" width=\"320\" height=\"150\" alt=\"scuola-materna\" style=\"margin-top: 0px; margin-right: 3px; margin-bottom: 0px; margin-left: 3px;\" srcset=\"https:\/\/archivioturi.lavocedelpaese.info\/wp-content\/uploads\/2012\/04\/scuola-materna.jpg 320w, https:\/\/archivioturi.lavocedelpaese.info\/wp-content\/uploads\/2012\/04\/scuola-materna-300x141.jpg 300w\" sizes=\"auto, (max-width: 320px) 100vw, 320px\" \/><\/p>\n<p>&nbsp;<\/p>\n<p>&nbsp;<\/p>\n<p style=\"text-align: center;\"><strong>Materna? La proposta amministrativa risiede nell&#8217;Istituto Comprensivo &#8220;Raffaele Resta&#8221;<\/strong><\/p>\n<p>La scorsa settimana abbiamo raccolto la voce di genitori, organi sindacali e politici preoccupati per la situazione dei bambini e del personale scolastico della scuola dell\u2019infanzia \u201cSan Giovanni Bosco\u201d. Ci eravamo lasciati con il timore di molti di vedersi costretti a trasferimenti per sopperire alla mancanza di uno spazio idoneo ad ospitare circa 120 bambini e una sala mensa.<\/p>\n<p>Nella mattinata di venerd\u00ec, apprendiamo dall\u2019Assessore Modesto Cazzetta, si \u00e8 svolto un incontro presso il Provveditorato agli Studi di Bari con il vice provveditore al quale \u00e8 stata esposta la delicata situazione turese. \u201cEffettivamente la Scuola di via Ginestre non \u00e8 chiusa, ma solo momentaneamente non agibile e non possiamo definire fino a quando lo rester\u00e0, poich\u00e9 tutto sar\u00e0 determinato dagli studi che si stanno compiendo\u201d. Comprendendo le ragioni problematiche che hanno mosso la dirigenza scolastica, insieme ai genitori, al corpo insegnante e al personale non docente verso l\u2019incerto futuro, l\u2019Amministrazione ha proposto una soluzione alternativa che pare essere stata sostenuta dagli stessi organi baresi.<\/p>\n<p>\u201cCome tutti sanno, dal prossimo anno \u2013 enuncia l\u2019Assessore alle Politiche Scolastiche, Cazzetta &#8211; Turi avr\u00e0 un Istituto Comprensivo che unir\u00e0 il Circolo Didattico con la Scuola Media. L&#8217;Istituto Comprensivo &#8220;Raffaele Resta&#8221;, con sede in via Mola, avr\u00e0 i suoi uffici proprio nell&#8217;attuale scuola media. La nostra proposta \u00e8 quindi di dotare le stanze del padiglione D, quelle che in questo momento ospitano gli uffici del Circolo Didattico, ad aule per la scuola dell&#8217;infanzia&#8221;. L&#8217;Amministrazione comunale ha pertanto inviato tale proposta al provveditorato e al dirigente scolastico, esponendo tale possibile soluzione come risposta alla mancanza di una struttura per i bambini della &#8220;San Giovanni Bosco&#8221;. E per quanto concerne la necessit\u00e0 di un refettorio?<\/p>\n<p>&#8220;Per questo ci viene incontro la stessa palestra del Circolo Didattico, che, adeguatamente preparata, potr\u00e0 fungere, come in origine, da mensa per i bambini che consumeranno il pasto a scuola. Per la vera e propria palestra &#8211; ha quindi aggiunto l&#8217;Assessore &#8211; l&#8217;intero Istituto potr\u00e0 usufruire delle due strutture attigue alla scuola media&#8221;.<\/p>\n<p>Una risoluzione che pare rispondere ai dubbi e alle incertezze di tutti e che impedirebbe a molte famiglie il trasferimento dei bambini presso scuole di paesi limitrofi. Tale proposta, sembra anche superare l&#8217;ostacolo dell&#8217;incapacit\u00e0 di determinare il termine dei lavori di studio che si stanno realizzando in via Ginestre e permettere un regolare proseguo, o meglio avvio, delle attivit\u00e0 didattiche 2012\/&#8217;13, nonostante il responso favorevole o contrario dell&#8217;agibilit\u00e0 della struttura.&nbsp;<\/p>\n<p style=\"text-align: justify;\"><strong><br \/><\/strong><\/p>\n","protected":false},"excerpt":{"rendered":"<p>&nbsp;<img loading=\"lazy\" decoding=\"async\" class=\" size-full wp-image-8659\" src=\"https:\/\/archivioturi.lavocedelpaese.info\/wp-content\/uploads\/2012\/04\/scuola-materna.jpg\" width=\"320\" height=\"150\" alt=\"scuola-materna\" style=\"margin-top: 0px; margin-right: 3px; margin-bottom: 0px; margin-left: 3px;\" srcset=\"https:\/\/archivioturi.lavocedelpaese.info\/wp-content\/uploads\/2012\/04\/scuola-materna.jpg 320w, https:\/\/archivioturi.lavocedelpaese.info\/wp-content\/uploads\/2012\/04\/scuola-materna-300x141.jpg 300w\" sizes=\"auto, (max-width: 320px) 100vw, 320px\" \/><\/p>\n<p>&nbsp;<\/p>\n","protected":false},"author":1,"featured_media":8659,"comment_status":"open","ping_status":"closed","sticky":false,"template":"","format":"standard","meta":{"colormag_page_container_layout":"default_layout","colormag_page_sidebar_layout":"default_layout","footnotes":""},"categories":[7],"tags":[],"class_list":["post-8660","post","type-post","status-publish","format-standard","has-post-thumbnail","hentry","category-attualita"],"_links":{"self":[{"href":"https:\/\/archivioturi.lavocedelpaese.info\/index.php\/wp-json\/wp\/v2\/posts\/8660","targetHints":{"allow":["GET"]}}],"collection":[{"href":"https:\/\/archivioturi.lavocedelpaese.info\/index.php\/wp-json\/wp\/v2\/posts"}],"about":[{"href":"https:\/\/archivioturi.lavocedelpaese.info\/index.php\/wp-json\/wp\/v2\/types\/post"}],"author":[{"embeddable":true,"href":"https:\/\/archivioturi.lavocedelpaese.info\/index.php\/wp-json\/wp\/v2\/users\/1"}],"replies":[{"embeddable":true,"href":"https:\/\/archivioturi.lavocedelpaese.info\/index.php\/wp-json\/wp\/v2\/comments?post=8660"}],"version-history":[{"count":0,"href":"https:\/\/archivioturi.lavocedelpaese.info\/index.php\/wp-json\/wp\/v2\/posts\/8660\/revisions"}],"wp:featuredmedia":[{"embeddable":true,"href":"https:\/\/archivioturi.lavocedelpaese.info\/index.php\/wp-json\/wp\/v2\/media\/8659"}],"wp:attachment":[{"href":"https:\/\/archivioturi.lavocedelpaese.info\/index.php\/wp-json\/wp\/v2\/media?parent=8660"}],"wp:term":[{"taxonomy":"category","embeddable":true,"href":"https:\/\/archivioturi.lavocedelpaese.info\/index.php\/wp-json\/wp\/v2\/categories?post=8660"},{"taxonomy":"post_tag","embeddable":true,"href":"https:\/\/archivioturi.lavocedelpaese.info\/index.php\/wp-json\/wp\/v2\/tags?post=8660"}],"curies":[{"name":"wp","href":"https:\/\/api.w.org\/{rel}","templated":true}]}}