{"id":8653,"date":"2012-04-10T08:45:13","date_gmt":"2012-04-10T08:45:13","guid":{"rendered":"https:\/\/archivioturi.lavocedelpaese.info\/index.php\/2012\/04\/10\/onofrio-restaqrinnovamento-e-sinergie-vincentiq\/"},"modified":"2012-04-10T08:45:13","modified_gmt":"2012-04-10T08:45:13","slug":"onofrio-restaqrinnovamento-e-sinergie-vincentiq","status":"publish","type":"post","link":"https:\/\/archivioturi.lavocedelpaese.info\/index.php\/2012\/04\/10\/onofrio-restaqrinnovamento-e-sinergie-vincentiq\/","title":{"rendered":"Onofrio Resta:&#8221;Rinnovamento e sinergie vincenti&#8221;"},"content":{"rendered":"<p><img loading=\"lazy\" decoding=\"async\" class=\" size-full wp-image-8323\" src=\"https:\/\/archivioturi.lavocedelpaese.info\/wp-content\/uploads\/2012\/02\/onofrio-r.PNG\" width=\"320\" height=\"150\" alt=\"onofrio r\" style=\"margin-top: 0px; margin-right: 3px; margin-bottom: 0px; margin-left: 3px;\" \/><\/p>\n<p>&nbsp;<\/p>\n<p>&nbsp;<\/p>\n<p>Abbiamo ascoltato il Prof. Onofrio Resta. Candidato Sindaco nello sprint finale di un lungo e periglioso percorso politico che ha lasciato tanti interrogativi fino agli ultimi giorni.<\/p>\n<p><b>Il Prof. Onofrio Resta \u00e8 il Candidato Sindaco. Com\u2019\u00e8 andata?<\/b><\/p>\n<p>Michele Boccardi aveva fondato e pensato ad un progetto pi\u00f9 ampio che andasse oltre il Pdl. Gli assi portanti di questo progetto erano gi\u00e0 definiti: il primo asse era quello di poter contare su un candidato sindaco che non fosse organico all\u2019attuale maggioranza uscente e il secondo asse un forte rinnovamento. Un mese fa ci \u00e8 stato spiegato chi dovesse guidare il progetto e subito, in modo leale, abbiamo condiviso l\u2019idea del laboratorio politico.<\/p>\n<p><b>Lei ha parlato di \u201ccerte condizioni\u201d. Quali condizioni?<\/b><\/p>\n<p>Nessuna condizione, se non quelle definite nel progetto stesso di cui ho appena detto. Abbiamo da subito messo a disposizione noi stessi e le nostre autorevoli candidature senza mai richiedere incarichi particolari.<\/p>\n<p><b>Con la sua candidatura, oggi cosa rimane del laboratorio?<\/b><\/p>\n<p>La candidatura non \u00e8 frutto di un dialogo a due. Non abbiamo deciso io e Boccardi. Al&nbsp; contrario ci sono stati gruppi, persone e personalit\u00e0 del nostro paese intorno al tavolo. Abbiamo voluto e si \u00e8 ottenuto un grande rinnovamento. Cambiare e rinnovare, dopo questi cinque anni, rappresenta un\u2019operazione storica. Non \u00e8 stato facile, perch\u00e9 potevano esserci legittime aspirazioni che sono state sacrificate.<\/p>\n<p><b>Qual \u00e8 il valore aggiunto di LeAli per Turi?<\/b><\/p>\n<p>Intorno a questo progetto, finalmente, si \u00e8 ricreata l\u2019unit\u00e0 di tutte le persone e i gruppi vicini alle idee del centro destra. Si \u00e8 cos\u00ec allargata la prospettiva che oggi non si limita pi\u00f9 al solo Pdl. Era per Turi il momento di creare una sinergia fra i leader pi\u00f9 importanti. Spesso i rapporti per diffidenza o malintesi non sono stati semplici. Oggi, con questa condivisione e sinergia, Turi pu\u00f2 contare su un grande valore aggiunto e i finanziamenti per la ss172, con l\u2019apporto determinate mio e di Boccardi, ne sono un esempio concreto. Questa sinergia era sufficiente a sostenere una prospettiva nuova e vincente e cos\u00ec \u00e8 stato.<\/p>\n<p><b>Dal suo punto di vista, perch\u00e9 Leogrande ha rinunciato all\u2019ultimo minuto?<\/b><\/p>\n<p>Mi dispiace davvero che non sia stato Leogrande a guidare la coalizione poich\u00e9 il progetto era stato pensato intorno a lui. Non ho intenzione di discutere la sua decisione. La sua rinuncia aveva creato delle crepe fra il Pdl e le altre componenti. Leogrande richiedeva un rinnovamento totale. Noi, Ppdt, Fli e Udc pensavamo al risultato complessivo. Il rinnovamento c\u2019\u00e8 stato e non \u00e8 stato, lo ripeto, facile. Per questo ringrazio quelli che hanno consentito di non impedire il compimento del progetto e hanno fatto un passo indietro. Ritengo che una cosa \u00e8 il principio di opportunit\u00e0 del rinnovamento, altra cosa la demonizzazione delle persone.<\/p>\n<p><b>Onofrio Resta per\u00f2 aveva annunciato la discesa in campo con la propria lista. Come mai poi \u00e8 rientrato tutto?<\/b><\/p>\n<p>\u00c8 vero. Avevamo gi\u00e0 il nome: \u201cLegalit\u00e0 e Trasparenza\u201d, con firme e candidati. Eravamo consapevoli che sarebbe stata una lista votata alla rappresentanza. Ma siamo sempre rimasti dove i turesi ci hanno conosciuti, con lealt\u00e0 e coerenza nel centro destra. Dopo il ritiro di Leogrande, ho tentato un\u2019ulteriore mediazione, garantendo che nessun assessore dell\u2019attuale giunta lo fosse anche nella nuova. Leogrande ha rifiutato e ne abbiamo preso atto. Quando ci hanno presentato Tina Resta, abbiamo accettato senza far nessun problema. Tuttavia questo nome era un ostacolo insormontabile proprio nel Pdl. Sabato sera, proprio in quelle ore di grande concitazione, che il Pdl richiedeva l\u2019innesto di altre due persone dell\u2019attuale maggioranza. Questo avrebbe causato la frantumazione del progetto iniziale e l\u2019esclusione delle persone che avevano contribuito ad allargare l\u2019alleanza. In sintesi sarei entrato solo io. Cosa avrei detto a Fli e all\u2019Udc? Come avrei spiegato a Schittulli l\u2019esclusione di Denovellis?<\/p>\n<p><b>E come si \u00e8 trovata l\u2019intesa finale?<\/b><\/p>\n<p>\u00c8 stato il Pdl stesso a rinunciare a quanto chiesto riportando le lancette dell\u2019orologio a mesi fa. Cos\u00ec la segreteria provinciale e Michele Boccardi mi hanno chiesto di guidare l\u2019alleanza. Anche se con dispiacere per Mimmo Leogrande, l\u2019ho fatto con senso di responsabilit\u00e0. Oggi la nostra alleanza ha gi\u00e0 raggiunto grandi traguardi. Abbiamo realizzato una lista votata al rinnovamento e abbiamo unito due leadership che allargano e rafforzano il centro destra. In nessun altro comune della provincia i liberali del Pdl con i moderati e i riformisti del terzo polo e il movimento Schittulli si ritrovano insieme. Tutto questo \u00e8 stato trasparente, partecipato e condiviso. Queste sono le premesse di un progetto che nelle sue sinergie ha gi\u00e0 vinto.<\/p>\n","protected":false},"excerpt":{"rendered":"<p><img loading=\"lazy\" decoding=\"async\" class=\" size-full wp-image-8323\" src=\"https:\/\/archivioturi.lavocedelpaese.info\/wp-content\/uploads\/2012\/02\/onofrio-r.PNG\" width=\"320\" height=\"150\" alt=\"onofrio r\" style=\"margin-top: 0px; margin-right: 3px; margin-bottom: 0px; margin-left: 3px;\" \/><\/p>\n<p>&nbsp;<\/p>\n","protected":false},"author":1,"featured_media":8323,"comment_status":"open","ping_status":"closed","sticky":false,"template":"","format":"standard","meta":{"colormag_page_container_layout":"default_layout","colormag_page_sidebar_layout":"default_layout","footnotes":""},"categories":[4],"tags":[],"class_list":["post-8653","post","type-post","status-publish","format-standard","has-post-thumbnail","hentry","category-politica"],"_links":{"self":[{"href":"https:\/\/archivioturi.lavocedelpaese.info\/index.php\/wp-json\/wp\/v2\/posts\/8653","targetHints":{"allow":["GET"]}}],"collection":[{"href":"https:\/\/archivioturi.lavocedelpaese.info\/index.php\/wp-json\/wp\/v2\/posts"}],"about":[{"href":"https:\/\/archivioturi.lavocedelpaese.info\/index.php\/wp-json\/wp\/v2\/types\/post"}],"author":[{"embeddable":true,"href":"https:\/\/archivioturi.lavocedelpaese.info\/index.php\/wp-json\/wp\/v2\/users\/1"}],"replies":[{"embeddable":true,"href":"https:\/\/archivioturi.lavocedelpaese.info\/index.php\/wp-json\/wp\/v2\/comments?post=8653"}],"version-history":[{"count":0,"href":"https:\/\/archivioturi.lavocedelpaese.info\/index.php\/wp-json\/wp\/v2\/posts\/8653\/revisions"}],"wp:featuredmedia":[{"embeddable":true,"href":"https:\/\/archivioturi.lavocedelpaese.info\/index.php\/wp-json\/wp\/v2\/media\/8323"}],"wp:attachment":[{"href":"https:\/\/archivioturi.lavocedelpaese.info\/index.php\/wp-json\/wp\/v2\/media?parent=8653"}],"wp:term":[{"taxonomy":"category","embeddable":true,"href":"https:\/\/archivioturi.lavocedelpaese.info\/index.php\/wp-json\/wp\/v2\/categories?post=8653"},{"taxonomy":"post_tag","embeddable":true,"href":"https:\/\/archivioturi.lavocedelpaese.info\/index.php\/wp-json\/wp\/v2\/tags?post=8653"}],"curies":[{"name":"wp","href":"https:\/\/api.w.org\/{rel}","templated":true}]}}