{"id":8648,"date":"2012-04-10T07:35:33","date_gmt":"2012-04-10T07:35:33","guid":{"rendered":"https:\/\/archivioturi.lavocedelpaese.info\/index.php\/2012\/04\/10\/strade-e-cantieri-una-turi-che-cambia\/"},"modified":"2012-04-10T07:35:33","modified_gmt":"2012-04-10T07:35:33","slug":"strade-e-cantieri-una-turi-che-cambia","status":"publish","type":"post","link":"https:\/\/archivioturi.lavocedelpaese.info\/index.php\/2012\/04\/10\/strade-e-cantieri-una-turi-che-cambia\/","title":{"rendered":"Strade e cantieri\u2026 una Turi che cambia"},"content":{"rendered":"<p>&nbsp;<img loading=\"lazy\" decoding=\"async\" class=\" size-full wp-image-8646\" src=\"https:\/\/archivioturi.lavocedelpaese.info\/wp-content\/uploads\/2012\/04\/Strade-nuove.jpg\" width=\"320\" height=\"150\" alt=\"Strade-nuove\" style=\"margin-top: 0px; margin-right: 3px; margin-bottom: 0px; margin-left: 3px;\" srcset=\"https:\/\/archivioturi.lavocedelpaese.info\/wp-content\/uploads\/2012\/04\/Strade-nuove.jpg 320w, https:\/\/archivioturi.lavocedelpaese.info\/wp-content\/uploads\/2012\/04\/Strade-nuove-300x141.jpg 300w\" sizes=\"auto, (max-width: 320px) 100vw, 320px\" \/><\/p>\n<p>&nbsp;<\/p>\n<p>&nbsp;<\/p>\n<p style=\"text-align: justify;\">\u201cOrmai Turi \u00e8 un cantiere aperto\u201d. Sono queste le parole che maggiormente si ascoltano dalla voce dei cittadini che assistono, da diversi mesi, ai lavori di rifacimento dei reflui della fogna bianca, o al ripristino dell\u2019asfalto. Strade bloccate, cantieri aperti lungo le principali vie cittadine e deviazioni che continuano a spuntare qua e l\u00e0 per il paese e costringono i turesi a cercare quotidianamente strade alternative. \u201cFinalmente\u201d \u2013 racconta qualcun altro, commentando le operazioni che hanno interessato il ripristino del manto stradale da Largo Pozzi alla Villa Comunale, o il rifacimento della segnaletica orizzontale lungo numerose strade del paese.<\/p>\n<p style=\"text-align: justify;\">\u201c\u00c8 necessaria un po\u2019 di pazienza\u201d \u2013 chiariscono dall\u2019Amministrazione consapevoli del disagio che i turesi e chi giunge a Turi sta incontrando da diversi mesi. \u201cPurtroppo diversi sono gli ostacoli che si stanno incontrando lungo il corso dei lavori\u201d \u2013 continua l\u2019Assessore Cazzetta, sottolineando alcuni rallentamenti intervenuti per le attivit\u00e0 in via Conversano e per i quali \u00e8 stato necessario un nuovo sopralluogo dei tecnici della Telecom. \u201cI mezzi impiegati per sondare il sottosuolo, rimarca l\u2019Assessore, non sono stati sufficientemente in grado di descrivere i siti dei cavi gi\u00e0 presenti <img loading=\"lazy\" decoding=\"async\" class=\" alignright size-full wp-image-8647\" src=\"https:\/\/archivioturi.lavocedelpaese.info\/wp-content\/uploads\/2012\/04\/Strada-pericolo.jpg\" width=\"320\" height=\"250\" alt=\"Strada-pericolo\" style=\"float: right; margin-top: 8px; margin-right: 0px; margin-bottom: 8px; margin-left: 8px;\" srcset=\"https:\/\/archivioturi.lavocedelpaese.info\/wp-content\/uploads\/2012\/04\/Strada-pericolo.jpg 320w, https:\/\/archivioturi.lavocedelpaese.info\/wp-content\/uploads\/2012\/04\/Strada-pericolo-300x234.jpg 300w\" sizes=\"auto, (max-width: 320px) 100vw, 320px\" \/>pertanto oggi, lungo il corso dei lavori, l\u2019azienda sta incontrando rallentamenti a causa di questi. Presto potremo vedere un proseguo delle attivit\u00e0 in via Conversano\u201d &#8211; conclude. Nel frattempo, come abbiamo documentato nei nostri precedenti articoli, la viabilit\u00e0 lungo la stessa strada, all\u2019altezza del rudere dell\u2019ospedale, \u00e8 stata ripristinata, anche se in tanti si sono chiesti se fosse nuovamente garantita la presenza della pista ciclabile. \u201cSicuramente la sua viabilit\u00e0 sar\u00e0 di nuovo ristabilita, ma nel momento in cui i lavori saranno conclusi\u201d \u2013 ha tranquillizzato ancora l\u2019Assessore alle opere pubbliche.<\/p>\n<p style=\"text-align: justify;\">Nota dolente, riguarda una segnalazione giunta alla nostra redazione, di un cantiere privato che ostacola e rende difficoltosa la viabilit\u00e0. I segni sulla carreggiata e un tamponamento registrato in questi giorni, denotano la scarsissima visibilit\u00e0 che la posa del cantiere e dei materiali impiegati determinano per i conducenti. Nonostante la regolarit\u00e0 dello stesso, come dimostrano le foto, lo spazio per le auto \u00e8 molto ristretto e tanti cittadini hanno espresso lamentele circa la difficoltosa situazione che si \u00e8 venuta a creare. Dinanzi a tale situazione imbarazzante, pertanto, si raccomanda tanta pazienza e attenzione affinch\u00e8 si possano evitare scontri o incidenti.<\/p>\n","protected":false},"excerpt":{"rendered":"<p>&nbsp;<img loading=\"lazy\" decoding=\"async\" class=\" size-full wp-image-8646\" src=\"https:\/\/archivioturi.lavocedelpaese.info\/wp-content\/uploads\/2012\/04\/Strade-nuove.jpg\" width=\"320\" height=\"150\" alt=\"Strade-nuove\" style=\"margin-top: 0px; margin-right: 3px; margin-bottom: 0px; margin-left: 3px;\" srcset=\"https:\/\/archivioturi.lavocedelpaese.info\/wp-content\/uploads\/2012\/04\/Strade-nuove.jpg 320w, https:\/\/archivioturi.lavocedelpaese.info\/wp-content\/uploads\/2012\/04\/Strade-nuove-300x141.jpg 300w\" sizes=\"auto, (max-width: 320px) 100vw, 320px\" \/><\/p>\n<p>&nbsp;<\/p>\n","protected":false},"author":1,"featured_media":8646,"comment_status":"open","ping_status":"closed","sticky":false,"template":"","format":"standard","meta":{"colormag_page_container_layout":"default_layout","colormag_page_sidebar_layout":"default_layout","footnotes":""},"categories":[7],"tags":[],"class_list":["post-8648","post","type-post","status-publish","format-standard","has-post-thumbnail","hentry","category-attualita"],"_links":{"self":[{"href":"https:\/\/archivioturi.lavocedelpaese.info\/index.php\/wp-json\/wp\/v2\/posts\/8648","targetHints":{"allow":["GET"]}}],"collection":[{"href":"https:\/\/archivioturi.lavocedelpaese.info\/index.php\/wp-json\/wp\/v2\/posts"}],"about":[{"href":"https:\/\/archivioturi.lavocedelpaese.info\/index.php\/wp-json\/wp\/v2\/types\/post"}],"author":[{"embeddable":true,"href":"https:\/\/archivioturi.lavocedelpaese.info\/index.php\/wp-json\/wp\/v2\/users\/1"}],"replies":[{"embeddable":true,"href":"https:\/\/archivioturi.lavocedelpaese.info\/index.php\/wp-json\/wp\/v2\/comments?post=8648"}],"version-history":[{"count":0,"href":"https:\/\/archivioturi.lavocedelpaese.info\/index.php\/wp-json\/wp\/v2\/posts\/8648\/revisions"}],"wp:featuredmedia":[{"embeddable":true,"href":"https:\/\/archivioturi.lavocedelpaese.info\/index.php\/wp-json\/wp\/v2\/media\/8646"}],"wp:attachment":[{"href":"https:\/\/archivioturi.lavocedelpaese.info\/index.php\/wp-json\/wp\/v2\/media?parent=8648"}],"wp:term":[{"taxonomy":"category","embeddable":true,"href":"https:\/\/archivioturi.lavocedelpaese.info\/index.php\/wp-json\/wp\/v2\/categories?post=8648"},{"taxonomy":"post_tag","embeddable":true,"href":"https:\/\/archivioturi.lavocedelpaese.info\/index.php\/wp-json\/wp\/v2\/tags?post=8648"}],"curies":[{"name":"wp","href":"https:\/\/api.w.org\/{rel}","templated":true}]}}