{"id":8617,"date":"2012-04-02T06:55:58","date_gmt":"2012-04-02T06:55:58","guid":{"rendered":"https:\/\/archivioturi.lavocedelpaese.info\/index.php\/2012\/04\/02\/scuola-dellinfanzia-i-genitori-attendono-risposte\/"},"modified":"2012-04-02T06:55:58","modified_gmt":"2012-04-02T06:55:58","slug":"scuola-dellinfanzia-i-genitori-attendono-risposte","status":"publish","type":"post","link":"https:\/\/archivioturi.lavocedelpaese.info\/index.php\/2012\/04\/02\/scuola-dellinfanzia-i-genitori-attendono-risposte\/","title":{"rendered":"Scuola dell&#8217;infanzia: i genitori attendono risposte"},"content":{"rendered":"<p>&nbsp;<img loading=\"lazy\" decoding=\"async\" class=\" size-full wp-image-8614\" src=\"https:\/\/archivioturi.lavocedelpaese.info\/wp-content\/uploads\/2012\/04\/a.-via-ginestre.JPG\" width=\"320\" height=\"150\" alt=\"a. via ginestre\" style=\"margin-top: 0px; margin-right: 3px; margin-bottom: 0px; margin-left: 3px;\" \/><\/p>\n<p>Giungono alla nostra redazione segnalazioni circa il preoccupante futuro che si prospetta per gli insegnanti e gli operatori scolastici, oltre e soprattutto per i bambini che, come ci spiega il nostro lettore, dovrebbero essere nuovamente spostati in strutture alternative. &#8220;I bambini &#8211; ci avverte un genitore &#8211; rischiano seriamente di essere mandati nelle scuole dei paesi vicini&#8221;. Sono circa 100 le famiglie interessate da questa vicenda e che hanno cercato risposte negli Amministratori e nello stesso dirigente, P. Vern\u00ec.<\/p>\n<p>Il problema, ricordiamo ai nostri lettori, giunge all&#8217;indomani della sospensione delle attivit\u00e0 scolastiche nella Scuola dell&#8217;Infanzia di via Ginestre, la &#8220;San Giovanni Bosco&#8221;, dopo che una dolina aveva messo in allerta il personale scolastico e i genitori su possibili crolli strutturali. Le classi dell&#8217;infanzia, ospitate dallo scorso anno presso un plesso di via Cisternino, pare che non abbiano trovato nuova sistemazione per il prossimo anno scolastico 2012\/2013, poich\u00e8 lo spazio sarebbe da destinare alla scuola primaria.<\/p>\n<p>Seguiremo con attenzione la vicenda e pubblichiamo di seguito due comunicati giunti alla nostra redazione.<\/p>\n<p style=\"text-align: center;\"><span style=\"font-size: 14pt;\"><strong>Scuola: a rischio 125 posti<\/strong><\/span><\/p>\n<p style=\"text-align: justify;\"><img loading=\"lazy\" decoding=\"async\" class=\" alignleft size-full wp-image-8615\" style=\"margin-top: 10px; margin-right: 10px; margin-bottom: 10px; margin-left: 0px; float: left;\" src=\"https:\/\/archivioturi.lavocedelpaese.info\/wp-content\/uploads\/2012\/04\/lavi-orl.jpg\" alt=\"lavi orl\" width=\"128\" height=\"314\" srcset=\"https:\/\/archivioturi.lavocedelpaese.info\/wp-content\/uploads\/2012\/04\/lavi-orl.jpg 128w, https:\/\/archivioturi.lavocedelpaese.info\/wp-content\/uploads\/2012\/04\/lavi-orl-122x300.jpg 122w\" sizes=\"auto, (max-width: 128px) 100vw, 128px\" \/>I tempi della politica rischiano spesso di non coincidere con quelli dei problemi reali. Tantomeno in campagna elettorale, quando i problemi del paese diventano spesso soltanto motivi per costruire suggestivi slogan.<\/p>\n<p style=\"text-align: justify;\">Intanto a Turi la vita reale va avanti e le questioni che non vengono affrontate diventano pi\u00f9 grandi e destano sempre pi\u00f9 vive preoccupazioni.<\/p>\n<p style=\"text-align: justify;\"><strong>\u00c8 proprio raccogliendo le preoccupazioni di insegnanti e genitori che intendiamo porre all\u2019attenzione della comunit\u00e0 e degli organi competenti la questione della scuola dell\u2019infanzia turese.<\/strong><\/p>\n<p style=\"text-align: justify;\">Mesi fa, la scuola \u201cSan Giovanni Bosco\u201d \u00e8 stata trasferita da Via Ginestre a causa della pericolosit\u00e0 della dolina situata vicino all\u2019edificio. Il trasferimento ad un padiglione della scuola primaria ha comportato, di contro, il problema dell\u2019assenza di una mensa, finora risolto con la concessione di una proroga che permetteva di&nbsp; servire i pasti direttamente nelle classi.<\/p>\n<p style=\"text-align: justify;\">Tutto questo, per\u00f2, non sar\u00e0 consentito nel prossimo anno. Senza una mensa l\u2019Ufficio Scolastico Regionale e la ASL non ammetteranno la formazione di classi se non negli istituti con un locale per consumare i pasti e nelle scuole per le quali, ma solo per il prossimo anno scolastico 2012\/2013, vi sia un progetto comunale esecutivo funzionale alla costruzione di refettori.<\/p>\n<p style=\"text-align: justify;\"><strong>Ad oggi pare che non vi sia alcuno studio che dichiari in maniera oggettiva la sicurezza dell\u2019edificio di via Ginestre<\/strong>, l\u2019unico dotato di locali per la mensa. L\u2019apertura nel suolo \u00e8 diventata nel corso degli anni un\u2019autentica voragine di 4 metri di diametro, giunto a poco pi\u00f9 di un metro dalla parete dell\u2019istituto. \u00c8 un problema di sicurezza per la scuola, ma a questo punto diventa preoccupante anche per le abitazioni poste nei dintorni<strong>. Sempre ad oggi, pare che non vi sia alcun progetto esecutivo del comune per la costruzione dei locali per la refezione dei bambini.<\/strong><\/p>\n<p style=\"text-align: justify;\">Inadempienze del comune? Tempi tecnici? Che cosa sta accadendo realmente? Esiste un documento che accerti in via definitiva l\u2019agibilit\u00e0 della struttura in via Ginestre? Ad oggi pare di no.<\/p>\n<p style=\"text-align: justify;\">Tutto questo cosa comporta? I<strong>l rischio estremamente concreto \u00e8 di perdere classi con evidenti ricadute lavorative<\/strong>, dato che l\u2019organico dei docenti \u00e8 calibrato in base alle classi che si potranno formare, <strong>ma soprattutto di impedire la possibilit\u00e0 di offrire il servizio scolastico per pi\u00f9 di un centinaio di bambini<\/strong>. Il problema \u00e8 sempre quello. Una comunit\u00e0 in cui crescono gli appartamenti, ma diminuiscono i servizi \u00e8 destinata ad un impoverimento drammatico della qualit\u00e0 della vita.<\/p>\n<p style=\"text-align: justify;\">Parlare di un problema reale, in queste settimane, rischia di apparire come un tentativo di strumentalizzazione ad uso elettorale, ma tale sarebbe se cercassimo la facile polemica contro qualcuno. Non ci interessa questo.<\/p>\n<p style=\"text-align: justify;\">E\u2019 nostra ferma intenzione mettere in risalto il problema al fine di promuovere chiarezza sulla questione, reclamata da tanti cittadini, &nbsp;attendendo che qualcuno dal Comune ci spieghi come stanno esattamente le cose.<\/p>\n<p style=\"text-align: right;\"><strong><em>Lavinia Orlando<\/em><\/strong><\/p>\n<p style=\"text-align: right;\"><strong><em>Componente sez. locale PRC<\/em><\/strong><\/p>\n<p style=\"text-align: justify;\">&nbsp;<\/p>\n<p style=\"text-align: justify;\"><img loading=\"lazy\" decoding=\"async\" class=\" alignright size-full wp-image-8616\" style=\"margin-top: 10px; margin-right: 0px; margin-bottom: 10px; margin-left: 10px; float: right;\" src=\"https:\/\/archivioturi.lavocedelpaese.info\/wp-content\/uploads\/2012\/04\/Cattura.JPG\" alt=\"Cattura\" width=\"297\" height=\"191\" \/>La <strong>FLC-CGIL<\/strong> ha incontrato in questi giorni alcuni lavoratori della scuola dell\u2019infanzia di Turi raccogliendo le preoccupazioni degli stessi circa il futuro lavorativo reso incerto dalla mancanza di spazi idonei per la refezione, condizione propedeutica per l\u2019assegnazione degli organici. &nbsp;<\/p>\n<p style=\"text-align: justify;\">La vicenda, complessa e dalla lunga storia, sta assumendo caratteri preoccupanti alla luce dell\u2019esigenza di rispettare norme chiare che impongono la presenza di mensa in ogni plesso scolastico o di un progetto esecutivo di costruzione degli stessi.<\/p>\n<p style=\"text-align: justify;\">La situazione della struttura di Via Ginestre, inoltre, rende ancora pi\u00f9 allarmante la situazione alla luce della mancanza di documentazione che ne dichiari in maniera chiara l\u2019agibilit\u00e0.<\/p>\n<p style=\"text-align: justify;\">E\u2019 evidente che la ricaduta in termini occupazionali e di servizio all\u2019utenza risulterebbero gravemente danneggiati da una mancata risoluzione della vicenda. Sono a rischio numerose sezioni e la possibilit\u00e0 di garantire il servizio ad un centinaio di bambini.<\/p>\n<p style=\"text-align: justify;\">Accanto alle necessarie iniziative che la segreteria provinciale appronter\u00e0 nelle sedi opportune, al fine di favorire una corretta informazione che&nbsp; non generi allarmismi, ma provveda a fornire le doverose risposte ad utenti e lavoratori, la FLC intende promuovere un\u2019assemblea pubblica sulla questione auspicando &nbsp;di incontrare l\u2019adesione, assieme a lavoratori e genitori, dei soggetti maggiormente coinvolti nella vicenda, dagli organi collegiali del Circolo Didattico \u201cDe Donato Giannini\u201d &nbsp;a quelli politici competenti sul territorio.<\/p>\n<p style=\"text-align: right;\"><strong><em>Il referente territoriale<\/em><\/strong><\/p>\n<p style=\"text-align: right;\"><strong><em>Filippo Losacco<\/em><\/strong><\/p>\n<p style=\"text-align: justify;\">&nbsp;<\/p>\n","protected":false},"excerpt":{"rendered":"<p>&nbsp;<img loading=\"lazy\" decoding=\"async\" class=\" size-full wp-image-8614\" src=\"https:\/\/archivioturi.lavocedelpaese.info\/wp-content\/uploads\/2012\/04\/a.-via-ginestre.JPG\" width=\"320\" height=\"150\" alt=\"a. via ginestre\" style=\"margin-top: 0px; margin-right: 3px; margin-bottom: 0px; margin-left: 3px;\" \/><\/p>\n","protected":false},"author":1,"featured_media":8614,"comment_status":"open","ping_status":"closed","sticky":false,"template":"","format":"standard","meta":{"colormag_page_container_layout":"default_layout","colormag_page_sidebar_layout":"default_layout","footnotes":""},"categories":[7],"tags":[],"class_list":["post-8617","post","type-post","status-publish","format-standard","has-post-thumbnail","hentry","category-attualita"],"_links":{"self":[{"href":"https:\/\/archivioturi.lavocedelpaese.info\/index.php\/wp-json\/wp\/v2\/posts\/8617","targetHints":{"allow":["GET"]}}],"collection":[{"href":"https:\/\/archivioturi.lavocedelpaese.info\/index.php\/wp-json\/wp\/v2\/posts"}],"about":[{"href":"https:\/\/archivioturi.lavocedelpaese.info\/index.php\/wp-json\/wp\/v2\/types\/post"}],"author":[{"embeddable":true,"href":"https:\/\/archivioturi.lavocedelpaese.info\/index.php\/wp-json\/wp\/v2\/users\/1"}],"replies":[{"embeddable":true,"href":"https:\/\/archivioturi.lavocedelpaese.info\/index.php\/wp-json\/wp\/v2\/comments?post=8617"}],"version-history":[{"count":0,"href":"https:\/\/archivioturi.lavocedelpaese.info\/index.php\/wp-json\/wp\/v2\/posts\/8617\/revisions"}],"wp:featuredmedia":[{"embeddable":true,"href":"https:\/\/archivioturi.lavocedelpaese.info\/index.php\/wp-json\/wp\/v2\/media\/8614"}],"wp:attachment":[{"href":"https:\/\/archivioturi.lavocedelpaese.info\/index.php\/wp-json\/wp\/v2\/media?parent=8617"}],"wp:term":[{"taxonomy":"category","embeddable":true,"href":"https:\/\/archivioturi.lavocedelpaese.info\/index.php\/wp-json\/wp\/v2\/categories?post=8617"},{"taxonomy":"post_tag","embeddable":true,"href":"https:\/\/archivioturi.lavocedelpaese.info\/index.php\/wp-json\/wp\/v2\/tags?post=8617"}],"curies":[{"name":"wp","href":"https:\/\/api.w.org\/{rel}","templated":true}]}}