{"id":8569,"date":"2012-03-27T15:43:08","date_gmt":"2012-03-27T15:43:08","guid":{"rendered":"https:\/\/archivioturi.lavocedelpaese.info\/index.php\/2012\/03\/27\/tratti-damore-un-percorso-nella-primavera\/"},"modified":"2012-03-27T15:43:08","modified_gmt":"2012-03-27T15:43:08","slug":"tratti-damore-un-percorso-nella-primavera","status":"publish","type":"post","link":"https:\/\/archivioturi.lavocedelpaese.info\/index.php\/2012\/03\/27\/tratti-damore-un-percorso-nella-primavera\/","title":{"rendered":"\u201cTratti d\u2019Amore\u201d \u2026 un percorso nella Primavera"},"content":{"rendered":"<p><img loading=\"lazy\" decoding=\"async\" class=\" size-full wp-image-8568\" src=\"https:\/\/archivioturi.lavocedelpaese.info\/wp-content\/uploads\/2012\/03\/santissimo.JPG\" width=\"320\" height=\"150\" alt=\"santissimo\" style=\"margin-top: 0px; margin-right: 3px; margin-bottom: 0px; margin-left: 3px;\" srcset=\"https:\/\/archivioturi.lavocedelpaese.info\/wp-content\/uploads\/2012\/03\/santissimo.JPG 640w, https:\/\/archivioturi.lavocedelpaese.info\/wp-content\/uploads\/2012\/03\/santissimo-300x141.jpg 300w\" sizes=\"auto, (max-width: 320px) 100vw, 320px\" \/><\/p>\n<p style=\"text-align: justify;\">Che l&#8217;inverno fosse terminato e avessimo dato il buongiorno alla Primavera, ce ne eravamo accorti, ma le nuance, i suoi sapori, i suoi suoni sono stati sfilati nella suggestiva armonia del Relais &#8220;Il Santissimo&#8221;. Nella prima domenica della Primavera 2012,una location ideale per raccontare il risveglio dei sensi e delle passioni, in un tour che ha accompagnato i tantissimi intervenuti sin dalle prime ore di &#8220;Tratti d&#8217;Amore&#8221;.<\/p>\n<p style=\"text-align: justify;\">Nonostante l&#8217;apertura anticipata delle porte dell&#8217;antica residenza dei Caracciolo, nulla ha lasciato obiettare chi, solcando i primi spazi del Relais, ha odorato gli incanti che il paesaggio ha raccontato. La Primavera con le sue meraviglie naturali \u00e8 stato il liet motiv della manifestazione, dove tutto esprimeva la bellezza, l\u2019armonia, la suggestione e l\u2019incanto che la Primavera, divinizzata, racchiude nel suo insieme. E non poteva che aprirsi con l\u2019arte ricercata e mai banale dell\u2019artista turese Annarita Rossi, in arte RiR\u00f2. Le sue tele, insieme ai candidi busti femminili, hanno dato il benvenuto ai visitatori. Lenee, forme e composizioni perfette, di una bellezza senza tempo, catturati in toni caldi e passionali hanno incrociato le bellezze strutturali dello spazio ospitante, guidando l\u2019occhio osservatore a cogliere le successive espressioni.<\/p>\n<p style=\"text-align: justify;\">Allietati dalla musica del violino e della piccola orchestra, un tuffo nel mondo dei fiori d\u2019arancio, della bellezza e del piacere. In un percorso che prosegue con l\u2019agenzia Vierre Viaggi e il centro estetico Marilyn, un tocco di sartorialit\u00e0 cucito su misura nelle proposte della designer Silvia Orlandi. Perch\u00e9 il matrimonio \u00e8 anche casa, un tocco di classe o un\u2019idea originale, sono le stoffe che possono cucire i gusti personali, ma che si fa innovativo e coraggioso, mostrato attraverso la scelta della stessa Silvia Orlandi, di un tavolo creato in maniera alternativa. \u201cGli oggetti che disegno e che a volte produco personalmente sono pezzi unici, e soprattutto sono pezzi di cuore. Il legno, la mia passione, mi accompagna da sempre. Credo sia un materiale favoloso che esprime una filosofia senza pari. Il legno \u00e8 una manifestazione del tempo che passa e che lascia la sua traccia indelebile in una venatura, in un nodo e attraverso i suoi anelli che io amo tanto mettere in evidenza. Gli oggetti, secondo me hanno senso di esistere e di accompagnarci nella vita solo se noi ne capiamo il valore e il significato che esprimono\u201d. \u00c8 la natura che si fa parte integrante dell\u2019abitazione&nbsp; e che inneggia ad un incontro quotidiano con la Primavera.<\/p>\n<p style=\"text-align: justify;\">Dai confetti, alla fotografia, alla nuova collezione Gargano, il percorso lungo le immagini amorose \u00e8 proseguito lungo le realizzazioni artistiche di alcune pittrici, acconciatrici, stilisti, doci e torte d\u2019occasione e composizioni varie. Il tutto, raccontato attraverso una sfilata aperta dalla \u201cdea Primavera\u201d, che ha coinvolto i tanti ospiti in un percorso dal sapore tutto artistico ed innovativo.<\/p>\n<p><embed type=\"application\/x-shockwave-flash\" src=\"https:\/\/picasaweb.google.com\/s\/c\/bin\/slideshow.swf\" width=\"660\" height=\"660\" flashvars=\"host=picasaweb.google.com&#038;noautoplay=1&#038;hl=it&#038;feat=flashalbum&#038;RGB=0x000000&#038;feed=https%3A%2F%2Fpicasaweb.google.com%2Fdata%2Ffeed%2Fapi%2Fuser%2Fredazioneturiweb%2Falbumid%2F5724606820288059329%3Falt%3Drss%26kind%3Dphoto%26authkey%3DGv1sRgCIGp0L_KrozTTQ%26hl%3Dit\" pluginspage=\"http:\/\/www.macromedia.com\/go\/getflashplayer\"><\/embed><\/p>\n","protected":false},"excerpt":{"rendered":"<p><img loading=\"lazy\" decoding=\"async\" class=\" size-full wp-image-8568\" src=\"https:\/\/archivioturi.lavocedelpaese.info\/wp-content\/uploads\/2012\/03\/santissimo.JPG\" width=\"320\" height=\"150\" alt=\"santissimo\" style=\"margin-top: 0px; margin-right: 3px; margin-bottom: 0px; margin-left: 3px;\" srcset=\"https:\/\/archivioturi.lavocedelpaese.info\/wp-content\/uploads\/2012\/03\/santissimo.JPG 640w, https:\/\/archivioturi.lavocedelpaese.info\/wp-content\/uploads\/2012\/03\/santissimo-300x141.jpg 300w\" sizes=\"auto, (max-width: 320px) 100vw, 320px\" \/><\/p>\n","protected":false},"author":1,"featured_media":8568,"comment_status":"open","ping_status":"closed","sticky":false,"template":"","format":"standard","meta":{"colormag_page_container_layout":"default_layout","colormag_page_sidebar_layout":"default_layout","footnotes":""},"categories":[6],"tags":[],"class_list":["post-8569","post","type-post","status-publish","format-standard","has-post-thumbnail","hentry","category-cultura"],"_links":{"self":[{"href":"https:\/\/archivioturi.lavocedelpaese.info\/index.php\/wp-json\/wp\/v2\/posts\/8569","targetHints":{"allow":["GET"]}}],"collection":[{"href":"https:\/\/archivioturi.lavocedelpaese.info\/index.php\/wp-json\/wp\/v2\/posts"}],"about":[{"href":"https:\/\/archivioturi.lavocedelpaese.info\/index.php\/wp-json\/wp\/v2\/types\/post"}],"author":[{"embeddable":true,"href":"https:\/\/archivioturi.lavocedelpaese.info\/index.php\/wp-json\/wp\/v2\/users\/1"}],"replies":[{"embeddable":true,"href":"https:\/\/archivioturi.lavocedelpaese.info\/index.php\/wp-json\/wp\/v2\/comments?post=8569"}],"version-history":[{"count":0,"href":"https:\/\/archivioturi.lavocedelpaese.info\/index.php\/wp-json\/wp\/v2\/posts\/8569\/revisions"}],"wp:featuredmedia":[{"embeddable":true,"href":"https:\/\/archivioturi.lavocedelpaese.info\/index.php\/wp-json\/wp\/v2\/media\/8568"}],"wp:attachment":[{"href":"https:\/\/archivioturi.lavocedelpaese.info\/index.php\/wp-json\/wp\/v2\/media?parent=8569"}],"wp:term":[{"taxonomy":"category","embeddable":true,"href":"https:\/\/archivioturi.lavocedelpaese.info\/index.php\/wp-json\/wp\/v2\/categories?post=8569"},{"taxonomy":"post_tag","embeddable":true,"href":"https:\/\/archivioturi.lavocedelpaese.info\/index.php\/wp-json\/wp\/v2\/tags?post=8569"}],"curies":[{"name":"wp","href":"https:\/\/api.w.org\/{rel}","templated":true}]}}