{"id":856,"date":"2009-12-01T10:05:27","date_gmt":"2009-12-01T10:05:27","guid":{"rendered":"https:\/\/archivioturi.lavocedelpaese.info\/index.php\/2009\/12\/01\/lettera-firmata-qfatti-di-casa-nostra-q\/"},"modified":"2009-12-01T10:05:27","modified_gmt":"2009-12-01T10:05:27","slug":"lettera-firmata-qfatti-di-casa-nostra-q","status":"publish","type":"post","link":"https:\/\/archivioturi.lavocedelpaese.info\/index.php\/2009\/12\/01\/lettera-firmata-qfatti-di-casa-nostra-q\/","title":{"rendered":"LETTERA FIRMATA: &#8220;FATTI DI CASA NOSTRA !!!&#8221;"},"content":{"rendered":"<p><img loading=\"lazy\" decoding=\"async\" class=\" alignleft size-full wp-image-855\" style=\"margin: 5px; float: left;\" alt=\"lettera\" src=\"https:\/\/archivioturi.lavocedelpaese.info\/wp-content\/uploads\/2009\/12\/lettera.jpg\" width=\"320\" height=\"150\" srcset=\"https:\/\/archivioturi.lavocedelpaese.info\/wp-content\/uploads\/2009\/12\/lettera.jpg 640w, https:\/\/archivioturi.lavocedelpaese.info\/wp-content\/uploads\/2009\/12\/lettera-300x141.jpg 300w\" sizes=\"auto, (max-width: 320px) 100vw, 320px\" \/><\/p>\n<p>Ricordo che Albert Einstein diceva: due sono le cose che riescono sempre a sorprendermi: l\u2019immensit\u00e0 del creato e l\u2019imbecillit\u00e0 umana! Che volesse riferirsi a Turi?<\/p>\n<p>L\u2019ultima in ordine di tempo (di mia conoscenza): un signore che applica alla lettera la legge (&#8220;cosa encomiabile&#8221;, direte!) ha multato una \u201cFondazione Onlus\u201c del nostro paese. E fin qui, niente di male, perch\u00e9 la legge \u00e8 uguale per tutti! Ma il delitto di cui si \u00e8 macchiata la suddetta fondazione risale a 20 anni or sono, forse quando determinate leggi non c\u2019erano. Dico, forse.<\/p>\n<p>Ma il reato qual \u00e8? La suddetta Fondazione mise in quell\u2019epoca una freccia che indicava alle persone che ne avevano bisogno, la sua ubicazione. E per 20 anni nessuno ha avuto nulla da ridire. Ma l\u2019infrazione c\u2019\u00e8 stata ed \u00e8 giusto pagare la multa, cosa che gi\u00e0 \u00e8 stata fatta.<\/p>\n<p>Ci\u00f2 che offende il senso civico \u00e8 il modo poco corretto con cui \u00e8 stata trattata la dirigenza della Fondazione dal signore di cui sopra. Ed \u00e8 giusto, perch\u00e9 egli non \u00e8 a conoscenza delle persone con cui viene in contatto (non \u00e8 di Turi)! Ma i responsabili della civica amministrazione, da cui questo \u201csignore\u201c dipende, sono a conoscenza del modo in cui i concittadini vengono trattati?<\/p>\n<p>Con una legge del 1806 si pass\u00f2, nel Regno di Napoli, da sudditi a cittadini, l\u2019abbiamo forse dimenticato? La multa \u00e8 stata pagata, la famosa insegna con cui la Fondazione si faceva propaganda, \u00e8 stata rimossa! Ma rimane l\u2019amaro in bocca per la mancanza di tatto con cui si trattano le brave persone, che possono anche aver sbagliato, ma non essendoci dolo, si deve rispettare la buona fede .<\/p>\n<p>Mi auguro che qualcuno del palazzo legga il mio sfogo!<\/p>\n","protected":false},"excerpt":{"rendered":"<p><img loading=\"lazy\" decoding=\"async\" class=\" alignleft size-full wp-image-855\" style=\"margin: 5px; float: left;\" alt=\"lettera\" src=\"https:\/\/archivioturi.lavocedelpaese.info\/wp-content\/uploads\/2009\/12\/lettera.jpg\" width=\"320\" height=\"150\" srcset=\"https:\/\/archivioturi.lavocedelpaese.info\/wp-content\/uploads\/2009\/12\/lettera.jpg 640w, https:\/\/archivioturi.lavocedelpaese.info\/wp-content\/uploads\/2009\/12\/lettera-300x141.jpg 300w\" sizes=\"auto, (max-width: 320px) 100vw, 320px\" \/><\/p>\n","protected":false},"author":1,"featured_media":855,"comment_status":"open","ping_status":"closed","sticky":false,"template":"","format":"standard","meta":{"colormag_page_container_layout":"default_layout","colormag_page_sidebar_layout":"default_layout","footnotes":""},"categories":[9],"tags":[],"class_list":["post-856","post","type-post","status-publish","format-standard","has-post-thumbnail","hentry","category-la-voce-del-paese"],"_links":{"self":[{"href":"https:\/\/archivioturi.lavocedelpaese.info\/index.php\/wp-json\/wp\/v2\/posts\/856","targetHints":{"allow":["GET"]}}],"collection":[{"href":"https:\/\/archivioturi.lavocedelpaese.info\/index.php\/wp-json\/wp\/v2\/posts"}],"about":[{"href":"https:\/\/archivioturi.lavocedelpaese.info\/index.php\/wp-json\/wp\/v2\/types\/post"}],"author":[{"embeddable":true,"href":"https:\/\/archivioturi.lavocedelpaese.info\/index.php\/wp-json\/wp\/v2\/users\/1"}],"replies":[{"embeddable":true,"href":"https:\/\/archivioturi.lavocedelpaese.info\/index.php\/wp-json\/wp\/v2\/comments?post=856"}],"version-history":[{"count":0,"href":"https:\/\/archivioturi.lavocedelpaese.info\/index.php\/wp-json\/wp\/v2\/posts\/856\/revisions"}],"wp:featuredmedia":[{"embeddable":true,"href":"https:\/\/archivioturi.lavocedelpaese.info\/index.php\/wp-json\/wp\/v2\/media\/855"}],"wp:attachment":[{"href":"https:\/\/archivioturi.lavocedelpaese.info\/index.php\/wp-json\/wp\/v2\/media?parent=856"}],"wp:term":[{"taxonomy":"category","embeddable":true,"href":"https:\/\/archivioturi.lavocedelpaese.info\/index.php\/wp-json\/wp\/v2\/categories?post=856"},{"taxonomy":"post_tag","embeddable":true,"href":"https:\/\/archivioturi.lavocedelpaese.info\/index.php\/wp-json\/wp\/v2\/tags?post=856"}],"curies":[{"name":"wp","href":"https:\/\/api.w.org\/{rel}","templated":true}]}}