{"id":8485,"date":"2012-03-20T07:48:02","date_gmt":"2012-03-20T07:48:02","guid":{"rendered":"https:\/\/archivioturi.lavocedelpaese.info\/index.php\/2012\/03\/20\/ciliegie-terra-di-bari\/"},"modified":"2012-03-20T07:48:02","modified_gmt":"2012-03-20T07:48:02","slug":"ciliegie-terra-di-bari","status":"publish","type":"post","link":"https:\/\/archivioturi.lavocedelpaese.info\/index.php\/2012\/03\/20\/ciliegie-terra-di-bari\/","title":{"rendered":"Ciliegie Terra di Bari"},"content":{"rendered":"<p><img loading=\"lazy\" decoding=\"async\" class=\" size-full wp-image-2207\" src=\"https:\/\/archivioturi.lavocedelpaese.info\/wp-content\/uploads\/2010\/05\/2.jpg\" width=\"320\" height=\"150\" alt=\"2\" style=\"margin-top: 0px; margin-right: 3px; margin-bottom: 0px; margin-left: 3px;\" \/><\/p>\n<p>&nbsp;<\/p>\n<p>Marted\u00ec 13 marzo presso la Sala Giunta della Provincia di Bari, si \u00e8 tenuto un tavolo tecnico per la presentazione del progetto di valorizzazione e promozione &#8216;Ciliegie di Terra di Bari&#8217;.<\/p>\n<p>Regione Puglia, Provincia di Bari, Provincia Bat, Camera di Commercio di Bari, Gal &#8220;Sud Est barese&#8221;, Gal &#8220;Trulli e Barsento&#8221;, Gal &#8220;Ponte Lama&#8221; e Gal &#8220;Le citt\u00e0 di Castel del Monte&#8221;, organizzazioni professionali ed agricole delle Province di Bari e Bat, Amministrazioni comunali ricadenti nell&#8217;area di produzione del ciliegio, il Consorzio di Tutela e Valorizzazione delle Ciliegie e della frutta Tipica di Bisceglie e l&#8217;Associazione Citt\u00e0 delle Ciliegie hanno siglato un partenariato finalizzato alla valorizzazione e promozione delle ciliegie di Terra di Bari. \u00c8 quanto emerso nel corso dell&#8217;incontro presieduto dal Presidente della Provincia di Bari, Francesco Schittulli, e coordinato dagli assessori alle Attivit\u00e0 produttive e all&#8217;Agricoltura, rispettivamente Onofrio Resta e Francesco Caputo, per la realizzazione di un ampio ed innovativo progetto denominato &#8220;Valorizzazione e promozione ciliegie di Terra di Bari&#8221; oltre i confini regionali e nazionali per il quale sono gi\u00e0 stati stanziati 100 mila euro da parte della Provincia di Bari e 100 mila euro dal Consorzio di Tutela e Valorizzazione della Ciliegia e della Frutta Tipica di Bisceglie. L&#8217;iniziativa \u00e8 indirizzata principalmente al rafforzamento sul mercato delle ciliegia di Terra di Bari, attraverso un progetto di promozione che punti alla valorizzazione del legame tra il prodotto ed il suo territorio di appartenenza attraverso la sottoscrizione di un accordo di filiera con la Grande Distruzione Organizzata nazionale ed internazionale che detiene quote di mercato pari a circa l&#8217;80%.<\/p>\n<p>Al tavolo di presentazione, insieme al presidente, Francesco Schittulli, e agli assessori Onofrio Resta e Francesco Caputo, i rappresentanti dei Comuni a maggiore vocazione cerasicola del territorio provinciale, in particolare del sud \u2013 est barese, quali Turi e Conversano, e del nord barese, come Bisceglie, protagonisti del progetto in questione.<\/p>\n<p>&#8220;Questo \u00e8 uno dei progetti che la Consulta provinciale sulla cerasicoltura ha realizzato nel corso di questi tre anni &#8211; \u00e8 il commento dell&#8217;Assessore alle attivit\u00e0 produttive, Onofrio Resta &#8211; che pone l&#8217;accento sull&#8217;impegno della &#8220;Valorizzazione e promozione ciliegie di Terra di Bari&#8221; nei confronti del prodotto e dei suoi produttori, ma non tocca il campo della certificazione della ciliegia, che piuttosto segue altri percorsi&#8221;.<\/p>\n<p>L&#8217;obiettivo del progetto presentato in Provincia mira alla creazione di un coinvolgimento di pi\u00f9 partner, anche finanziariamente per accorciare la filiera e creare un rapporto diretto tra produttore e consumatore. &#8220;A questo si inserisce &#8211; aggiunge l&#8217;Assessore Resta &#8211; un incontro, il prossimo 13 aprile, tra il gruppo di coordinamento del progetto e la Grande distribuzione per valutare il piano d&#8217;azione&#8221;.<\/p>\n<p>&#8220;In tutto questo &#8211; come lo stesso promotore del progetto rimarca &#8211; \u00e8 fondamentale la collaborazione dei produttori che devono impegnarsi a creare un prodotto competitivo sul mercato seguendo le direttive del disciplinare&#8221;. &#8220;La ciliegia dovr\u00e0 essere identit\u00e0 di un territorio, con qualit\u00e0 e caratteristiche che la dovranno distinguere da altri prodotti; sar\u00e0 fondamentale in questo senso l&#8217;opera consorziale dei produttori, in grado di rispondere alle volont\u00e0 del mercato&#8221;.<\/p>\n<p>&#8220;In tale idea &#8211; rimarca &#8211; sar\u00e0 compreso il Piano di Marketing e comunicazione che si legheranno alla diffusione, nelle scuole o in settori pubblici, del prodotto e delle sue qualit\u00e0 ed applicazioni&#8221;. &#8220;Un accordo \u00e8 stato siglato con la COTUP per la diffusione delle ciliegie sulle navi da crociera e stiamo valutando anche una convenzione con la STOI per i villaggi turistici italiani&#8221;.<\/p>\n<p>Per quanto riguarda espressamente Turi, rimarca infine l&#8217;Assessore Onofrio Resta, stiamo valutando la realizzazione di un cortometraggio durante tutto il periodo della produzione e raccolta della ciliegia, che verr\u00e0 presentato al Teatro Petruzzelli durante una manifestazione nazionale itinerante che quest&#8217;anno sar\u00e0 realizzata a Bari. &#8220;La regia sar\u00e0 affidata a Lina Wertm\u00fcller&#8221; &#8211; commenta entusiasta l&#8217;assessore, aggiungendo che attraverso questo progetto cinematografico, finanziato con fondi europei e verso il quale sta puntando molta attenzione, sar\u00e0 dato ampio spazio anche a Turi affinch\u00e8 attraverso la ciliegia, uno dei suoi prodotti di maggior valore, sia fatto conoscere a livello nazionale ed internazionale tutti i tesori del territorio che la producono. &#8220;Non a caso, &#8211; rammenta con una nota di entusiasmo Resta, &#8211; il progetto prende il nome di Terra di Bari, nonostante collaborino come partenariato anche le realt\u00e0 di Bisceglie e della provincia BAT&#8221;.<\/p>\n","protected":false},"excerpt":{"rendered":"<p><img loading=\"lazy\" decoding=\"async\" class=\" size-full wp-image-2207\" src=\"https:\/\/archivioturi.lavocedelpaese.info\/wp-content\/uploads\/2010\/05\/2.jpg\" width=\"320\" height=\"150\" alt=\"2\" style=\"margin-top: 0px; margin-right: 3px; margin-bottom: 0px; margin-left: 3px;\" \/><\/p>\n","protected":false},"author":1,"featured_media":2207,"comment_status":"open","ping_status":"closed","sticky":false,"template":"","format":"standard","meta":{"colormag_page_container_layout":"default_layout","colormag_page_sidebar_layout":"default_layout","footnotes":""},"categories":[4],"tags":[],"class_list":["post-8485","post","type-post","status-publish","format-standard","has-post-thumbnail","hentry","category-politica"],"_links":{"self":[{"href":"https:\/\/archivioturi.lavocedelpaese.info\/index.php\/wp-json\/wp\/v2\/posts\/8485","targetHints":{"allow":["GET"]}}],"collection":[{"href":"https:\/\/archivioturi.lavocedelpaese.info\/index.php\/wp-json\/wp\/v2\/posts"}],"about":[{"href":"https:\/\/archivioturi.lavocedelpaese.info\/index.php\/wp-json\/wp\/v2\/types\/post"}],"author":[{"embeddable":true,"href":"https:\/\/archivioturi.lavocedelpaese.info\/index.php\/wp-json\/wp\/v2\/users\/1"}],"replies":[{"embeddable":true,"href":"https:\/\/archivioturi.lavocedelpaese.info\/index.php\/wp-json\/wp\/v2\/comments?post=8485"}],"version-history":[{"count":0,"href":"https:\/\/archivioturi.lavocedelpaese.info\/index.php\/wp-json\/wp\/v2\/posts\/8485\/revisions"}],"wp:featuredmedia":[{"embeddable":true,"href":"https:\/\/archivioturi.lavocedelpaese.info\/index.php\/wp-json\/wp\/v2\/media\/2207"}],"wp:attachment":[{"href":"https:\/\/archivioturi.lavocedelpaese.info\/index.php\/wp-json\/wp\/v2\/media?parent=8485"}],"wp:term":[{"taxonomy":"category","embeddable":true,"href":"https:\/\/archivioturi.lavocedelpaese.info\/index.php\/wp-json\/wp\/v2\/categories?post=8485"},{"taxonomy":"post_tag","embeddable":true,"href":"https:\/\/archivioturi.lavocedelpaese.info\/index.php\/wp-json\/wp\/v2\/tags?post=8485"}],"curies":[{"name":"wp","href":"https:\/\/api.w.org\/{rel}","templated":true}]}}