{"id":8484,"date":"2012-03-19T09:39:14","date_gmt":"2012-03-19T09:39:14","guid":{"rendered":"https:\/\/archivioturi.lavocedelpaese.info\/index.php\/2012\/03\/19\/concorso-fanove-di-san-giuseppe-e-tradizioni-2\/"},"modified":"2012-03-19T09:39:14","modified_gmt":"2012-03-19T09:39:14","slug":"concorso-fanove-di-san-giuseppe-e-tradizioni-2","status":"publish","type":"post","link":"https:\/\/archivioturi.lavocedelpaese.info\/index.php\/2012\/03\/19\/concorso-fanove-di-san-giuseppe-e-tradizioni-2\/","title":{"rendered":"Concorso \u201cFan\u00f2ve di San Giuseppe e tradizioni\u201d"},"content":{"rendered":"<p><img loading=\"lazy\" decoding=\"async\" class=\" size-full wp-image-8482\" src=\"https:\/\/archivioturi.lavocedelpaese.info\/wp-content\/uploads\/2012\/03\/fanove-2012-1.jpg\" width=\"320\" height=\"150\" alt=\"fanove-2012-1\" style=\"margin-top: 0px; margin-right: 3px; margin-bottom: 0px; margin-left: 3px;\" srcset=\"https:\/\/archivioturi.lavocedelpaese.info\/wp-content\/uploads\/2012\/03\/fanove-2012-1.jpg 320w, https:\/\/archivioturi.lavocedelpaese.info\/wp-content\/uploads\/2012\/03\/fanove-2012-1-300x141.jpg 300w\" sizes=\"auto, (max-width: 320px) 100vw, 320px\" \/><\/p>\n<p>&nbsp;<\/p>\n<p>\u00c8 tradizione del nostro Paese il 19 marzo, in occasione di San Giuseppe accendere un fal\u00f2; quest\u2019anno, a causa dell\u2019indisponibilit\u00e0 di Largo pozzi, l\u2019Associazione Nuova Pro Loco in collaborazione con l\u2019Amministrazione Comunale ha organizzato un concorso a premi denominato \u201c<i>Fan\u00f2ve di San Giuseppe e tradizioni<\/i>\u201d con la finalit\u00e0 di rievocare e rivalutare l\u2019antica tradizione di accendere questi&nbsp; fuochi con usi, costumi e sapori della civilt\u00e0 turese.<\/p>\n<p>Al concorso, la cui data di iscrizione \u00e8 scaduta lo scorso 13 marzo, hanno potuto prendere parte tutti i cittadini maggiorenni che risiedono a Turi, comprese le associazioni, gruppi e comitati. Fondamentale \u00e8 stata la presentazione della domanda di partecipazione che \u00e8 stata raccolta nei giorni scorsi presso gli Uffici Comunali.<\/p>\n<p>A gareggiare, infatti, saranno in Piazza Stazione, il gruppo Scout 1; in via Forno Comunale 32 il fal\u00f2 a cura della signora Lieggi Aurelia, in Via Vittorio Veneto il fal\u00f2 a cura del Comitato &#8216;Madonna del Rosario&#8217;; e in Piazza Capitano Colapietro il fal\u00f2 a cura dell&#8217;Associazione Mule del Carro di Sant&#8217;Oronzo. <b>Per i ritardatari, comunque, \u00e8 ancora possibile iscriversi al concorso!<\/b><\/p>\n<p>Per tutti i partecipanti varranno le stesse regole: la catasta deve essere posizionata su lamiera di ferro posta su tufi o in alternativa su uno strato di almeno 30cm di ghiaia; la catasta non deve superare il metro di altezza e deve essere posizionata a distanza di sicurezza dalle abitazioni; obbligatoriamente deve essere presentata istanza presso il Comando di Polizia Municipale e in seguito alla ricevuta dell\u2019autorizzazione, \u00e8 necessario comunicare la partecipazione al soggetto promotore.<\/p>\n<p>Ogni fan\u00f2va sar\u00e0 giudicata da una commissione composta dal Sindaco, dal Presidente della Pro Loco e da due membri di associazione esterne tra cui un esperto di storia e tradizioni turesi.<\/p>\n<p>Come ha precisato Rina Spinelli, la valutazione sar\u00e0 effettuata in base alla scelta del luogo, alla creativit\u00e0 nella forma, alla rievocazione degli usi e costumi del territorio e dei sapori locali.<\/p>\n<p>Al termine della valutazione sar\u00e0 stilata la graduatoria dei primi tre classificati ai quali sar\u00e0 riconosciuto:<\/p>\n<p>al 1\u00b0 classificato un buono di \u20ac 300,00;<\/p>\n<p>al 2\u00b0 classificato un buono di \u20ac 200,00;<\/p>\n<p>al 3\u00b0 classificato un buono di \u20ac 100,00;<\/p>\n<p>Largo alla fantasia e alla creativit\u00e0 e perch\u00e9 no, anche ai vecchi ricordi!<\/p>\n<p><img loading=\"lazy\" decoding=\"async\" class=\" size-full wp-image-8483\" src=\"https:\/\/archivioturi.lavocedelpaese.info\/wp-content\/uploads\/2012\/03\/Contenuti_5394-2.jpg\" width=\"640\" height=\"915\" alt=\"Contenuti 5394-2\" style=\"margin-top: 0px; margin-right: 3px; margin-bottom: 0px; margin-left: 3px;\" srcset=\"https:\/\/archivioturi.lavocedelpaese.info\/wp-content\/uploads\/2012\/03\/Contenuti_5394-2.jpg 640w, https:\/\/archivioturi.lavocedelpaese.info\/wp-content\/uploads\/2012\/03\/Contenuti_5394-2-210x300.jpg 210w\" sizes=\"auto, (max-width: 640px) 100vw, 640px\" \/><\/p>\n","protected":false},"excerpt":{"rendered":"<p><img loading=\"lazy\" decoding=\"async\" class=\" size-full wp-image-8482\" src=\"https:\/\/archivioturi.lavocedelpaese.info\/wp-content\/uploads\/2012\/03\/fanove-2012-1.jpg\" width=\"320\" height=\"150\" alt=\"fanove-2012-1\" style=\"margin-top: 0px; margin-right: 3px; margin-bottom: 0px; margin-left: 3px;\" srcset=\"https:\/\/archivioturi.lavocedelpaese.info\/wp-content\/uploads\/2012\/03\/fanove-2012-1.jpg 320w, https:\/\/archivioturi.lavocedelpaese.info\/wp-content\/uploads\/2012\/03\/fanove-2012-1-300x141.jpg 300w\" sizes=\"auto, (max-width: 320px) 100vw, 320px\" \/><\/p>\n","protected":false},"author":1,"featured_media":8482,"comment_status":"open","ping_status":"closed","sticky":false,"template":"","format":"standard","meta":{"colormag_page_container_layout":"default_layout","colormag_page_sidebar_layout":"default_layout","footnotes":""},"categories":[7],"tags":[],"class_list":["post-8484","post","type-post","status-publish","format-standard","has-post-thumbnail","hentry","category-attualita"],"_links":{"self":[{"href":"https:\/\/archivioturi.lavocedelpaese.info\/index.php\/wp-json\/wp\/v2\/posts\/8484","targetHints":{"allow":["GET"]}}],"collection":[{"href":"https:\/\/archivioturi.lavocedelpaese.info\/index.php\/wp-json\/wp\/v2\/posts"}],"about":[{"href":"https:\/\/archivioturi.lavocedelpaese.info\/index.php\/wp-json\/wp\/v2\/types\/post"}],"author":[{"embeddable":true,"href":"https:\/\/archivioturi.lavocedelpaese.info\/index.php\/wp-json\/wp\/v2\/users\/1"}],"replies":[{"embeddable":true,"href":"https:\/\/archivioturi.lavocedelpaese.info\/index.php\/wp-json\/wp\/v2\/comments?post=8484"}],"version-history":[{"count":0,"href":"https:\/\/archivioturi.lavocedelpaese.info\/index.php\/wp-json\/wp\/v2\/posts\/8484\/revisions"}],"wp:featuredmedia":[{"embeddable":true,"href":"https:\/\/archivioturi.lavocedelpaese.info\/index.php\/wp-json\/wp\/v2\/media\/8482"}],"wp:attachment":[{"href":"https:\/\/archivioturi.lavocedelpaese.info\/index.php\/wp-json\/wp\/v2\/media?parent=8484"}],"wp:term":[{"taxonomy":"category","embeddable":true,"href":"https:\/\/archivioturi.lavocedelpaese.info\/index.php\/wp-json\/wp\/v2\/categories?post=8484"},{"taxonomy":"post_tag","embeddable":true,"href":"https:\/\/archivioturi.lavocedelpaese.info\/index.php\/wp-json\/wp\/v2\/tags?post=8484"}],"curies":[{"name":"wp","href":"https:\/\/api.w.org\/{rel}","templated":true}]}}