{"id":8426,"date":"2012-03-13T09:52:13","date_gmt":"2012-03-13T09:52:13","guid":{"rendered":"https:\/\/archivioturi.lavocedelpaese.info\/index.php\/2012\/03\/13\/e-adesso-dovranno-uscire-tutti-allo-scoperto\/"},"modified":"2012-03-13T09:52:13","modified_gmt":"2012-03-13T09:52:13","slug":"e-adesso-dovranno-uscire-tutti-allo-scoperto","status":"publish","type":"post","link":"https:\/\/archivioturi.lavocedelpaese.info\/index.php\/2012\/03\/13\/e-adesso-dovranno-uscire-tutti-allo-scoperto\/","title":{"rendered":"E adesso dovranno uscire tutti allo scoperto\u2026"},"content":{"rendered":"<p style=\"text-align: justify;\"><img loading=\"lazy\" decoding=\"async\" class=\" size-full wp-image-8425\" src=\"https:\/\/archivioturi.lavocedelpaese.info\/wp-content\/uploads\/2012\/03\/primarie1.jpg\" width=\"320\" height=\"150\" alt=\"primarie1\" style=\"margin-top: 0px; margin-right: 3px; margin-bottom: 0px; margin-left: 3px;\" \/><\/p>\n<p style=\"text-align: justify;\">Il centro-sinistra di Turi, all&#8217;ultimo minuto, dice s\u00ec alle Primarie. Decisione ponderata, forse troppo ponderata e sofferta, che si \u00e8 resa necessaria per riuscire a dipanare la matassa e permettere di far fare finalmente chiarezza a quei politici che hanno sempre rimandato ogni decisione, vuoi per timore di sbagliare, vuoi per non inimicarsi un futuro probabile alleato politico. Tanti i dubbi, tante le incertezze e le paure in questo centro-sinistra turese dagli atteggiamenti tipici di chi si trova bene nello status quo e non vuole crescere mai. Imbambolato, imbalsamato, impietrito e\u2026 impoverito d&#8217;idee, contenuti, curiosit\u00e0. Mentre Bersani, dall\u2019alto della sua segreteria nazionale del Partito democratico, per colpa delle Primarie le sta prendendo di santa ragione e, cazzu\u00f2la in mano, schivando calcinacci e con l\u2019elmetto in testa, vede il centro-sinistra come un antico palazzo che \u00e8 ridotto proprio male e il suo Pd spaccato in due, in tre, come ciliegie Ferrovie dopo una notte di pioggia e nebbia annessa. Comunque, siamo e rimaniamo dell\u2019avviso che sia sempre meglio una sonora bocciatura dopo un chiarimento vis-a-vis, che un continuo vivere ai limiti di una ipocrisia accettata come cosa buona e giusta.<\/p>\n<p style=\"text-align: justify;\">Ma vediamo quali potrebbero essere i candidati-sindaci a proporsi per le Primarie, con relativa percentuale. Nico Catalano (90%) \u00e8 il candidato di Sel ed \u00e8 il pi\u00f9 certo di essere della partita. Il Pd, per allargare la coalizione, cercher\u00e0 di \u2018portare\u2019 Mimmo Leogrande (80%) che, per forza di cose, dovr\u00e0 \u201cscoprirsi\u201d e, o approda nel centro-sinistra, oppure con l\u2019appoggio di Boccardi, vira di bordo e si colloca in una lista civica di centro-destra. A questo punto per\u00f2 \u2018inguaia\u2019 Tina Resta (60%) che ha tre possibilit\u00e0 e pu\u00f2 scegliere: 1) Va con Mimmo Leogrande e toglie ogni dubbio su come la pensi e dove sia politicamente posizionata. 2) Si stacca da Mimmo, va a fare le primarie come candidato del Pd, le vince e sfida l\u2019amico Leogrande a chi dei due potr\u00e0 essere il nuovo sindaco di Turi. 3) Si ritira dalla politica. Va a casa ma prima rilascia la seguente dichiarazione: \u201cLa politica non \u00e8 per me e non posso fare il candidato-sindaco. Io non sono n\u00e9 accomodante n\u00e9 accondiscendente. Quindi\u2026\u201d A quel punto il Pd ha due opzioni: o mette in campo Menino Coppi (40%) alle Primarie ma, se non \u2018entrano\u2019 Paolo Tundo (probabile) e Franco Mercieri (molto poco probabile), Menino perde malamente. La seconda opzione vedrebbe Risplendente (30%) in lista come candidato.<\/p>\n<p style=\"text-align: justify;\">Intanto, a centro-destra, Onofrio Resta\u2026 (Continua, prossimamente!).<\/p>\n","protected":false},"excerpt":{"rendered":"<p style=\"text-align: justify;\"><img loading=\"lazy\" decoding=\"async\" class=\" size-full wp-image-8425\" src=\"https:\/\/archivioturi.lavocedelpaese.info\/wp-content\/uploads\/2012\/03\/primarie1.jpg\" width=\"320\" height=\"150\" alt=\"primarie1\" style=\"margin-top: 0px; margin-right: 3px; margin-bottom: 0px; margin-left: 3px;\" \/><\/p>\n","protected":false},"author":1,"featured_media":8425,"comment_status":"open","ping_status":"closed","sticky":false,"template":"","format":"standard","meta":{"colormag_page_container_layout":"default_layout","colormag_page_sidebar_layout":"default_layout","footnotes":""},"categories":[4],"tags":[],"class_list":["post-8426","post","type-post","status-publish","format-standard","has-post-thumbnail","hentry","category-politica"],"_links":{"self":[{"href":"https:\/\/archivioturi.lavocedelpaese.info\/index.php\/wp-json\/wp\/v2\/posts\/8426","targetHints":{"allow":["GET"]}}],"collection":[{"href":"https:\/\/archivioturi.lavocedelpaese.info\/index.php\/wp-json\/wp\/v2\/posts"}],"about":[{"href":"https:\/\/archivioturi.lavocedelpaese.info\/index.php\/wp-json\/wp\/v2\/types\/post"}],"author":[{"embeddable":true,"href":"https:\/\/archivioturi.lavocedelpaese.info\/index.php\/wp-json\/wp\/v2\/users\/1"}],"replies":[{"embeddable":true,"href":"https:\/\/archivioturi.lavocedelpaese.info\/index.php\/wp-json\/wp\/v2\/comments?post=8426"}],"version-history":[{"count":0,"href":"https:\/\/archivioturi.lavocedelpaese.info\/index.php\/wp-json\/wp\/v2\/posts\/8426\/revisions"}],"wp:featuredmedia":[{"embeddable":true,"href":"https:\/\/archivioturi.lavocedelpaese.info\/index.php\/wp-json\/wp\/v2\/media\/8425"}],"wp:attachment":[{"href":"https:\/\/archivioturi.lavocedelpaese.info\/index.php\/wp-json\/wp\/v2\/media?parent=8426"}],"wp:term":[{"taxonomy":"category","embeddable":true,"href":"https:\/\/archivioturi.lavocedelpaese.info\/index.php\/wp-json\/wp\/v2\/categories?post=8426"},{"taxonomy":"post_tag","embeddable":true,"href":"https:\/\/archivioturi.lavocedelpaese.info\/index.php\/wp-json\/wp\/v2\/tags?post=8426"}],"curies":[{"name":"wp","href":"https:\/\/api.w.org\/{rel}","templated":true}]}}