{"id":841,"date":"2009-11-29T20:41:54","date_gmt":"2009-11-29T20:41:54","guid":{"rendered":"https:\/\/archivioturi.lavocedelpaese.info\/index.php\/2009\/11\/29\/qla-voce-del-paeseq-compie-un-anno-il-sogno-continua\/"},"modified":"2009-11-29T20:41:54","modified_gmt":"2009-11-29T20:41:54","slug":"qla-voce-del-paeseq-compie-un-anno-il-sogno-continua","status":"publish","type":"post","link":"https:\/\/archivioturi.lavocedelpaese.info\/index.php\/2009\/11\/29\/qla-voce-del-paeseq-compie-un-anno-il-sogno-continua\/","title":{"rendered":"&#8220;LA VOCE DEL PAESE&#8221; COMPIE UN ANNO. IL SOGNO CONTINUA"},"content":{"rendered":"<p><img loading=\"lazy\" decoding=\"async\" class=\" alignleft size-full wp-image-840\" style=\"margin: 5px; float: left;\" alt=\"compleanno-la-voce-del-paese\" src=\"https:\/\/archivioturi.lavocedelpaese.info\/wp-content\/uploads\/2009\/11\/compleanno-la-voce-del-paese.jpg\" height=\"150\" width=\"320\" srcset=\"https:\/\/archivioturi.lavocedelpaese.info\/wp-content\/uploads\/2009\/11\/compleanno-la-voce-del-paese.jpg 640w, https:\/\/archivioturi.lavocedelpaese.info\/wp-content\/uploads\/2009\/11\/compleanno-la-voce-del-paese-300x141.jpg 300w\" sizes=\"auto, (max-width: 320px) 100vw, 320px\" \/> <\/p>\n<p style=\"text-align: justify;\">Un anno fa, il 28 novembre 2008, nasceva la testata giornalistica &#8220;La voce del Paese&#8221;, la mamma di tutto il network.<\/p>\n<div style=\"text-align: justify;\"><\/div>\n<p style=\"text-align: justify;\">In un anno i paesi che appartengono alla rete sono diventati 11: <strong><a href=\"http:\/\/www.lavocedelpaese.it\/adsopenx\/www\/delivery\/ck.php?oaparams=2__bannerid=56__zoneid=296__cb=eaef02d3c7__oadest=http:\/\/www.acquavivanet.it\/\" target=\"_blank\" rel=\"noopener\"><strong> <\/strong>Acquaviva delle Fonti<\/a><\/strong><strong>,<\/strong><strong> <\/strong><a href=\"http:\/\/www.lavocedelpaese.it\/adsopenx\/www\/delivery\/ck.php?oaparams=2__bannerid=56__zoneid=296__cb=eaef02d3c7__oadest=http:\/\/www.cassanoweb.it\/\" target=\"_blank\" rel=\"noopener\"><strong>Cassano delle Murge<\/strong><\/a><strong>, <\/strong><a href=\"http:\/\/www.lavocedelpaese.it\/adsopenx\/www\/delivery\/ck.php?oaparams=2__bannerid=56__zoneid=296__cb=eaef02d3c7__oadest=http:\/\/www.conversanoweb.com\/\" target=\"_blank\" rel=\"noopener\"><strong>Conversano<\/strong><\/a><strong>,<\/strong><strong> <\/strong><a href=\"http:\/\/www.lavocedelpaese.it\/adsopenx\/www\/delivery\/ck.php?oaparams=2__bannerid=56__zoneid=296__cb=eaef02d3c7__oadest=http:\/\/www.monopolitube.it\/\" target=\"_blank\" rel=\"noopener\"><strong>Monopoli<\/strong><\/a><strong>,<\/strong><strong> <\/strong><a href=\"http:\/\/www.lavocedelpaese.it\/adsopenx\/www\/delivery\/ck.php?oaparams=2__bannerid=56__zoneid=296__cb=eaef02d3c7__oadest=http:\/\/www.noicattaroweb.it\/\" target=\"_blank\" rel=\"noopener\"><strong>Noicattaro<\/strong><\/a><strong>, <\/strong><a href=\"http:\/\/www.lavocedelpaese.it\/adsopenx\/www\/delivery\/ck.php?oaparams=2__bannerid=56__zoneid=296__cb=eaef02d3c7__oadest=http:\/\/www.polignanoweb.it\/\" target=\"_blank\" rel=\"noopener\"><strong>Polignano a Mare<\/strong><\/a><strong>, <\/strong><a href=\"http:\/\/www.lavocedelpaese.it\/adsopenx\/www\/delivery\/ck.php?oaparams=2__bannerid=56__zoneid=296__cb=eaef02d3c7__oadest=http:\/\/www.putignanoweb.it\/\" target=\"_blank\" rel=\"noopener\"><strong>Putignano<\/strong><\/a><strong>, <\/strong><a href=\"http:\/\/www.lavocedelpaese.it\/adsopenx\/www\/delivery\/ck.php?oaparams=2__bannerid=56__zoneid=296__cb=eaef02d3c7__oadest=http:\/\/www.rutiglianoweb.it\/\" target=\"_blank\" rel=\"noopener\"><strong>Rutigliano<\/strong><\/a><strong>, <\/strong><a href=\"http:\/\/www.lavocedelpaese.it\/adsopenx\/www\/delivery\/ck.php?oaparams=2__bannerid=56__zoneid=296__cb=eaef02d3c7__oadest=http:\/\/www.sammicheleweb.it\/\" target=\"_blank\" rel=\"noopener\"><strong>Sammichele di Bari<\/strong><\/a><strong>, <\/strong><a href=\"http:\/\/www.lavocedelpaese.it\/adsopenx\/www\/delivery\/ck.php?oaparams=2__bannerid=56__zoneid=296__cb=eaef02d3c7__oadest=http:\/\/www.santeramoweb.com\/\" target=\"_blank\" rel=\"noopener\"><strong>Santeramo in Colle<\/strong><\/a><strong> e <\/strong><a href=\"http:\/\/www.lavocedelpaese.it\/adsopenx\/www\/delivery\/ck.php?oaparams=2__bannerid=56__zoneid=296__cb=eaef02d3c7__oadest=http:\/\/www.turiweb.it\/\" target=\"_blank\" rel=\"noopener\"><strong>Turi<\/strong><\/a>.<\/p>\n<div style=\"text-align: justify;\"><\/div>\n<p style=\"text-align: justify;\">Ieri sera 25 componenti di alcune delle redazioni si sono ritrovati presso la pizzeria &#8220;La Luna D&#8217;Oro&#8221;, a Turi, per spegnere la prima candelina del giornale online.<\/p>\n<div style=\"text-align: justify;\"><\/div>\n<p style=\"text-align: justify;\">Erano presenti alla cena anche il <strong>direttore, dott. Nicola Teofilo<\/strong>, e l&#8217;<strong>amministratore, dott. Fabrizio Lerede<\/strong>.<\/p>\n<div style=\"text-align: justify;\"><\/div>\n<p style=\"text-align: justify;\">La serata \u00e8 andata avanti per diverse ore, in tranquillit\u00e0, incentrata sulle tematiche del network, le caratteristiche di ogni sito, le aspettative, i progetti futuri, ma soprattutto sul divertimento e l&#8217;occasione per i componenti delle varie redazioni di conoscersi.<\/p>\n<div style=\"text-align: justify;\"><\/div>\n<p style=\"text-align: justify;\">Vi ricordiamo che ogni sito nasce con <strong>l\u2019idea di<\/strong> diventare \u201cla voce del paese\u201d. <strong>Uno spazio comune aperto a tutti <\/strong>che sia strumento di connessione fra cittadini, associazioni e istituzioni, capace di generare incontri, relazioni e partecipazione. Uno spazio virtuale dinamico che diverr\u00e0 anche quello che i partecipanti determineranno. <strong>Un portale di informazione interattiva, <\/strong>uno strumento di cittadinanza attiva, un luogo di relazione fra cittadini residenti ed emigrati, una finestra promozionale del nostro paese.<\/p>\n<p> <strong>Questi siti sono per tutti noi,<\/strong> perch\u00e9 crediamo che tutti i cittadini siano portatori di valori e conoscenze spesso nascoste. Perch\u00e9 crediamo che \u201cla possibilit\u00e0 stessa di connettersi con i propri simili, di esercitare attivit\u00e0 economiche, di creare comunit\u00e0 in rete, di dare significato all\u2019esistenza, \u00e8 sempre pi\u00f9 vincolata alle nuove forme di comunicazione elettronica\u2026 l\u2019era dell\u2019accesso costringer\u00e0 ciascuno di noi a porsi delle domande fondamentali su come rimodellare le relazioni fra gli essere umani\u2026 La risposta a queste domande determiner\u00e0, nel ventunesimo secolo, la natura della societ\u00e0 che creeremo per noi e per le generazioni a venire (Rifkin)\u201d.<\/p>\n<p> <strong>Saremo felicissimi se anche tu volessi partecipare e collaborare a questo progetto. Basta una e-mail all&#8217;indirizzo info@lavocedelpaese.it <\/strong><\/p>\n<div style=\"text-align: justify;\"><\/div>\n<p style=\"text-align: justify;\">Di seguito vi proponiamo una fotogallery della bella festa di ieri.<\/p>\n<p style=\"text-align: justify;\">Visita http:\/\/picasaweb.google.it\/redazioneturiweb\/  2009\/cena-lavocedelpaese{\/gallery}<\/p>\n","protected":false},"excerpt":{"rendered":"<p><img loading=\"lazy\" decoding=\"async\" class=\" alignleft size-full wp-image-840\" style=\"margin: 5px; float: left;\" alt=\"compleanno-la-voce-del-paese\" src=\"https:\/\/archivioturi.lavocedelpaese.info\/wp-content\/uploads\/2009\/11\/compleanno-la-voce-del-paese.jpg\" height=\"150\" width=\"320\" srcset=\"https:\/\/archivioturi.lavocedelpaese.info\/wp-content\/uploads\/2009\/11\/compleanno-la-voce-del-paese.jpg 640w, https:\/\/archivioturi.lavocedelpaese.info\/wp-content\/uploads\/2009\/11\/compleanno-la-voce-del-paese-300x141.jpg 300w\" sizes=\"auto, (max-width: 320px) 100vw, 320px\" \/> <\/p>\n","protected":false},"author":1,"featured_media":840,"comment_status":"open","ping_status":"closed","sticky":false,"template":"","format":"standard","meta":{"colormag_page_container_layout":"default_layout","colormag_page_sidebar_layout":"default_layout","footnotes":""},"categories":[9],"tags":[],"class_list":["post-841","post","type-post","status-publish","format-standard","has-post-thumbnail","hentry","category-la-voce-del-paese"],"_links":{"self":[{"href":"https:\/\/archivioturi.lavocedelpaese.info\/index.php\/wp-json\/wp\/v2\/posts\/841","targetHints":{"allow":["GET"]}}],"collection":[{"href":"https:\/\/archivioturi.lavocedelpaese.info\/index.php\/wp-json\/wp\/v2\/posts"}],"about":[{"href":"https:\/\/archivioturi.lavocedelpaese.info\/index.php\/wp-json\/wp\/v2\/types\/post"}],"author":[{"embeddable":true,"href":"https:\/\/archivioturi.lavocedelpaese.info\/index.php\/wp-json\/wp\/v2\/users\/1"}],"replies":[{"embeddable":true,"href":"https:\/\/archivioturi.lavocedelpaese.info\/index.php\/wp-json\/wp\/v2\/comments?post=841"}],"version-history":[{"count":0,"href":"https:\/\/archivioturi.lavocedelpaese.info\/index.php\/wp-json\/wp\/v2\/posts\/841\/revisions"}],"wp:featuredmedia":[{"embeddable":true,"href":"https:\/\/archivioturi.lavocedelpaese.info\/index.php\/wp-json\/wp\/v2\/media\/840"}],"wp:attachment":[{"href":"https:\/\/archivioturi.lavocedelpaese.info\/index.php\/wp-json\/wp\/v2\/media?parent=841"}],"wp:term":[{"taxonomy":"category","embeddable":true,"href":"https:\/\/archivioturi.lavocedelpaese.info\/index.php\/wp-json\/wp\/v2\/categories?post=841"},{"taxonomy":"post_tag","embeddable":true,"href":"https:\/\/archivioturi.lavocedelpaese.info\/index.php\/wp-json\/wp\/v2\/tags?post=841"}],"curies":[{"name":"wp","href":"https:\/\/api.w.org\/{rel}","templated":true}]}}